{"id":89,"date":"2010-10-03T17:06:22","date_gmt":"2010-10-03T15:06:22","guid":{"rendered":"https:\/\/www.betriebundgewerkschaft-bw.de\/?p=89"},"modified":"2011-08-15T10:41:18","modified_gmt":"2011-08-15T08:41:18","slug":"parteivorstand-der-linken-fur-starkung-der-tarifmacht","status":"publish","type":"post","link":"https:\/\/www.betriebundgewerkschaft-bw.de\/?p=89","title":{"rendered":"Parteivorstand der LINKEN f\u00fcr St\u00e4rkung der Tarifmacht"},"content":{"rendered":"<p><em>Beschluss des Parteivorstandes vom 25. September 2010<\/em><\/p>\n<p><em>Der Parteivorstand beschlie\u00dft die nachfolgende Erkl\u00e4rung zur St\u00e4rkung der Tarifmacht<\/em><\/p>\n<p>DIE LINKE ist f\u00fcr starke Gewerkschaften. Nur mit einer hohen Durchsetzungskraft k\u00f6nnen insbesondere mit Tarifvertr\u00e4gen die Interessen der Besch\u00e4ftigten durchgesetzt werden.<\/p>\n<p>Zur Durchsetzungsmacht geh\u00f6rt ein geschlossenes und solidarisches Handeln der Besch\u00e4ftigten. Deshalb ist es wichtig, dass das Prinzip &#8222;ein Betrieb, eine Gewerkschaft&#8220; verwirklicht wird. Zur gewerkschaftlichen Solidarit\u00e4t geh\u00f6rt auch, dass die St\u00e4rkeren mit ihrer Durchsetzungsmacht zugleich sich f\u00fcr die Schw\u00e4cheren einsetzen.<!--more--><\/p>\n<p>DIE LINKE wird alles unterst\u00fctzen, was die gewerkschaftlichen Handlungsm\u00f6glichkeiten verbessert. Hierzu geh\u00f6rt vor allem die R\u00fcckabwicklung der Agenda 2010, insbesondere die Regulierung der Leiharbeit und der befristeten Besch\u00e4ftigung. Und nat\u00fcrlich die \u00dcberwindung von Hartz IV mit seinen repressiven Elementen. Wir sind auch daf\u00fcr die rechtlichen Rahmenbedingungen zu st\u00e4rken. Hierzu geh\u00f6ren die Einf\u00fchrung eines Verbandsklagerechtes sowie verbesserte M\u00f6glichkeiten zur Erlangung der Allgemeinverbindlichkeit.<\/p>\n<p>DIE LINKE wendet sich aber gegen Bestrebungen, durch Eingriff in das Tarifvertragsrecht oder in das Grundgesetz die Tarifeinheit in den Betrieben wieder herstellen zu wollen. Wir sind der Auffassung, dass diese nur durch politische und organisatorische Ma\u00dfnahmen durchgesetzt werden kann.<\/p>\n<p>Einer Einschr\u00e4nkung des Streikrechts stimmt DIE LINKE nicht zu. Im Gegenteil: wir brauchen gesellschaftliche und politische Mehrheiten, um das politische Streikrecht auch in Deutschland zu legalisieren.<\/p>\n<div class=\"pdfprnt-buttons pdfprnt-buttons-post pdfprnt-bottom-right\"><a href=\"https:\/\/www.betriebundgewerkschaft-bw.de\/index.php?rest_route=wpv2posts89&print=pdf\" class=\"pdfprnt-button pdfprnt-button-pdf\" target=\"_blank\"><img src=\"https:\/\/www.betriebundgewerkschaft-bw.de\/wp-content\/plugins\/pdf-print\/images\/pdf.png\" alt=\"image_pdf\" title=\"PDF anzeigen\" \/><\/a><a href=\"https:\/\/www.betriebundgewerkschaft-bw.de\/index.php?rest_route=wpv2posts89&print=print\" class=\"pdfprnt-button pdfprnt-button-print\" target=\"_blank\"><img src=\"https:\/\/www.betriebundgewerkschaft-bw.de\/wp-content\/plugins\/pdf-print\/images\/print.png\" alt=\"image_print\" title=\"Inhalt drucken\" \/><\/a><\/div>","protected":false},"excerpt":{"rendered":"<p>Beschluss des Parteivorstandes vom 25. September 2010 Der Parteivorstand beschlie\u00dft die nachfolgende Erkl\u00e4rung zur St\u00e4rkung der Tarifmacht DIE LINKE ist f\u00fcr starke Gewerkschaften. Nur mit einer hohen Durchsetzungskraft k\u00f6nnen insbesondere mit Tarifvertr\u00e4gen die Interessen der Besch\u00e4ftigten durchgesetzt werden. Zur Durchsetzungsmacht geh\u00f6rt ein geschlossenes und solidarisches Handeln der Besch\u00e4ftigten. Deshalb ist es wichtig, dass das Prinzip [&hellip;]<\/p>\n","protected":false},"author":1,"featured_media":0,"comment_status":"open","ping_status":"open","sticky":false,"template":"","format":"standard","meta":[],"categories":[1],"tags":[],"_links":{"self":[{"href":"https:\/\/www.betriebundgewerkschaft-bw.de\/index.php?rest_route=\/wp\/v2\/posts\/89"}],"collection":[{"href":"https:\/\/www.betriebundgewerkschaft-bw.de\/index.php?rest_route=\/wp\/v2\/posts"}],"about":[{"href":"https:\/\/www.betriebundgewerkschaft-bw.de\/index.php?rest_route=\/wp\/v2\/types\/post"}],"author":[{"embeddable":true,"href":"https:\/\/www.betriebundgewerkschaft-bw.de\/index.php?rest_route=\/wp\/v2\/users\/1"}],"replies":[{"embeddable":true,"href":"https:\/\/www.betriebundgewerkschaft-bw.de\/index.php?rest_route=%2Fwp%2Fv2%2Fcomments&post=89"}],"version-history":[{"count":6,"href":"https:\/\/www.betriebundgewerkschaft-bw.de\/index.php?rest_route=\/wp\/v2\/posts\/89\/revisions"}],"predecessor-version":[{"id":214,"href":"https:\/\/www.betriebundgewerkschaft-bw.de\/index.php?rest_route=\/wp\/v2\/posts\/89\/revisions\/214"}],"wp:attachment":[{"href":"https:\/\/www.betriebundgewerkschaft-bw.de\/index.php?rest_route=%2Fwp%2Fv2%2Fmedia&parent=89"}],"wp:term":[{"taxonomy":"category","embeddable":true,"href":"https:\/\/www.betriebundgewerkschaft-bw.de\/index.php?rest_route=%2Fwp%2Fv2%2Fcategories&post=89"},{"taxonomy":"post_tag","embeddable":true,"href":"https:\/\/www.betriebundgewerkschaft-bw.de\/index.php?rest_route=%2Fwp%2Fv2%2Ftags&post=89"}],"curies":[{"name":"wp","href":"https:\/\/api.w.org\/{rel}","templated":true}]}}