{"id":604,"date":"2012-03-09T22:55:29","date_gmt":"2012-03-09T20:55:29","guid":{"rendered":"https:\/\/www.betriebundgewerkschaft-bw.de\/?p=604"},"modified":"2012-03-09T22:57:12","modified_gmt":"2012-03-09T20:57:12","slug":"solidaritat-am-frauentag","status":"publish","type":"post","link":"https:\/\/www.betriebundgewerkschaft-bw.de\/?p=604","title":{"rendered":"Solidarit\u00e4t am Frauentag"},"content":{"rendered":"<p><em>Pressemeldung im Schw\u00e4bischen Tagblatt<\/em><br \/>\nKreis T\u00fcbingen. \u201eDie vorwiegend weiblichen Besch\u00e4ftigten brauchen \u00f6ffentliche Solidarit\u00e4t\u201c, erkl\u00e4rte der T\u00fcbinger Kreisrat Bernhard Strasdeit am Donnerstag.<br \/>\nMit einem Blumengru\u00df und einer Frauentags-Karte besuchten T\u00fcbinger Linke am Vormittag Schlecker-Filialen in der Region. Es sei ein Systemfehler, so Strasdeit in einer Pressemitteilung, \u201edass der Verdr\u00e4ngungswettbewerb im Einzelhandel immer nur auf dem R\u00fccken von Verk\u00e4uferinnen und Besch\u00e4ftigten mit Niedrigstl\u00f6hnen ausgetragen wird\u201c.<br \/>\nIm Bundestag brachte die Partei einen Antrag mit Vorschl\u00e4gen zur Rettung der Schlecker-Filialen ein. Er sieht unter anderem vor, dass das Insolvenzgeld von drei auf sechs Monate verl\u00e4ngert werden soll, um Zeit f\u00fcr ein Konzept zu gewinnen.<\/p>\n<div class=\"pdfprnt-buttons pdfprnt-buttons-post pdfprnt-bottom-right\"><a href=\"https:\/\/www.betriebundgewerkschaft-bw.de\/index.php?rest_route=wpv2posts604&print=pdf\" class=\"pdfprnt-button pdfprnt-button-pdf\" target=\"_blank\"><img src=\"https:\/\/www.betriebundgewerkschaft-bw.de\/wp-content\/plugins\/pdf-print\/images\/pdf.png\" alt=\"image_pdf\" title=\"PDF anzeigen\" \/><\/a><a href=\"https:\/\/www.betriebundgewerkschaft-bw.de\/index.php?rest_route=wpv2posts604&print=print\" class=\"pdfprnt-button pdfprnt-button-print\" target=\"_blank\"><img src=\"https:\/\/www.betriebundgewerkschaft-bw.de\/wp-content\/plugins\/pdf-print\/images\/print.png\" alt=\"image_print\" title=\"Inhalt drucken\" \/><\/a><\/div>","protected":false},"excerpt":{"rendered":"<p>Pressemeldung im Schw\u00e4bischen Tagblatt Kreis T\u00fcbingen. \u201eDie vorwiegend weiblichen Besch\u00e4ftigten brauchen \u00f6ffentliche Solidarit\u00e4t\u201c, erkl\u00e4rte der T\u00fcbinger Kreisrat Bernhard Strasdeit am Donnerstag. Mit einem Blumengru\u00df und einer Frauentags-Karte besuchten T\u00fcbinger Linke am Vormittag Schlecker-Filialen in der Region. Es sei ein Systemfehler, so Strasdeit in einer Pressemitteilung, \u201edass der Verdr\u00e4ngungswettbewerb im Einzelhandel immer nur auf dem R\u00fccken [&hellip;]<\/p>\n","protected":false},"author":1,"featured_media":0,"comment_status":"open","ping_status":"open","sticky":false,"template":"","format":"standard","meta":[],"categories":[1],"tags":[],"_links":{"self":[{"href":"https:\/\/www.betriebundgewerkschaft-bw.de\/index.php?rest_route=\/wp\/v2\/posts\/604"}],"collection":[{"href":"https:\/\/www.betriebundgewerkschaft-bw.de\/index.php?rest_route=\/wp\/v2\/posts"}],"about":[{"href":"https:\/\/www.betriebundgewerkschaft-bw.de\/index.php?rest_route=\/wp\/v2\/types\/post"}],"author":[{"embeddable":true,"href":"https:\/\/www.betriebundgewerkschaft-bw.de\/index.php?rest_route=\/wp\/v2\/users\/1"}],"replies":[{"embeddable":true,"href":"https:\/\/www.betriebundgewerkschaft-bw.de\/index.php?rest_route=%2Fwp%2Fv2%2Fcomments&post=604"}],"version-history":[{"count":2,"href":"https:\/\/www.betriebundgewerkschaft-bw.de\/index.php?rest_route=\/wp\/v2\/posts\/604\/revisions"}],"predecessor-version":[{"id":606,"href":"https:\/\/www.betriebundgewerkschaft-bw.de\/index.php?rest_route=\/wp\/v2\/posts\/604\/revisions\/606"}],"wp:attachment":[{"href":"https:\/\/www.betriebundgewerkschaft-bw.de\/index.php?rest_route=%2Fwp%2Fv2%2Fmedia&parent=604"}],"wp:term":[{"taxonomy":"category","embeddable":true,"href":"https:\/\/www.betriebundgewerkschaft-bw.de\/index.php?rest_route=%2Fwp%2Fv2%2Fcategories&post=604"},{"taxonomy":"post_tag","embeddable":true,"href":"https:\/\/www.betriebundgewerkschaft-bw.de\/index.php?rest_route=%2Fwp%2Fv2%2Ftags&post=604"}],"curies":[{"name":"wp","href":"https:\/\/api.w.org\/{rel}","templated":true}]}}