{"id":564,"date":"2012-03-05T07:56:07","date_gmt":"2012-03-05T05:56:07","guid":{"rendered":"https:\/\/www.betriebundgewerkschaft-bw.de\/?p=564"},"modified":"2012-03-05T07:56:30","modified_gmt":"2012-03-05T05:56:30","slug":"email-von-gertrud-moll","status":"publish","type":"post","link":"https:\/\/www.betriebundgewerkschaft-bw.de\/?p=564","title":{"rendered":"eMail von Gertrud Moll"},"content":{"rendered":"<div><img loading=\"lazy\" class=\"alignleft\" src=\"http:\/\/www.nord-sued-netz.de\/system\/files\/nordsuednews\/2009IV\/S3_Moll.jpg\" alt=\"\" width=\"151\" height=\"226\" \/>Liebe Kolleginnen und Kollegen,<\/div>\n<div>bei der Delegiertenversammlung der IGM Stuttgart am 3.3.2012 sagte Uwe Meinhardt kurz vor seiner Wahl zum 1. Bevollm\u00e4chtigten der Verwaltungsstelle als Nachfolger von Hans Baur sinngem\u00e4\u00df:<\/div>\n<div>In diesem Jahr fallen die Tarifrunden von IGM und ver.di f\u00fcr den \u00f6ffentlichen Dienst zeitlich zusammen. Beide Gewerkschaften wollen zusammenarbeiten und sich nicht von Medien und Arbeitgebern auseinanderdividieren lassen. Die Medien bezeichnen die Forderung von ver.di nach 6,5% Entgelterh\u00f6hung, mindestens 200 \u20ac , als v\u00f6llig \u00fcberzogen, aber auch f\u00fcr die Besch\u00e4ftigten im \u00d6ffentlichen Dienst steigen die Preise wie f\u00fcr die Metaller.<\/div>\n<div>Die IGM-Forderungen werden in den Medien als m\u00e4\u00dfig dargestellt, unsere Forderungen f\u00fcr LeiharbeitnehmerInnen und \u00dcbernahme der Auszubildenden werden nicht zur Kenntnis genommen.<\/div>\n<div>Uwe Meinhardt k\u00fcndigte an, dass auf den Kundgebungen der beiden Gewerkschaft VertreterInnen der jeweils anderen Gewerkschaft sprechen werden, und forderte die Delegierten auf, f\u00fcr die Teilnahme an den ver.di-Demonstrationen mit IGM-Fahnen zu werben.<\/div>\n<div>Die Kundgebungen von ver.di zu den Verhandlungen finden am 7.3.2012 und 26.3.2012 jeweils um 12 Uhr auf dem Marktplatz Stuttgart statt.<\/div>\n<div>Zu der ersten Verhandlungsrunde der IGM am 6.3. werden die Daimler- und Porsche-KollegInnen aufgerufen, zur zweiten Runde am 22.3. in Ludwigsburg ab 13 Uhr werden KollegInnen der \u00fcbrigen Metallbetriebe aufgerufen. Solidarische Mitglieder anderer Gewerkschaften sind willkommen.<\/div>\n<div>Mit freundlichen Gr\u00fc\u00dfen<\/div>\n<div><strong>Gertrud Moll <\/strong><\/div>\n<div class=\"pdfprnt-buttons pdfprnt-buttons-post pdfprnt-bottom-right\"><a href=\"https:\/\/www.betriebundgewerkschaft-bw.de\/index.php?rest_route=wpv2posts564&print=pdf\" class=\"pdfprnt-button pdfprnt-button-pdf\" target=\"_blank\"><img src=\"https:\/\/www.betriebundgewerkschaft-bw.de\/wp-content\/plugins\/pdf-print\/images\/pdf.png\" alt=\"image_pdf\" title=\"PDF anzeigen\" \/><\/a><a href=\"https:\/\/www.betriebundgewerkschaft-bw.de\/index.php?rest_route=wpv2posts564&print=print\" class=\"pdfprnt-button pdfprnt-button-print\" target=\"_blank\"><img src=\"https:\/\/www.betriebundgewerkschaft-bw.de\/wp-content\/plugins\/pdf-print\/images\/print.png\" alt=\"image_print\" title=\"Inhalt drucken\" \/><\/a><\/div>","protected":false},"excerpt":{"rendered":"<p>Liebe Kolleginnen und Kollegen, bei der Delegiertenversammlung der IGM Stuttgart am 3.3.2012 sagte Uwe Meinhardt kurz vor seiner Wahl zum 1. Bevollm\u00e4chtigten der Verwaltungsstelle als Nachfolger von Hans Baur sinngem\u00e4\u00df: In diesem Jahr fallen die Tarifrunden von IGM und ver.di f\u00fcr den \u00f6ffentlichen Dienst zeitlich zusammen. Beide Gewerkschaften wollen zusammenarbeiten und sich nicht von Medien [&hellip;]<\/p>\n","protected":false},"author":1,"featured_media":0,"comment_status":"open","ping_status":"open","sticky":false,"template":"","format":"standard","meta":[],"categories":[1],"tags":[],"_links":{"self":[{"href":"https:\/\/www.betriebundgewerkschaft-bw.de\/index.php?rest_route=\/wp\/v2\/posts\/564"}],"collection":[{"href":"https:\/\/www.betriebundgewerkschaft-bw.de\/index.php?rest_route=\/wp\/v2\/posts"}],"about":[{"href":"https:\/\/www.betriebundgewerkschaft-bw.de\/index.php?rest_route=\/wp\/v2\/types\/post"}],"author":[{"embeddable":true,"href":"https:\/\/www.betriebundgewerkschaft-bw.de\/index.php?rest_route=\/wp\/v2\/users\/1"}],"replies":[{"embeddable":true,"href":"https:\/\/www.betriebundgewerkschaft-bw.de\/index.php?rest_route=%2Fwp%2Fv2%2Fcomments&post=564"}],"version-history":[{"count":2,"href":"https:\/\/www.betriebundgewerkschaft-bw.de\/index.php?rest_route=\/wp\/v2\/posts\/564\/revisions"}],"predecessor-version":[{"id":566,"href":"https:\/\/www.betriebundgewerkschaft-bw.de\/index.php?rest_route=\/wp\/v2\/posts\/564\/revisions\/566"}],"wp:attachment":[{"href":"https:\/\/www.betriebundgewerkschaft-bw.de\/index.php?rest_route=%2Fwp%2Fv2%2Fmedia&parent=564"}],"wp:term":[{"taxonomy":"category","embeddable":true,"href":"https:\/\/www.betriebundgewerkschaft-bw.de\/index.php?rest_route=%2Fwp%2Fv2%2Fcategories&post=564"},{"taxonomy":"post_tag","embeddable":true,"href":"https:\/\/www.betriebundgewerkschaft-bw.de\/index.php?rest_route=%2Fwp%2Fv2%2Ftags&post=564"}],"curies":[{"name":"wp","href":"https:\/\/api.w.org\/{rel}","templated":true}]}}