{"id":559,"date":"2012-03-05T01:07:03","date_gmt":"2012-03-04T23:07:03","guid":{"rendered":"https:\/\/www.betriebundgewerkschaft-bw.de\/?p=559"},"modified":"2012-03-05T01:07:19","modified_gmt":"2012-03-04T23:07:19","slug":"email-von-michael-schlecht","status":"publish","type":"post","link":"https:\/\/www.betriebundgewerkschaft-bw.de\/?p=559","title":{"rendered":"eMail von Michael Schlecht"},"content":{"rendered":"<p>Liebe Genossinnen und Genossen,<\/p>\n<p>in der Diskussion mit Heiner Flassbeck am Sonntag in unserer PV-Sitzung wurde nochmals deutlich welch zentrale Bedeutung deutliche Lohnsteigerungen nicht nur f\u00fcr die soziale Gerechtigkeit haben, sondern auch f\u00fcr die Zukunftssicherung Europas. Er hat als denkbare L\u00f6sung f\u00fcr die Eurokrise einen Lohnerh\u00f6hungspfad von jeweils j\u00e4hrlich 4,5 Prozent nominal bis 2022 aufgezeigt.<!--more--><\/p>\n<p>DIE LINKE muss f\u00fcr deutliche Lohnerh\u00f6hungen stehen, sie muss Lohnerh\u00f6hungspartei sein! Wir m\u00fcssen den Kampf der Gewerkschaften vor Ort in vielf\u00e4ltiger Weise unterst\u00fctzen.<br \/>\nWie vereinbart im Nachfolgenden Informationen \u00fcber die jetzt anlaufenden Arbeitskampfma\u00dfnahmen im \u00f6ffentlichen Dienst.<\/p>\n<p>Am 1. M\u00e4rz fand die erste Verhandlung statt. Sie blieb erfolglos. Nicht einmal ein Angebot haben die Arbeitgeber vorgelegt sondern provozierend verlangt, dass ver.di erst einmal die Forderung von 6,5 Prozent und einer Mindesterh\u00f6hung von 200 Euro nach unten korrigieren m\u00fcsse.<\/p>\n<p>Diese Woche, vom 5. M\u00e4rz an beginnen Warnstreikaktionen im \u00f6ffentlichen Dienst. Rollierend durch alle 13 Landesverb\u00e4nde wird es zu Warnstreikaktionen kommen. Zum Beispiel am Montag in Hessen, insbesondere Frankfurt, am Mittwoch in Stuttgart massiv, f\u00fcr 24 Stunden wird hier alles stillstehen, \u00d6PNV, Krankenh\u00e4user, Kitas, M\u00fcllabfuhr, \u00f6ffentliche Verwaltung etc.<\/p>\n<p>F\u00fcr die bundesweiten Streiks sind bislang mehr als 100.000 Streikende absehbar.<br \/>\nAm 12.\/13. folgen weitere Verhandlungen, bestenfalls wird es ein Angebot geben.<br \/>\nDann muss mit weiteren Warnstreiks gerechnet werden, insbesondere in der Woche vor der Saarlandwahl d\u00fcrfte damit zu rechnen sein.<\/p>\n<p>Am 28.\/29. Folgen der dritte vereinbarte Verhandlungstermin. Dann wird es spannend. Wenn das Angebot der Arbeitgeber weiterhin mies bleibt \u2013 davon kann man ausgehen \u2013 h\u00e4ngt das Vorgehen der Verhandlungsf\u00fchrung entscheidend vom bisherigen Stand der Warnstreiks ab. Sie sie ein Indikator, ob man die Verhandlungen scheitern l\u00e4sst mit der Perspektive von Urabstimmungen und gro\u00dfen Streiks im Mai. Dazwischen geschaltet k\u00e4me im April dann erst die Schlichtung mit Friedenspflicht.<\/p>\n<p>Spannend f\u00fcr die Warnstreiks ist vor allem die Beteiligung im Osten. Da besteht die gr\u00f6\u00dfte Unsicherheit, ob die Kolleginnen und Kollegen sich in hinreichendem Umfang beteiligen. Zugespitzt: Nach meiner Einsch\u00e4tzung wird im Osten dar\u00fcber entscheiden, ob am 28.\/29.3. die Verhandlungskommission versucht das Beste herauszuholen und abzuschlie\u00dfen oder ob der Weg in den gro\u00dfen Konflikt mit der Chance eines ordentlichen Lohnabschlusses gegangen wird.<\/p>\n<p>Mit besten Gr\u00fc\u00dfen<br \/>\nMichael Schlecht<\/p>\n<div class=\"pdfprnt-buttons pdfprnt-buttons-post pdfprnt-bottom-right\"><a href=\"https:\/\/www.betriebundgewerkschaft-bw.de\/index.php?rest_route=wpv2posts559&print=pdf\" class=\"pdfprnt-button pdfprnt-button-pdf\" target=\"_blank\"><img src=\"https:\/\/www.betriebundgewerkschaft-bw.de\/wp-content\/plugins\/pdf-print\/images\/pdf.png\" alt=\"image_pdf\" title=\"PDF anzeigen\" \/><\/a><a href=\"https:\/\/www.betriebundgewerkschaft-bw.de\/index.php?rest_route=wpv2posts559&print=print\" class=\"pdfprnt-button pdfprnt-button-print\" target=\"_blank\"><img src=\"https:\/\/www.betriebundgewerkschaft-bw.de\/wp-content\/plugins\/pdf-print\/images\/print.png\" alt=\"image_print\" title=\"Inhalt drucken\" \/><\/a><\/div>","protected":false},"excerpt":{"rendered":"<p>Liebe Genossinnen und Genossen, in der Diskussion mit Heiner Flassbeck am Sonntag in unserer PV-Sitzung wurde nochmals deutlich welch zentrale Bedeutung deutliche Lohnsteigerungen nicht nur f\u00fcr die soziale Gerechtigkeit haben, sondern auch f\u00fcr die Zukunftssicherung Europas. Er hat als denkbare L\u00f6sung f\u00fcr die Eurokrise einen Lohnerh\u00f6hungspfad von jeweils j\u00e4hrlich 4,5 Prozent nominal bis 2022 aufgezeigt.<\/p>\n","protected":false},"author":1,"featured_media":0,"comment_status":"open","ping_status":"open","sticky":false,"template":"","format":"standard","meta":[],"categories":[1],"tags":[],"_links":{"self":[{"href":"https:\/\/www.betriebundgewerkschaft-bw.de\/index.php?rest_route=\/wp\/v2\/posts\/559"}],"collection":[{"href":"https:\/\/www.betriebundgewerkschaft-bw.de\/index.php?rest_route=\/wp\/v2\/posts"}],"about":[{"href":"https:\/\/www.betriebundgewerkschaft-bw.de\/index.php?rest_route=\/wp\/v2\/types\/post"}],"author":[{"embeddable":true,"href":"https:\/\/www.betriebundgewerkschaft-bw.de\/index.php?rest_route=\/wp\/v2\/users\/1"}],"replies":[{"embeddable":true,"href":"https:\/\/www.betriebundgewerkschaft-bw.de\/index.php?rest_route=%2Fwp%2Fv2%2Fcomments&post=559"}],"version-history":[{"count":2,"href":"https:\/\/www.betriebundgewerkschaft-bw.de\/index.php?rest_route=\/wp\/v2\/posts\/559\/revisions"}],"predecessor-version":[{"id":561,"href":"https:\/\/www.betriebundgewerkschaft-bw.de\/index.php?rest_route=\/wp\/v2\/posts\/559\/revisions\/561"}],"wp:attachment":[{"href":"https:\/\/www.betriebundgewerkschaft-bw.de\/index.php?rest_route=%2Fwp%2Fv2%2Fmedia&parent=559"}],"wp:term":[{"taxonomy":"category","embeddable":true,"href":"https:\/\/www.betriebundgewerkschaft-bw.de\/index.php?rest_route=%2Fwp%2Fv2%2Fcategories&post=559"},{"taxonomy":"post_tag","embeddable":true,"href":"https:\/\/www.betriebundgewerkschaft-bw.de\/index.php?rest_route=%2Fwp%2Fv2%2Ftags&post=559"}],"curies":[{"name":"wp","href":"https:\/\/api.w.org\/{rel}","templated":true}]}}