{"id":555,"date":"2012-03-04T20:34:33","date_gmt":"2012-03-04T18:34:33","guid":{"rendered":"https:\/\/www.betriebundgewerkschaft-bw.de\/?p=555"},"modified":"2012-03-04T20:34:33","modified_gmt":"2012-03-04T18:34:33","slug":"aufruf-zum-ganztagigen-warnstreik-am-mittwoch-dem-7-marz-2012-von-verdi-stuttgart","status":"publish","type":"post","link":"https:\/\/www.betriebundgewerkschaft-bw.de\/?p=555","title":{"rendered":"Aufruf zum ganzt\u00e4gigen Warnstreik am Mittwoch, dem 7. M\u00e4rz 2012 von verdi Stuttgart"},"content":{"rendered":"<p><strong><img loading=\"lazy\" class=\"alignleft\" src=\"http:\/\/www.verdi.de\/++co++9d4f9b54-b766-11e0-6af0-00093d114afd\/scaled\/width\/470\" alt=\"\" width=\"226\" height=\"226\" \/>Tarifrunde \u00f6ffentlicher Dienst 2012 Kommunen und Bund<\/strong><\/p>\n<p><strong>Streikversammlung<\/strong>: 9.30 Uhr Gewerkschaftshaus Stuttgart<\/p>\n<p>11.15 Uhr <strong>Demonstration<\/strong> durch die Stuttgarter Innenstadt<\/p>\n<p>12.00 Uhr <strong>Kundgebung<\/strong> auf dem Stuttgarter Marktplatz<\/p>\n<p>Das <strong>Streiklokal<\/strong> im Stuttgarter Gewerkschaftshaus ist ab 6 Uhr ge\u00f6ffnet.<\/p>\n<p>Wir rufen alle Besch\u00e4ftigten der Kommunen und des Bundes im ver.di Bezirk Stuttgart f\u00fcr Mittwoch, den 7. M\u00e4rz 2012 zu einem ganzt\u00e4gigen Warnstreik auf. Der Warnstreik beginnt um 0.00 Uhr und endet um 24.00 Uhr bzw. bei Schichtarbeiter\/innen am Schichtende des Folgetages.<br \/>\n<strong>Aufgerufen sind alle Besch\u00e4ftigten der Kommunen und des Bundes in der Landeshauptstadt Stuttgart sowie den Landkreisen B\u00f6blingen, Ludwigsburg, Rems-Murr. Dazu geh\u00f6ren auch die Besch\u00e4ftigten der SSB, des Flughafens, der Stadtwerke (TV V) und der kommunalen Krankenh\u00e4user, der Bundesbank, der Sparkassen und der Bundesagentur f\u00fcr Arbeit. Auch die Auszubildenden und Anerkennungspraktikant\/innen sind zum Streik aufgerufen.<\/strong><\/p>\n<p>Das Verhalten der Arbeitgeber in der ersten Verhandlungsrunde ist f\u00fcr uns nicht akzeptabel. Wir m\u00fcssen den Arbeitgebern fr\u00fchzeitig deutlich machen, dass wir es mit unseren Forderungen ernst meinen.<\/p>\n<p><strong>Wir fordern: 6,5 % f\u00fcr alle, mindestens 200 Euro<\/strong><\/p>\n<p><strong>100 Euro mehr f\u00fcr die Auszubildenden und die unbefristete \u00dcbernahme<\/strong><\/p>\n<div class=\"pdfprnt-buttons pdfprnt-buttons-post pdfprnt-bottom-right\"><a href=\"https:\/\/www.betriebundgewerkschaft-bw.de\/index.php?rest_route=wpv2posts555&print=pdf\" class=\"pdfprnt-button pdfprnt-button-pdf\" target=\"_blank\"><img src=\"https:\/\/www.betriebundgewerkschaft-bw.de\/wp-content\/plugins\/pdf-print\/images\/pdf.png\" alt=\"image_pdf\" title=\"PDF anzeigen\" \/><\/a><a href=\"https:\/\/www.betriebundgewerkschaft-bw.de\/index.php?rest_route=wpv2posts555&print=print\" class=\"pdfprnt-button pdfprnt-button-print\" target=\"_blank\"><img src=\"https:\/\/www.betriebundgewerkschaft-bw.de\/wp-content\/plugins\/pdf-print\/images\/print.png\" alt=\"image_print\" title=\"Inhalt drucken\" \/><\/a><\/div>","protected":false},"excerpt":{"rendered":"<p>Tarifrunde \u00f6ffentlicher Dienst 2012 Kommunen und Bund Streikversammlung: 9.30 Uhr Gewerkschaftshaus Stuttgart 11.15 Uhr Demonstration durch die Stuttgarter Innenstadt 12.00 Uhr Kundgebung auf dem Stuttgarter Marktplatz Das Streiklokal im Stuttgarter Gewerkschaftshaus ist ab 6 Uhr ge\u00f6ffnet. Wir rufen alle Besch\u00e4ftigten der Kommunen und des Bundes im ver.di Bezirk Stuttgart f\u00fcr Mittwoch, den 7. M\u00e4rz 2012 [&hellip;]<\/p>\n","protected":false},"author":1,"featured_media":0,"comment_status":"open","ping_status":"open","sticky":false,"template":"","format":"standard","meta":[],"categories":[1],"tags":[],"_links":{"self":[{"href":"https:\/\/www.betriebundgewerkschaft-bw.de\/index.php?rest_route=\/wp\/v2\/posts\/555"}],"collection":[{"href":"https:\/\/www.betriebundgewerkschaft-bw.de\/index.php?rest_route=\/wp\/v2\/posts"}],"about":[{"href":"https:\/\/www.betriebundgewerkschaft-bw.de\/index.php?rest_route=\/wp\/v2\/types\/post"}],"author":[{"embeddable":true,"href":"https:\/\/www.betriebundgewerkschaft-bw.de\/index.php?rest_route=\/wp\/v2\/users\/1"}],"replies":[{"embeddable":true,"href":"https:\/\/www.betriebundgewerkschaft-bw.de\/index.php?rest_route=%2Fwp%2Fv2%2Fcomments&post=555"}],"version-history":[{"count":2,"href":"https:\/\/www.betriebundgewerkschaft-bw.de\/index.php?rest_route=\/wp\/v2\/posts\/555\/revisions"}],"predecessor-version":[{"id":563,"href":"https:\/\/www.betriebundgewerkschaft-bw.de\/index.php?rest_route=\/wp\/v2\/posts\/555\/revisions\/563"}],"wp:attachment":[{"href":"https:\/\/www.betriebundgewerkschaft-bw.de\/index.php?rest_route=%2Fwp%2Fv2%2Fmedia&parent=555"}],"wp:term":[{"taxonomy":"category","embeddable":true,"href":"https:\/\/www.betriebundgewerkschaft-bw.de\/index.php?rest_route=%2Fwp%2Fv2%2Fcategories&post=555"},{"taxonomy":"post_tag","embeddable":true,"href":"https:\/\/www.betriebundgewerkschaft-bw.de\/index.php?rest_route=%2Fwp%2Fv2%2Ftags&post=555"}],"curies":[{"name":"wp","href":"https:\/\/api.w.org\/{rel}","templated":true}]}}