{"id":498,"date":"2012-02-29T18:21:04","date_gmt":"2012-02-29T16:21:04","guid":{"rendered":"https:\/\/www.betriebundgewerkschaft-bw.de\/?p=498"},"modified":"2012-02-29T18:23:01","modified_gmt":"2012-02-29T16:23:01","slug":"baden-wurttembergs-spd-fraktionschef-claus-schmiedel-halt-den-abbau-von-bis-zu-15-000-stellen-im-offentlichen-dienst-bis-2020-fur-moglich","status":"publish","type":"post","link":"https:\/\/www.betriebundgewerkschaft-bw.de\/?p=498","title":{"rendered":"Baden-W\u00fcrttembergs SPD-Fraktionschef Claus Schmiedel h\u00e4lt den Abbau von bis zu 15 000 Stellen im \u00f6ffentlichen Dienst bis 2020 f\u00fcr m\u00f6glich."},"content":{"rendered":"<p><em>dpa<\/em><\/p>\n<p>Stuttgart. Das Land m\u00fcsse den Verwaltungsapparat verschlanken, um in acht Jahren einen strukturell ausgeglichenen Haushalt erreichen zu k\u00f6nnen, sagte Schmiedel im Gespr\u00e4ch mit der Nachrichtenagentur dpa in Stuttgart am Mittwoch.<\/p>\n<p>Die Regierung m\u00fcsse bis 2020 eine L\u00fccke von rund 1,5 Milliarden Euro stopfen, um die Vorgaben der Schuldenbremse einzuhalten. Da die Personalkosten 40 Prozent des Haushalts ausmachen, m\u00fcssten hier rund 600 Millionen Euro gek\u00fcrzt werden.<\/p>\n<p>Von den rund 300 000 Beamten und Tarifbesch\u00e4ftigten m\u00fcssten somit rein rechnerisch in acht Jahren rund f\u00fcnf Prozent weniger an Bord sein, erkl\u00e4rte Schmiedel.<\/p>\n<div class=\"pdfprnt-buttons pdfprnt-buttons-post pdfprnt-bottom-right\"><a href=\"https:\/\/www.betriebundgewerkschaft-bw.de\/index.php?rest_route=wpv2posts498&print=pdf\" class=\"pdfprnt-button pdfprnt-button-pdf\" target=\"_blank\"><img src=\"https:\/\/www.betriebundgewerkschaft-bw.de\/wp-content\/plugins\/pdf-print\/images\/pdf.png\" alt=\"image_pdf\" title=\"PDF anzeigen\" \/><\/a><a href=\"https:\/\/www.betriebundgewerkschaft-bw.de\/index.php?rest_route=wpv2posts498&print=print\" class=\"pdfprnt-button pdfprnt-button-print\" target=\"_blank\"><img src=\"https:\/\/www.betriebundgewerkschaft-bw.de\/wp-content\/plugins\/pdf-print\/images\/print.png\" alt=\"image_print\" title=\"Inhalt drucken\" \/><\/a><\/div>","protected":false},"excerpt":{"rendered":"<p>dpa Stuttgart. Das Land m\u00fcsse den Verwaltungsapparat verschlanken, um in acht Jahren einen strukturell ausgeglichenen Haushalt erreichen zu k\u00f6nnen, sagte Schmiedel im Gespr\u00e4ch mit der Nachrichtenagentur dpa in Stuttgart am Mittwoch. Die Regierung m\u00fcsse bis 2020 eine L\u00fccke von rund 1,5 Milliarden Euro stopfen, um die Vorgaben der Schuldenbremse einzuhalten. Da die Personalkosten 40 Prozent [&hellip;]<\/p>\n","protected":false},"author":1,"featured_media":0,"comment_status":"open","ping_status":"open","sticky":false,"template":"","format":"standard","meta":[],"categories":[1],"tags":[],"_links":{"self":[{"href":"https:\/\/www.betriebundgewerkschaft-bw.de\/index.php?rest_route=\/wp\/v2\/posts\/498"}],"collection":[{"href":"https:\/\/www.betriebundgewerkschaft-bw.de\/index.php?rest_route=\/wp\/v2\/posts"}],"about":[{"href":"https:\/\/www.betriebundgewerkschaft-bw.de\/index.php?rest_route=\/wp\/v2\/types\/post"}],"author":[{"embeddable":true,"href":"https:\/\/www.betriebundgewerkschaft-bw.de\/index.php?rest_route=\/wp\/v2\/users\/1"}],"replies":[{"embeddable":true,"href":"https:\/\/www.betriebundgewerkschaft-bw.de\/index.php?rest_route=%2Fwp%2Fv2%2Fcomments&post=498"}],"version-history":[{"count":2,"href":"https:\/\/www.betriebundgewerkschaft-bw.de\/index.php?rest_route=\/wp\/v2\/posts\/498\/revisions"}],"predecessor-version":[{"id":500,"href":"https:\/\/www.betriebundgewerkschaft-bw.de\/index.php?rest_route=\/wp\/v2\/posts\/498\/revisions\/500"}],"wp:attachment":[{"href":"https:\/\/www.betriebundgewerkschaft-bw.de\/index.php?rest_route=%2Fwp%2Fv2%2Fmedia&parent=498"}],"wp:term":[{"taxonomy":"category","embeddable":true,"href":"https:\/\/www.betriebundgewerkschaft-bw.de\/index.php?rest_route=%2Fwp%2Fv2%2Fcategories&post=498"},{"taxonomy":"post_tag","embeddable":true,"href":"https:\/\/www.betriebundgewerkschaft-bw.de\/index.php?rest_route=%2Fwp%2Fv2%2Ftags&post=498"}],"curies":[{"name":"wp","href":"https:\/\/api.w.org\/{rel}","templated":true}]}}