{"id":488,"date":"2012-02-28T14:01:07","date_gmt":"2012-02-28T12:01:07","guid":{"rendered":"https:\/\/www.betriebundgewerkschaft-bw.de\/?p=488"},"modified":"2012-03-07T21:11:22","modified_gmt":"2012-03-07T19:11:22","slug":"die-linke-an-der-seite-der-schlecker-frauen","status":"publish","type":"post","link":"https:\/\/www.betriebundgewerkschaft-bw.de\/?p=488","title":{"rendered":"DIE LINKE. an der Seite der Schlecker-Frauen"},"content":{"rendered":"<div id=\"attachment_490\" style=\"width: 570px\" class=\"wp-caption aligncenter\"><a href=\"https:\/\/www.betriebundgewerkschaft-bw.de\/wp-content\/uploads\/2012\/02\/Schlecker-Kampf.jpg\"><img aria-describedby=\"caption-attachment-490\" loading=\"lazy\" class=\"size-full wp-image-490\" title=\"Schlecker-Kampf\" src=\"https:\/\/www.betriebundgewerkschaft-bw.de\/wp-content\/uploads\/2012\/02\/Schlecker-Kampf.jpg\" alt=\"\" width=\"560\" height=\"337\" srcset=\"https:\/\/www.betriebundgewerkschaft-bw.de\/wp-content\/uploads\/2012\/02\/Schlecker-Kampf.jpg 560w, https:\/\/www.betriebundgewerkschaft-bw.de\/wp-content\/uploads\/2012\/02\/Schlecker-Kampf-250x150.jpg 250w\" sizes=\"(max-width: 560px) 100vw, 560px\" \/><\/a><p id=\"caption-attachment-490\" class=\"wp-caption-text\">Die Schlecker Frauen haben in einem tapferen Kampf bessere Arbeitsbedingungen und einen Tarifvertrag erstritten<\/p><\/div>\n<p>Wie Ihr wisst, ist die Firma Schlecker samt Tochterunternehmen insolvent. \u00dcber 30.000 Arbeitspl\u00e4tze sind in Gefahr. Das ist auch deshalb in h\u00f6chstem Ma\u00dfe ein schlechtes Signal, weil die Mitarbeiterinnen der Firma sich in einmalig vorbildlicher Weise gegen die Machenschaften der Firma wehrten und deutlich bessere Arbeitsbedingungen und tarifvertragliche Regelungen erk\u00e4mpften. Die Mitarbeiterinnen trifft an der Insolvenz des Unternehmens keine Schuld. Nun wehren sich die Kolleginnen gegen die Bedrohung ihrer Arbeitspl\u00e4tze.<\/p>\n<p>Am Donnerstag n\u00e4chster Woche, dem Internationalen Frauentag, 8. M\u00e4rz 2012, k\u00e4mpfen die Kolleginnen im ganzen Land gegen den drohenden Verlust ihrer Arbeitspl\u00e4tze. Wir, die Linke in Baden-W\u00fcrttemberg, stehen an ihrer Seite. Wenn sie k\u00e4mpfen, wird unsere Bundestagsfraktion zeitgleich (also ebenfalls am 8. M\u00e4rz) einen Antrag einbringen, der in der Konsequenz Staatshilfen f\u00fcr Schlecker fordert und mehr Mitbestimmung der Belegschaften und Betriebsr\u00e4tinnen und Betriebsr\u00e4te verlangt.<!--more--><\/p>\n<p><a href=\"https:\/\/www.betriebundgewerkschaft-bw.de\/wp-content\/uploads\/2012\/02\/wir_bei_Schlecker.jpg\"><img loading=\"lazy\" class=\"aligncenter size-full wp-image-487\" title=\"wir_bei_Schlecker\" src=\"https:\/\/www.betriebundgewerkschaft-bw.de\/wp-content\/uploads\/2012\/02\/wir_bei_Schlecker.jpg\" alt=\"\" width=\"560\" height=\"281\" srcset=\"https:\/\/www.betriebundgewerkschaft-bw.de\/wp-content\/uploads\/2012\/02\/wir_bei_Schlecker.jpg 560w, https:\/\/www.betriebundgewerkschaft-bw.de\/wp-content\/uploads\/2012\/02\/wir_bei_Schlecker-250x125.jpg 250w\" sizes=\"(max-width: 560px) 100vw, 560px\" \/><\/a><\/p>\n<p>Das ist ein Text von ver.di-Nord, der die Kolleginnen zum Kampf am 8. M\u00e4rz ruft<\/p>\n<p>Wir sind alarmiert und wollen dazu beitragen, dass m\u00f6glichst viele Arbeitspl\u00e4tze<br \/>\nbeim angeschlagenen Unternehmen Schlecker gerettet werden k\u00f6nnen.<br \/>\nIm Norden sind rund 1.500 Stellen gef\u00e4hrdet. Das ist dramatisch, denn mit ihrer<br \/>\nExistenz oder Nichtexistenz sind sehr viele menschliche Schicksale verkn\u00fcpft:<br \/>\nEs geht uns in erster Linie um die Besch\u00e4ftigten und ihre Angeh\u00f6rigen. Aber es<br \/>\ngeht auch um zahlreiche Kunden in strukturschwachen Regionen und<br \/>\nStadtgebieten, die auf \u201cihre\u201c Schlecker-Filiale als Nahversorger angewiesen sind.<br \/>\nIn jedem Fall ist die Politik auf allen Ebenen gefordert, ihren Beitrag zum Ausweg<br \/>\naus dieser Krise zu leisten. Wir erwarten daher schnelle und wirksame Initiativen,<br \/>\num die Situation bei Schlecker im Interesse des Personals und der Kunden zu<br \/>\nstabilisieren.<br \/>\nWir geben keiner Drogeriekette den Vorzug, aber wir sagen deutlich: In den<br \/>\nFilialen gehen die Verk\u00e4ufe weiter und gibt keinen Grund, Eink\u00e4ufe bei Schlecker<br \/>\nzu meiden oder individuelles Boykottverhalten weiter zu pflegen. Das w\u00e4re ein<br \/>\nfalscher und sehr ungerechter Weg.<br \/>\nWir sind \u00fcberzeugt: Das Unternehmen kann gerettet werden. Aber nicht, wenn<br \/>\ndie \u201cSchlecker-Frauen\u201c auf dem Umweg \u00fcber noch mehr Umsatzeinbu\u00dfen f\u00fcr das<br \/>\nschlechte Image ihres Arbeitgebers abgestraft werden.<br \/>\nEs sind die \u00fcberwiegend weiblichen Besch\u00e4ftigten, die gemeinsam mit der<br \/>\nGewerkschaft ver.di bei Schlecker Betriebsr\u00e4te und vern\u00fcnftige tarifvertragliche<br \/>\nRegelungen durchgesetzt haben. Dabei mussten immer wieder erhebliche<br \/>\nWiderst\u00e4nde aus den F\u00fchrungsebenen \u00fcberwunden werden.<br \/>\nDoch es gelang den \u201cSchlecker-Frauen\u201c ein St\u00fcck Sozialgeschichte der<br \/>\nBundesrepublik Deutschland zu schreiben: Aus einem tariflosen Unternehmen<br \/>\nmachten sie zusammen mit ver.di ein tarifgebundenes Unternehmen. Von Null<br \/>\nbetrieblichen Interessenvertretungen schafften sie es bis fast 200. Und trotz vieler<br \/>\nSchwierigkeiten gelang es Ihnen, die Arbeit im Unternehmen besser zu machen.<br \/>\nWir rufen deshalb dazu auf: Leisten Sie Ihren Beitrag f\u00fcr den Erhalt von<br \/>\nArbeitspl\u00e4tzen! Die Besch\u00e4ftigten bei Schlecker und ihre Familien haben sehr viele<br \/>\nSolidarit\u00e4t und Unterst\u00fctzung verdient!<br \/>\nV.i.S.d.P.:<br \/>\nver.di Landesbezirk Nord, Fachbereich Handel, Cornelia T\u00f6pfer, 18055 Rostock, August-Bebel-Stra\u00dfe 89<\/p>\n<div class=\"pdfprnt-buttons pdfprnt-buttons-post pdfprnt-bottom-right\"><a href=\"https:\/\/www.betriebundgewerkschaft-bw.de\/index.php?rest_route=wpv2posts488&print=pdf\" class=\"pdfprnt-button pdfprnt-button-pdf\" target=\"_blank\"><img src=\"https:\/\/www.betriebundgewerkschaft-bw.de\/wp-content\/plugins\/pdf-print\/images\/pdf.png\" alt=\"image_pdf\" title=\"PDF anzeigen\" \/><\/a><a href=\"https:\/\/www.betriebundgewerkschaft-bw.de\/index.php?rest_route=wpv2posts488&print=print\" class=\"pdfprnt-button pdfprnt-button-print\" target=\"_blank\"><img src=\"https:\/\/www.betriebundgewerkschaft-bw.de\/wp-content\/plugins\/pdf-print\/images\/print.png\" alt=\"image_print\" title=\"Inhalt drucken\" \/><\/a><\/div>","protected":false},"excerpt":{"rendered":"<p>Wie Ihr wisst, ist die Firma Schlecker samt Tochterunternehmen insolvent. \u00dcber 30.000 Arbeitspl\u00e4tze sind in Gefahr. Das ist auch deshalb in h\u00f6chstem Ma\u00dfe ein schlechtes Signal, weil die Mitarbeiterinnen der Firma sich in einmalig vorbildlicher Weise gegen die Machenschaften der Firma wehrten und deutlich bessere Arbeitsbedingungen und tarifvertragliche Regelungen erk\u00e4mpften. Die Mitarbeiterinnen trifft an der [&hellip;]<\/p>\n","protected":false},"author":1,"featured_media":0,"comment_status":"open","ping_status":"open","sticky":false,"template":"","format":"standard","meta":[],"categories":[1],"tags":[],"_links":{"self":[{"href":"https:\/\/www.betriebundgewerkschaft-bw.de\/index.php?rest_route=\/wp\/v2\/posts\/488"}],"collection":[{"href":"https:\/\/www.betriebundgewerkschaft-bw.de\/index.php?rest_route=\/wp\/v2\/posts"}],"about":[{"href":"https:\/\/www.betriebundgewerkschaft-bw.de\/index.php?rest_route=\/wp\/v2\/types\/post"}],"author":[{"embeddable":true,"href":"https:\/\/www.betriebundgewerkschaft-bw.de\/index.php?rest_route=\/wp\/v2\/users\/1"}],"replies":[{"embeddable":true,"href":"https:\/\/www.betriebundgewerkschaft-bw.de\/index.php?rest_route=%2Fwp%2Fv2%2Fcomments&post=488"}],"version-history":[{"count":5,"href":"https:\/\/www.betriebundgewerkschaft-bw.de\/index.php?rest_route=\/wp\/v2\/posts\/488\/revisions"}],"predecessor-version":[{"id":494,"href":"https:\/\/www.betriebundgewerkschaft-bw.de\/index.php?rest_route=\/wp\/v2\/posts\/488\/revisions\/494"}],"wp:attachment":[{"href":"https:\/\/www.betriebundgewerkschaft-bw.de\/index.php?rest_route=%2Fwp%2Fv2%2Fmedia&parent=488"}],"wp:term":[{"taxonomy":"category","embeddable":true,"href":"https:\/\/www.betriebundgewerkschaft-bw.de\/index.php?rest_route=%2Fwp%2Fv2%2Fcategories&post=488"},{"taxonomy":"post_tag","embeddable":true,"href":"https:\/\/www.betriebundgewerkschaft-bw.de\/index.php?rest_route=%2Fwp%2Fv2%2Ftags&post=488"}],"curies":[{"name":"wp","href":"https:\/\/api.w.org\/{rel}","templated":true}]}}