{"id":436,"date":"2012-02-15T14:35:11","date_gmt":"2012-02-15T12:35:11","guid":{"rendered":"https:\/\/www.betriebundgewerkschaft-bw.de\/?p=436"},"modified":"2012-02-15T14:35:11","modified_gmt":"2012-02-15T12:35:11","slug":"bsirske-erzieherische-tatigkeiten-mussen-aufgewertet-werden","status":"publish","type":"post","link":"https:\/\/www.betriebundgewerkschaft-bw.de\/?p=436","title":{"rendered":"Bsirske: Erzieherische T\u00e4tigkeiten m\u00fcssen aufgewertet werden"},"content":{"rendered":"<p><a href=\"http:\/\/www.sterkl.de\/wp-content\/uploads\/2011\/09\/frank-bsirske-verdi.png\"><img loading=\"lazy\" class=\"alignleft\" src=\"http:\/\/www.sterkl.de\/wp-content\/uploads\/2011\/09\/frank-bsirske-verdi.png\" alt=\"\" width=\"276\" height=\"215\" \/><\/a>ver.di-Pressemitteilung<\/p>\n<p>Die Vereinte Dienstleistungsgewerkschaft (ver.di) fordert eine nachhaltige Aufwertung der Arbeit p\u00e4dagogischer Fachkr\u00e4fte in Kindertagesst\u00e4tten. &#8222;Die Besch\u00e4ftigten in Kitas brauchen eine bessere Bezahlung, unbefristete Vollzeitstellen und einen deutlich verbesserten Personalschl\u00fcssel&#8220;, sagte der ver.di-Vorsitzende Frank<br \/>\nBsirske anl\u00e4sslich einer Veranstaltung auf der Bildungsfachmesse didacta am 15. Februar 2012 in Hannover. Bislang seien 60 Prozent aller Stellen lediglich Teilzeitstellen mit nur ungen\u00fcgenden Verdienstm\u00f6glichkeiten.<!--more--><\/p>\n<p>Erzieherinnen und Erzieher w\u00fcrden in vielen Regionen Deutschlands dringend gesucht. Gerade der Ausbau des Betreuungsangebots f\u00fcr Kinder unter drei Jahren erfordere deutlich mehr gut qualifizierte Fachkr\u00e4fte. &#8222;Damit wir genug junge Menschen f\u00fcr diese wichtige Arbeit gewinnen, m\u00fcssen die Erziehungsberufe wesentlich attraktiver werden&#8220;, betonte Bsirske. Dies gelinge nur mit deutlich verbesserten Arbeits- und Einkommensbedingungen. Zudem seien gute Arbeitsbedingungen eine grundlegende Voraussetzung f\u00fcr die Qualit\u00e4t fr\u00fchkindlicher Bildungsangebote, die die Basis f\u00fcr bessere Chancen und Zukunftsperspektiven von Kindern und Jugendlichen bildeten.<\/p>\n<p>Die Einkommensbedingungen in den Kitas werden dar\u00fcber hinaus eine zentrale Rolle in der anstehenden Tarifrunde im \u00f6ffentlichen Dienst von Bund und Kommunen spielen. Die Tarifverhandlungen im \u00f6ffentlichen<br \/>\nDienst beginnen am 1. M\u00e4rz in Potsdam.<\/p>\n<div class=\"pdfprnt-buttons pdfprnt-buttons-post pdfprnt-bottom-right\"><a href=\"https:\/\/www.betriebundgewerkschaft-bw.de\/index.php?rest_route=wpv2posts436&print=pdf\" class=\"pdfprnt-button pdfprnt-button-pdf\" target=\"_blank\"><img src=\"https:\/\/www.betriebundgewerkschaft-bw.de\/wp-content\/plugins\/pdf-print\/images\/pdf.png\" alt=\"image_pdf\" title=\"PDF anzeigen\" \/><\/a><a href=\"https:\/\/www.betriebundgewerkschaft-bw.de\/index.php?rest_route=wpv2posts436&print=print\" class=\"pdfprnt-button pdfprnt-button-print\" target=\"_blank\"><img src=\"https:\/\/www.betriebundgewerkschaft-bw.de\/wp-content\/plugins\/pdf-print\/images\/print.png\" alt=\"image_print\" title=\"Inhalt drucken\" \/><\/a><\/div>","protected":false},"excerpt":{"rendered":"<p>ver.di-Pressemitteilung Die Vereinte Dienstleistungsgewerkschaft (ver.di) fordert eine nachhaltige Aufwertung der Arbeit p\u00e4dagogischer Fachkr\u00e4fte in Kindertagesst\u00e4tten. &#8222;Die Besch\u00e4ftigten in Kitas brauchen eine bessere Bezahlung, unbefristete Vollzeitstellen und einen deutlich verbesserten Personalschl\u00fcssel&#8220;, sagte der ver.di-Vorsitzende Frank Bsirske anl\u00e4sslich einer Veranstaltung auf der Bildungsfachmesse didacta am 15. Februar 2012 in Hannover. Bislang seien 60 Prozent aller Stellen lediglich [&hellip;]<\/p>\n","protected":false},"author":1,"featured_media":0,"comment_status":"open","ping_status":"open","sticky":false,"template":"","format":"standard","meta":[],"categories":[1],"tags":[],"_links":{"self":[{"href":"https:\/\/www.betriebundgewerkschaft-bw.de\/index.php?rest_route=\/wp\/v2\/posts\/436"}],"collection":[{"href":"https:\/\/www.betriebundgewerkschaft-bw.de\/index.php?rest_route=\/wp\/v2\/posts"}],"about":[{"href":"https:\/\/www.betriebundgewerkschaft-bw.de\/index.php?rest_route=\/wp\/v2\/types\/post"}],"author":[{"embeddable":true,"href":"https:\/\/www.betriebundgewerkschaft-bw.de\/index.php?rest_route=\/wp\/v2\/users\/1"}],"replies":[{"embeddable":true,"href":"https:\/\/www.betriebundgewerkschaft-bw.de\/index.php?rest_route=%2Fwp%2Fv2%2Fcomments&post=436"}],"version-history":[{"count":1,"href":"https:\/\/www.betriebundgewerkschaft-bw.de\/index.php?rest_route=\/wp\/v2\/posts\/436\/revisions"}],"predecessor-version":[{"id":437,"href":"https:\/\/www.betriebundgewerkschaft-bw.de\/index.php?rest_route=\/wp\/v2\/posts\/436\/revisions\/437"}],"wp:attachment":[{"href":"https:\/\/www.betriebundgewerkschaft-bw.de\/index.php?rest_route=%2Fwp%2Fv2%2Fmedia&parent=436"}],"wp:term":[{"taxonomy":"category","embeddable":true,"href":"https:\/\/www.betriebundgewerkschaft-bw.de\/index.php?rest_route=%2Fwp%2Fv2%2Fcategories&post=436"},{"taxonomy":"post_tag","embeddable":true,"href":"https:\/\/www.betriebundgewerkschaft-bw.de\/index.php?rest_route=%2Fwp%2Fv2%2Ftags&post=436"}],"curies":[{"name":"wp","href":"https:\/\/api.w.org\/{rel}","templated":true}]}}