{"id":399,"date":"2012-02-12T09:23:24","date_gmt":"2012-02-12T07:23:24","guid":{"rendered":"https:\/\/www.betriebundgewerkschaft-bw.de\/?p=399"},"modified":"2012-02-12T09:25:01","modified_gmt":"2012-02-12T07:25:01","slug":"zerstorung-des-sozialstaates-stoppen","status":"publish","type":"post","link":"https:\/\/www.betriebundgewerkschaft-bw.de\/?p=399","title":{"rendered":"Zerst\u00f6rung des Sozialstaates stoppen"},"content":{"rendered":"<p><em>Michael Schlecht, Pressemitteilung<\/em><br \/>\n\u201eDas Rettungspaket, das die griechische Regierung sich durch ihre beispiellosen K\u00fcrzungsbeschl\u00fcsse teuer erkauft hat, ist ein Rettungspaket f\u00fcr Banken und private Gl\u00e4ubiger. Es hilft weder dem Land noch der griechischen Bev\u00f6lkerung\u201c, kommentiert Michael Schlecht das gestern zwischen der Troika aus EU, EZB und IWF und Griechenland vereinbarte Memorandum.<!--more--><\/p>\n<p>Der Chefvolkswirt der Fraktion DIE LINKE weiter: \u201eF\u00fcr die Banken werden mal eben 30 Milliarden Euro Cash bereitgestellt. Die griechische Bev\u00f6lkerung trifft die ganze Grausamkeit: Die L\u00f6hne in der Privatwirtschaft werden um 20 bis 30 Prozent gek\u00fcrzt, der Mindestlohn auf 590 Euro im Monat gesenkt, Renten und Arbeitslosengeld sollen ebenfalls weiter runter. Seit zwei Jahren schon wird Griechenland gezwungen, das sch\u00e4rfste K\u00fcrzungsprogramm zu fahren, das es je in einem Land in Europa je gegeben hat. Das Resultat: Die Wirtschaft ist seit 2009 um 15 Prozent geschrumpft. Jeder einigerma\u00dfen vernunftbegabte Mensch sollte erkennen, dass das \u201aSparprogramm\u2018 genannte Medikament dem griechischen Patienten nicht hilft, sondern Gift f\u00fcr ihn ist. Dieser Irrsinn muss ein Ende haben.<\/p>\n<p>Es geht in Griechenland nicht nur darum, Massenarmut und Hunger zu verhindern. Es geht auch darum, das europ\u00e4ische Sozialstaatsmodel zu verteidigen, das Demokratie, Tarifautonomie und soziale Netze beinhaltet. Die Lohn- und Sozialk\u00fcrzungen in Griechenland und anderen Krisenl\u00e4ndern k\u00f6nnen sich auch f\u00fcr Deutschland als verheerend erweisen.\u201c<\/p>\n<div class=\"pdfprnt-buttons pdfprnt-buttons-post pdfprnt-bottom-right\"><a href=\"https:\/\/www.betriebundgewerkschaft-bw.de\/index.php?rest_route=wpv2posts399&print=pdf\" class=\"pdfprnt-button pdfprnt-button-pdf\" target=\"_blank\"><img src=\"https:\/\/www.betriebundgewerkschaft-bw.de\/wp-content\/plugins\/pdf-print\/images\/pdf.png\" alt=\"image_pdf\" title=\"PDF anzeigen\" \/><\/a><a href=\"https:\/\/www.betriebundgewerkschaft-bw.de\/index.php?rest_route=wpv2posts399&print=print\" class=\"pdfprnt-button pdfprnt-button-print\" target=\"_blank\"><img src=\"https:\/\/www.betriebundgewerkschaft-bw.de\/wp-content\/plugins\/pdf-print\/images\/print.png\" alt=\"image_print\" title=\"Inhalt drucken\" \/><\/a><\/div>","protected":false},"excerpt":{"rendered":"<p>Michael Schlecht, Pressemitteilung \u201eDas Rettungspaket, das die griechische Regierung sich durch ihre beispiellosen K\u00fcrzungsbeschl\u00fcsse teuer erkauft hat, ist ein Rettungspaket f\u00fcr Banken und private Gl\u00e4ubiger. Es hilft weder dem Land noch der griechischen Bev\u00f6lkerung\u201c, kommentiert Michael Schlecht das gestern zwischen der Troika aus EU, EZB und IWF und Griechenland vereinbarte Memorandum.<\/p>\n","protected":false},"author":1,"featured_media":0,"comment_status":"open","ping_status":"open","sticky":false,"template":"","format":"standard","meta":[],"categories":[1],"tags":[],"_links":{"self":[{"href":"https:\/\/www.betriebundgewerkschaft-bw.de\/index.php?rest_route=\/wp\/v2\/posts\/399"}],"collection":[{"href":"https:\/\/www.betriebundgewerkschaft-bw.de\/index.php?rest_route=\/wp\/v2\/posts"}],"about":[{"href":"https:\/\/www.betriebundgewerkschaft-bw.de\/index.php?rest_route=\/wp\/v2\/types\/post"}],"author":[{"embeddable":true,"href":"https:\/\/www.betriebundgewerkschaft-bw.de\/index.php?rest_route=\/wp\/v2\/users\/1"}],"replies":[{"embeddable":true,"href":"https:\/\/www.betriebundgewerkschaft-bw.de\/index.php?rest_route=%2Fwp%2Fv2%2Fcomments&post=399"}],"version-history":[{"count":3,"href":"https:\/\/www.betriebundgewerkschaft-bw.de\/index.php?rest_route=\/wp\/v2\/posts\/399\/revisions"}],"predecessor-version":[{"id":401,"href":"https:\/\/www.betriebundgewerkschaft-bw.de\/index.php?rest_route=\/wp\/v2\/posts\/399\/revisions\/401"}],"wp:attachment":[{"href":"https:\/\/www.betriebundgewerkschaft-bw.de\/index.php?rest_route=%2Fwp%2Fv2%2Fmedia&parent=399"}],"wp:term":[{"taxonomy":"category","embeddable":true,"href":"https:\/\/www.betriebundgewerkschaft-bw.de\/index.php?rest_route=%2Fwp%2Fv2%2Fcategories&post=399"},{"taxonomy":"post_tag","embeddable":true,"href":"https:\/\/www.betriebundgewerkschaft-bw.de\/index.php?rest_route=%2Fwp%2Fv2%2Ftags&post=399"}],"curies":[{"name":"wp","href":"https:\/\/api.w.org\/{rel}","templated":true}]}}