{"id":374,"date":"2012-02-09T17:35:35","date_gmt":"2012-02-09T15:35:35","guid":{"rendered":"https:\/\/www.betriebundgewerkschaft-bw.de\/?p=374"},"modified":"2012-02-12T13:59:59","modified_gmt":"2012-02-12T11:59:59","slug":"ist-dgb-chef-sommer-urteilsfahig","status":"publish","type":"post","link":"https:\/\/www.betriebundgewerkschaft-bw.de\/?p=374","title":{"rendered":"Ist DGB-Chef Sommer urteilsf\u00e4hig?"},"content":{"rendered":"<p><em>Michael Schlecht<\/em><strong><br \/>\n<\/strong><\/p>\n<p>Der gewerkschaftspolitische Sprecher des Parteivorstands der LINKEN, Michael Schlecht, \u00fcbt scharfe Kritik an DGB-Chef Michael Sommer und zieht dessen politische Urteilsf\u00e4higkeit in Zweifel. Er erkl\u00e4rt: Ist DGB-Chef Michael Sommer urteilsf\u00e4hig? Diese Frage dr\u00e4ngt sich auf wenn er der Partei DIE LINKE eine vermeintliches &#8222;nicht regierungsf\u00e4hig&#8220; attestiert. DIE\u00a0LINKE ist die einzige Partei, die konsequent gegen die Rente mit 67 eintritt.<!--more--> Die Gr\u00fcnen stehen fest an der Seite von Merkel &#8211; die Sommer so charmant findet &#8211; und halten unbeirrt an der verkappten Rentenk\u00fcrzung fest. Die SPD ist auch weiterhin von der &#8222;Notwendigkeit&#8220; der Rente mit 67 \u00fcberzeugt, versucht aber mit Nebelkerzen dies zu verschleiern. Sommer d\u00fcrfte dies nicht entgangen sein. Nimmt man nur einmal die Rente mit 67, so ist nach Beschlusslage des DGB keine Partei regierungsf\u00e4hig, sondern nur DIE LINKE. Ist es mangelnde Urteilskraft, das Sommer zu solchen abstrusen Behauptungen treibt. Nein, das sicher nicht. Aber er ist im Nebenjob eben noch SPD-Mitglied. Dass er im Hauptjob als DGB-Vorsitzender einer Einheitsgewerkschaft vorsteht, hat er immer noch nicht hinreichend verinnerlicht. Mit den Angriffen auf DIE LINKE beteiligt er sich f\u00fcr seine Partei zu einem fr\u00fchen Zeitpunkt am Bundestagswahlkampf.<\/p>\n<div class=\"pdfprnt-buttons pdfprnt-buttons-post pdfprnt-bottom-right\"><a href=\"https:\/\/www.betriebundgewerkschaft-bw.de\/index.php?rest_route=wpv2posts374&print=pdf\" class=\"pdfprnt-button pdfprnt-button-pdf\" target=\"_blank\"><img src=\"https:\/\/www.betriebundgewerkschaft-bw.de\/wp-content\/plugins\/pdf-print\/images\/pdf.png\" alt=\"image_pdf\" title=\"PDF anzeigen\" \/><\/a><a href=\"https:\/\/www.betriebundgewerkschaft-bw.de\/index.php?rest_route=wpv2posts374&print=print\" class=\"pdfprnt-button pdfprnt-button-print\" target=\"_blank\"><img src=\"https:\/\/www.betriebundgewerkschaft-bw.de\/wp-content\/plugins\/pdf-print\/images\/print.png\" alt=\"image_print\" title=\"Inhalt drucken\" \/><\/a><\/div>","protected":false},"excerpt":{"rendered":"<p>Michael Schlecht Der gewerkschaftspolitische Sprecher des Parteivorstands der LINKEN, Michael Schlecht, \u00fcbt scharfe Kritik an DGB-Chef Michael Sommer und zieht dessen politische Urteilsf\u00e4higkeit in Zweifel. Er erkl\u00e4rt: Ist DGB-Chef Michael Sommer urteilsf\u00e4hig? Diese Frage dr\u00e4ngt sich auf wenn er der Partei DIE LINKE eine vermeintliches &#8222;nicht regierungsf\u00e4hig&#8220; attestiert. DIE\u00a0LINKE ist die einzige Partei, die konsequent [&hellip;]<\/p>\n","protected":false},"author":1,"featured_media":0,"comment_status":"open","ping_status":"open","sticky":false,"template":"","format":"standard","meta":[],"categories":[1],"tags":[],"_links":{"self":[{"href":"https:\/\/www.betriebundgewerkschaft-bw.de\/index.php?rest_route=\/wp\/v2\/posts\/374"}],"collection":[{"href":"https:\/\/www.betriebundgewerkschaft-bw.de\/index.php?rest_route=\/wp\/v2\/posts"}],"about":[{"href":"https:\/\/www.betriebundgewerkschaft-bw.de\/index.php?rest_route=\/wp\/v2\/types\/post"}],"author":[{"embeddable":true,"href":"https:\/\/www.betriebundgewerkschaft-bw.de\/index.php?rest_route=\/wp\/v2\/users\/1"}],"replies":[{"embeddable":true,"href":"https:\/\/www.betriebundgewerkschaft-bw.de\/index.php?rest_route=%2Fwp%2Fv2%2Fcomments&post=374"}],"version-history":[{"count":2,"href":"https:\/\/www.betriebundgewerkschaft-bw.de\/index.php?rest_route=\/wp\/v2\/posts\/374\/revisions"}],"predecessor-version":[{"id":412,"href":"https:\/\/www.betriebundgewerkschaft-bw.de\/index.php?rest_route=\/wp\/v2\/posts\/374\/revisions\/412"}],"wp:attachment":[{"href":"https:\/\/www.betriebundgewerkschaft-bw.de\/index.php?rest_route=%2Fwp%2Fv2%2Fmedia&parent=374"}],"wp:term":[{"taxonomy":"category","embeddable":true,"href":"https:\/\/www.betriebundgewerkschaft-bw.de\/index.php?rest_route=%2Fwp%2Fv2%2Fcategories&post=374"},{"taxonomy":"post_tag","embeddable":true,"href":"https:\/\/www.betriebundgewerkschaft-bw.de\/index.php?rest_route=%2Fwp%2Fv2%2Ftags&post=374"}],"curies":[{"name":"wp","href":"https:\/\/api.w.org\/{rel}","templated":true}]}}