{"id":2557,"date":"2026-01-25T22:38:25","date_gmt":"2026-01-25T20:38:25","guid":{"rendered":"https:\/\/www.betriebundgewerkschaft-bw.de\/?p=2557"},"modified":"2026-02-25T11:48:34","modified_gmt":"2026-02-25T09:48:34","slug":"jetzt-unterschreiben-gewerkschafterinnenaufruf-zur-landtagswahl-2026-in-bawue","status":"publish","type":"post","link":"https:\/\/www.betriebundgewerkschaft-bw.de\/?p=2557","title":{"rendered":"Jetzt Unterschreiben Gewerkschafter*innenaufruf zur Landtagswahl 2026 in BaW\u00fc: Die LINKE in den Landtag"},"content":{"rendered":"<p><span style=\"font-family: Work Sans Light, sans-serif;\"><span style=\"font-size: medium;\"><i><b>Jetzt mitmachen und<\/b><\/i><\/span><\/span><span style=\"font-family: Work Sans Light, sans-serif;\"><span style=\"font-size: medium;\"><i><b> per E-Mail unterzeichnen:<\/b><\/i><\/span><\/span><\/p>\n<p><span style=\"font-family: Arial, sans-serif;\"><span style=\"font-size: medium;\"><a href=\"mailto:betriebundgewerkschaft@die-linke-bw.de\"><span style=\"font-family: Work Sans Light, sans-serif;\">betriebundgewerkschaft@die-linke-bw.de<\/span><\/a><\/span><\/span><\/p>\n<p><span style=\"font-family: Work Sans Light, sans-serif;\"><span style=\"font-size: medium;\">Im Betreff: &#8222;Gewerkschafter*innen w\u00e4hlen Die Linke&#8220; <\/span><\/span><strong><span style=\"font-family: Work Sans Light, sans-serif;\"><span style=\"font-size: medium;\">Vorname Name, Funktion<\/span><\/span><\/strong><\/p>\n<p><a href=\"https:\/\/www.betriebundgewerkschaft-bw.de\/wp-content\/uploads\/2026\/01\/26_0126_Gew-Aufruf_LTW_2026.pdf\">AUFRUF download<\/a><\/p>\n<p><strong>Erstunterzeichner*innen:<br \/>\n<\/strong><\/p>\n<div class=\"page\" title=\"Page 3\">\n<div class=\"layoutArea\">\n<div class=\"column\">\n<p><img loading=\"lazy\" class=\"alignnone size-full wp-image-2585\" src=\"https:\/\/www.betriebundgewerkschaft-bw.de\/wp-content\/uploads\/2026\/01\/NurUnterzeichnerInnen_Text_klein_richtig.jpg\" alt=\"Erstunterzeichner\" width=\"1129\" height=\"2051\" srcset=\"https:\/\/www.betriebundgewerkschaft-bw.de\/wp-content\/uploads\/2026\/01\/NurUnterzeichnerInnen_Text_klein_richtig.jpg 1129w, https:\/\/www.betriebundgewerkschaft-bw.de\/wp-content\/uploads\/2026\/01\/NurUnterzeichnerInnen_Text_klein_richtig-165x300.jpg 165w, https:\/\/www.betriebundgewerkschaft-bw.de\/wp-content\/uploads\/2026\/01\/NurUnterzeichnerInnen_Text_klein_richtig-1101x2000.jpg 1101w, https:\/\/www.betriebundgewerkschaft-bw.de\/wp-content\/uploads\/2026\/01\/NurUnterzeichnerInnen_Text_klein_richtig-768x1395.jpg 768w, https:\/\/www.betriebundgewerkschaft-bw.de\/wp-content\/uploads\/2026\/01\/NurUnterzeichnerInnen_Text_klein_richtig-846x1536.jpg 846w, https:\/\/www.betriebundgewerkschaft-bw.de\/wp-content\/uploads\/2026\/01\/NurUnterzeichnerInnen_Text_klein_richtig-1127x2048.jpg 1127w\" sizes=\"(max-width: 1129px) 100vw, 1129px\" \/><\/p>\n<p>Michael Jokusch; BR-Vorsitzender Lieferando<br \/>\nMichael Gutmann; Gesch\u00e4ftsf\u00fchrer<br \/>\nJ\u00fcrgen Lippl; Gewerkschaftssekret\u00e4r<\/p>\n<p>&nbsp;<\/p>\n<\/div>\n<\/div>\n<\/div>\n<div class=\"pdfprnt-buttons pdfprnt-buttons-post pdfprnt-bottom-right\"><a href=\"https:\/\/www.betriebundgewerkschaft-bw.de\/index.php?rest_route=wpv2posts2557&print=pdf\" class=\"pdfprnt-button pdfprnt-button-pdf\" target=\"_blank\"><img src=\"https:\/\/www.betriebundgewerkschaft-bw.de\/wp-content\/plugins\/pdf-print\/images\/pdf.png\" alt=\"image_pdf\" title=\"PDF anzeigen\" \/><\/a><a href=\"https:\/\/www.betriebundgewerkschaft-bw.de\/index.php?rest_route=wpv2posts2557&print=print\" class=\"pdfprnt-button pdfprnt-button-print\" target=\"_blank\"><img src=\"https:\/\/www.betriebundgewerkschaft-bw.de\/wp-content\/plugins\/pdf-print\/images\/print.png\" alt=\"image_print\" title=\"Inhalt drucken\" \/><\/a><\/div>","protected":false},"excerpt":{"rendered":"<p>Jetzt mitmachen und per E-Mail unterzeichnen: betriebundgewerkschaft@die-linke-bw.de Im Betreff: &#8222;Gewerkschafter*innen w\u00e4hlen Die Linke&#8220; Vorname Name, Funktion AUFRUF download Erstunterzeichner*innen: Michael Jokusch; BR-Vorsitzender Lieferando Michael Gutmann; Gesch\u00e4ftsf\u00fchrer J\u00fcrgen Lippl; Gewerkschaftssekret\u00e4r &nbsp;<\/p>\n","protected":false},"author":12,"featured_media":0,"comment_status":"open","ping_status":"open","sticky":false,"template":"","format":"standard","meta":[],"categories":[1],"tags":[],"_links":{"self":[{"href":"https:\/\/www.betriebundgewerkschaft-bw.de\/index.php?rest_route=\/wp\/v2\/posts\/2557"}],"collection":[{"href":"https:\/\/www.betriebundgewerkschaft-bw.de\/index.php?rest_route=\/wp\/v2\/posts"}],"about":[{"href":"https:\/\/www.betriebundgewerkschaft-bw.de\/index.php?rest_route=\/wp\/v2\/types\/post"}],"author":[{"embeddable":true,"href":"https:\/\/www.betriebundgewerkschaft-bw.de\/index.php?rest_route=\/wp\/v2\/users\/12"}],"replies":[{"embeddable":true,"href":"https:\/\/www.betriebundgewerkschaft-bw.de\/index.php?rest_route=%2Fwp%2Fv2%2Fcomments&post=2557"}],"version-history":[{"count":20,"href":"https:\/\/www.betriebundgewerkschaft-bw.de\/index.php?rest_route=\/wp\/v2\/posts\/2557\/revisions"}],"predecessor-version":[{"id":2596,"href":"https:\/\/www.betriebundgewerkschaft-bw.de\/index.php?rest_route=\/wp\/v2\/posts\/2557\/revisions\/2596"}],"wp:attachment":[{"href":"https:\/\/www.betriebundgewerkschaft-bw.de\/index.php?rest_route=%2Fwp%2Fv2%2Fmedia&parent=2557"}],"wp:term":[{"taxonomy":"category","embeddable":true,"href":"https:\/\/www.betriebundgewerkschaft-bw.de\/index.php?rest_route=%2Fwp%2Fv2%2Fcategories&post=2557"},{"taxonomy":"post_tag","embeddable":true,"href":"https:\/\/www.betriebundgewerkschaft-bw.de\/index.php?rest_route=%2Fwp%2Fv2%2Ftags&post=2557"}],"curies":[{"name":"wp","href":"https:\/\/api.w.org\/{rel}","templated":true}]}}