{"id":2376,"date":"2022-03-31T20:50:57","date_gmt":"2022-03-31T18:50:57","guid":{"rendered":"https:\/\/www.betriebundgewerkschaft-bw.de\/?p=2376"},"modified":"2022-03-31T20:51:22","modified_gmt":"2022-03-31T18:51:22","slug":"neuwahl-des-sprecherinnenrats","status":"publish","type":"post","link":"https:\/\/www.betriebundgewerkschaft-bw.de\/?p=2376","title":{"rendered":"Neuwahl des Sprecher:innenrats"},"content":{"rendered":"<div><\/div>\n<div class=\"\" style=\"text-align: left;\">Am 13. Februar 2022 wurde die Neuwahl des Sprecher:innenrates der Landesarbeitsgemeinschaft Betrieb&amp;Gewerkschaft Baden-W\u00fcrttemberg in einer digitalen Mitgliederversammlung gew\u00e4hlt und in einer darauf folgenden Briefwahl best\u00e4tigt. Diese Briefwahl wurde, nach der Mitgliederversammlung mit Online-Wahl am 13.Februar 2022, notwendig.<\/div>\n<div class=\"\"><\/div>\n<div class=\"\"><\/div>\n<div class=\"\">Die Zehn gew\u00e4hlten Mitglieder sind:<\/div>\n<div class=\"\"><\/div>\n<div class=\"\">&#8211; Martin Auerbach<\/div>\n<div class=\"\">&#8211; Eric B\u00f6ttcher<\/div>\n<div class=\"\">&#8211; Jochen D\u00fcrr<\/div>\n<div class=\"\">&#8211; Maria Haido<\/div>\n<div class=\"\">&#8211; Caroline Kirchhoff<\/div>\n<div class=\"\">&#8211; Walter Kubach<\/div>\n<div class=\"\">&#8211; Margrit Paal<\/div>\n<div class=\"\">&#8211; Alexander Relea-Linder<\/div>\n<div class=\"\">&#8211; Heidi Scharf<\/div>\n<div class=\"\">&#8211; Jessica Tatti<\/div>\n<div class=\"\"><\/div>\n<div>Wir freuen uns, dass wir f\u00fcr die zuk\u00fcnftigen zwei Amtsjahre gut aufgestellt sind und linke betriebliche Arbeit voranbringen werden!<\/div>\n<div class=\"pdfprnt-buttons pdfprnt-buttons-post pdfprnt-bottom-right\"><a href=\"https:\/\/www.betriebundgewerkschaft-bw.de\/index.php?rest_route=wpv2posts2376&print=pdf\" class=\"pdfprnt-button pdfprnt-button-pdf\" target=\"_blank\"><img src=\"https:\/\/www.betriebundgewerkschaft-bw.de\/wp-content\/plugins\/pdf-print\/images\/pdf.png\" alt=\"image_pdf\" title=\"PDF anzeigen\" \/><\/a><a href=\"https:\/\/www.betriebundgewerkschaft-bw.de\/index.php?rest_route=wpv2posts2376&print=print\" class=\"pdfprnt-button pdfprnt-button-print\" target=\"_blank\"><img src=\"https:\/\/www.betriebundgewerkschaft-bw.de\/wp-content\/plugins\/pdf-print\/images\/print.png\" alt=\"image_print\" title=\"Inhalt drucken\" \/><\/a><\/div>","protected":false},"excerpt":{"rendered":"<p>Am 13. Februar 2022 wurde die Neuwahl des Sprecher:innenrates der Landesarbeitsgemeinschaft Betrieb&amp;Gewerkschaft Baden-W\u00fcrttemberg in einer digitalen Mitgliederversammlung gew\u00e4hlt und in einer darauf folgenden Briefwahl best\u00e4tigt. Diese Briefwahl wurde, nach der Mitgliederversammlung mit Online-Wahl am 13.Februar 2022, notwendig. Die Zehn gew\u00e4hlten Mitglieder sind: &#8211; Martin Auerbach &#8211; Eric B\u00f6ttcher &#8211; Jochen D\u00fcrr &#8211; Maria Haido &#8211; [&hellip;]<\/p>\n","protected":false},"author":12,"featured_media":0,"comment_status":"open","ping_status":"open","sticky":false,"template":"","format":"standard","meta":[],"categories":[1],"tags":[],"_links":{"self":[{"href":"https:\/\/www.betriebundgewerkschaft-bw.de\/index.php?rest_route=\/wp\/v2\/posts\/2376"}],"collection":[{"href":"https:\/\/www.betriebundgewerkschaft-bw.de\/index.php?rest_route=\/wp\/v2\/posts"}],"about":[{"href":"https:\/\/www.betriebundgewerkschaft-bw.de\/index.php?rest_route=\/wp\/v2\/types\/post"}],"author":[{"embeddable":true,"href":"https:\/\/www.betriebundgewerkschaft-bw.de\/index.php?rest_route=\/wp\/v2\/users\/12"}],"replies":[{"embeddable":true,"href":"https:\/\/www.betriebundgewerkschaft-bw.de\/index.php?rest_route=%2Fwp%2Fv2%2Fcomments&post=2376"}],"version-history":[{"count":2,"href":"https:\/\/www.betriebundgewerkschaft-bw.de\/index.php?rest_route=\/wp\/v2\/posts\/2376\/revisions"}],"predecessor-version":[{"id":2378,"href":"https:\/\/www.betriebundgewerkschaft-bw.de\/index.php?rest_route=\/wp\/v2\/posts\/2376\/revisions\/2378"}],"wp:attachment":[{"href":"https:\/\/www.betriebundgewerkschaft-bw.de\/index.php?rest_route=%2Fwp%2Fv2%2Fmedia&parent=2376"}],"wp:term":[{"taxonomy":"category","embeddable":true,"href":"https:\/\/www.betriebundgewerkschaft-bw.de\/index.php?rest_route=%2Fwp%2Fv2%2Fcategories&post=2376"},{"taxonomy":"post_tag","embeddable":true,"href":"https:\/\/www.betriebundgewerkschaft-bw.de\/index.php?rest_route=%2Fwp%2Fv2%2Ftags&post=2376"}],"curies":[{"name":"wp","href":"https:\/\/api.w.org\/{rel}","templated":true}]}}