{"id":2348,"date":"2021-12-07T10:54:08","date_gmt":"2021-12-07T08:54:08","guid":{"rendered":"https:\/\/www.betriebundgewerkschaft-bw.de\/?p=2348"},"modified":"2021-12-07T10:56:59","modified_gmt":"2021-12-07T08:56:59","slug":"offener-brief-von-jana-an-karl","status":"publish","type":"post","link":"https:\/\/www.betriebundgewerkschaft-bw.de\/?p=2348","title":{"rendered":"Offener Brief von Jana an Karl . . ."},"content":{"rendered":"\r\n<div style=\"width: 291px\" class=\"wp-caption alignright\"><img loading=\"lazy\" class=\"\" src=\"https:\/\/scontent-frt3-1.xx.fbcdn.net\/v\/t39.30808-6\/233504135_4149081445128644_6522832287993491896_n.jpg?_nc_cat=107&amp;ccb=1-5&amp;_nc_sid=09cbfe&amp;_nc_ohc=2KLcOBJG0JQAX9QAeKB&amp;_nc_ht=scontent-frt3-1.xx&amp;oh=e70ef1ef735edb1207fff32bb455dd6d&amp;oe=61B3E3AE\" alt=\"\" width=\"281\" height=\"281\" \/><p class=\"wp-caption-text\">Jana Langer Ulm<\/p><\/div>\r\n<p>Sehr geehrter Hr. Lauterbach,<br \/>lange hat man uns auf die Folter gespannt, nun endlich ist ihrer Ernennung da. Und es war schon einigerma\u00dfen skurril die letzten Wochen. Die Namen die gehandelt wurden, f\u00fcr den Posten des Bundesgesundheitsminister, brachten viele \u00c4ngste und Bef\u00fcrchtungen.<br \/>Ein kleines St\u00fcckchen Hoffnung haben wir, auch wenn ihre Vergangenheit und damit folgenschwere Entscheidungen auf ihnen lasten.<br \/>Das Erbe das sie antreten ist ein katastrophaler Scherbenhaufen. Garniert wird das ganze nun mit Corona. Vorteile hat das kleine Virus schon: es offenbart in G\u00e4nze die Schwachstellen des Gesundheitssystems, sie m\u00fcssten also nur auf die Profis der Basis h\u00f6ren, und \u201eZack\u201c das ganze Dilemma w\u00e4re beendet.<!--more--><br \/>Der einen Meldung folgte jedoch schon wieder der n\u00e4chsten Aufreger, der uns erneut unendlich w\u00fctend machen. Eine Partei, die alles andere als sozial handelt, deren Einstellung zu Allgemeinwohl und Arbeitnehmerfreundlichkeit und Schutzma\u00dfnahmen so kontr\u00e4r sind wie Tag und Nacht, soll nun den Gesundheitsausschuss leiten? <br \/>Abgesehen davon, dass ich sie bemitleide mit solchen Personen arbeiten zu m\u00fcssen, ist dies die erste und schlimmste Fehlentscheidung, die von Beginn an unsere Hoffnungen mit dem Vorschlaghammer zunichte macht.<br \/>Mein Entsetzen dar\u00fcber kann ich nur laut in die Menge schreien!<br \/>Nachdem Hr. Spahn gro\u00dfz\u00fcgig einen erneuten Corona-Bonus in die Runde geworfen hat, warum auch immer, wurde nun gestern bekannt, dass dieser erstmal \u00fcberpr\u00fcft werden m\u00fcsse, um \u201edie Richtigen\u201c zu erreichen. Das wirft Fragen auf: wer sind denn Bittesch\u00f6n \u201edie Richtigen\u201c? Und wer entscheidet dar\u00fcber? Die Abgeordneten der AFD???? Diejenigen die das Virus noch immer klein reden, sich \u00f6ffentlich dazu bekennen Nichtgeimpft zu sein?<br \/>Der erste Bonus spaltete bereits die Belegschaft, deren Kl\u00e4nge des Unmuts dar\u00fcber wer ihn bekommen hat und wer nicht, noch immer tagt\u00e4glich in meinen Ohren schallen.<br \/>Eine Klinik funktioniert nur als Team, wir alle haben die Wellen des Virus zusammen gemeistert. Jeder hat seinen Teil dazu beigetragen, Opfer gebracht, Mehrarbeit geleistet, \u00dcberstunden aufgebaut. Nicht nur Intensivkr\u00e4fte verlassen Reihenwiese den Beruf, der Personalmangel ist in allen Berufsgruppen zu sp\u00fcren. Es gibt fast niemanden mehr, der noch 100% arbeitet.<br \/>Ein solcher Bonus kann nie gerecht verteilt werden, und es bedarf weitaus mehr als Geld um die GesundheitsmitarbeiterInnen wieder mit 100% an ihren Arbeitsplatz zu holen!<br \/>Sorgen sie daf\u00fcr, dass die Bedingungen ein menschenw\u00fcrdiges Arbeiten wieder erm\u00f6glichen. Eine Klinik ist keine Fabrik, der Markt kann eine Klinik nicht regeln!<br \/>F\u00fcr ihre Aufgabe als Bundesgesundheitsminister, w\u00fcnsche ich Ihnen (und mir) ein gl\u00fcckliches H\u00e4ndchen, das mit Sachverstand und Empathie unseren Arbeitsbereich wieder zu einem lebenswerten Platz macht.<br \/>Hr. Spahn hat unsere Stimmen ignoriert oder die Stimmen seiner Lobbyisten waren zu laut, machen Sie nicht den gleichen Fehler!<br \/>Mit freundlichen Gr\u00fc\u00dfen<br \/>Jana Langer<\/p>\r\n<div class=\"pdfprnt-buttons pdfprnt-buttons-post pdfprnt-bottom-right\"><a href=\"https:\/\/www.betriebundgewerkschaft-bw.de\/index.php?rest_route=wpv2posts2348&print=pdf\" class=\"pdfprnt-button pdfprnt-button-pdf\" target=\"_blank\"><img src=\"https:\/\/www.betriebundgewerkschaft-bw.de\/wp-content\/plugins\/pdf-print\/images\/pdf.png\" alt=\"image_pdf\" title=\"PDF anzeigen\" \/><\/a><a href=\"https:\/\/www.betriebundgewerkschaft-bw.de\/index.php?rest_route=wpv2posts2348&print=print\" class=\"pdfprnt-button pdfprnt-button-print\" target=\"_blank\"><img src=\"https:\/\/www.betriebundgewerkschaft-bw.de\/wp-content\/plugins\/pdf-print\/images\/print.png\" alt=\"image_print\" title=\"Inhalt drucken\" \/><\/a><\/div>","protected":false},"excerpt":{"rendered":"<p>Sehr geehrter Hr. Lauterbach,lange hat man uns auf die Folter gespannt, nun endlich ist ihrer Ernennung da. Und es war schon einigerma\u00dfen skurril die letzten Wochen. Die Namen die gehandelt wurden, f\u00fcr den Posten des Bundesgesundheitsminister, brachten viele \u00c4ngste und Bef\u00fcrchtungen.Ein kleines St\u00fcckchen Hoffnung haben wir, auch wenn ihre Vergangenheit und damit folgenschwere Entscheidungen auf [&hellip;]<\/p>\n","protected":false},"author":13,"featured_media":0,"comment_status":"open","ping_status":"open","sticky":false,"template":"","format":"standard","meta":[],"categories":[1],"tags":[],"_links":{"self":[{"href":"https:\/\/www.betriebundgewerkschaft-bw.de\/index.php?rest_route=\/wp\/v2\/posts\/2348"}],"collection":[{"href":"https:\/\/www.betriebundgewerkschaft-bw.de\/index.php?rest_route=\/wp\/v2\/posts"}],"about":[{"href":"https:\/\/www.betriebundgewerkschaft-bw.de\/index.php?rest_route=\/wp\/v2\/types\/post"}],"author":[{"embeddable":true,"href":"https:\/\/www.betriebundgewerkschaft-bw.de\/index.php?rest_route=\/wp\/v2\/users\/13"}],"replies":[{"embeddable":true,"href":"https:\/\/www.betriebundgewerkschaft-bw.de\/index.php?rest_route=%2Fwp%2Fv2%2Fcomments&post=2348"}],"version-history":[{"count":5,"href":"https:\/\/www.betriebundgewerkschaft-bw.de\/index.php?rest_route=\/wp\/v2\/posts\/2348\/revisions"}],"predecessor-version":[{"id":2358,"href":"https:\/\/www.betriebundgewerkschaft-bw.de\/index.php?rest_route=\/wp\/v2\/posts\/2348\/revisions\/2358"}],"wp:attachment":[{"href":"https:\/\/www.betriebundgewerkschaft-bw.de\/index.php?rest_route=%2Fwp%2Fv2%2Fmedia&parent=2348"}],"wp:term":[{"taxonomy":"category","embeddable":true,"href":"https:\/\/www.betriebundgewerkschaft-bw.de\/index.php?rest_route=%2Fwp%2Fv2%2Fcategories&post=2348"},{"taxonomy":"post_tag","embeddable":true,"href":"https:\/\/www.betriebundgewerkschaft-bw.de\/index.php?rest_route=%2Fwp%2Fv2%2Ftags&post=2348"}],"curies":[{"name":"wp","href":"https:\/\/api.w.org\/{rel}","templated":true}]}}