{"id":2344,"date":"2021-12-04T11:16:21","date_gmt":"2021-12-04T09:16:21","guid":{"rendered":"https:\/\/www.betriebundgewerkschaft-bw.de\/?p=2344"},"modified":"2021-12-04T11:16:21","modified_gmt":"2021-12-04T09:16:21","slug":"susanne-ferschl-mdb-einschaetzung-des-koalitionsvertrages","status":"publish","type":"post","link":"https:\/\/www.betriebundgewerkschaft-bw.de\/?p=2344","title":{"rendered":"Susanne Ferschl MdB: Einsch\u00e4tzung des Koalitionsvertrages"},"content":{"rendered":"<p><span id=\"page3R_mcid2\" class=\"markedContent\"><\/span><span id=\"page3R_mcid3\" class=\"markedContent\"><\/span><span id=\"page3R_mcid4\" class=\"markedContent\"><span dir=\"ltr\" role=\"presentation\">Die Ampel<\/span><span dir=\"ltr\" role=\"presentation\">&#8211;<\/span><span dir=\"ltr\" role=\"presentation\">Parteien haben ihren Ko<\/span><span dir=\"ltr\" role=\"presentation\">alitionsvertrag ver\u00f6ffentlicht<\/span><\/span><span id=\"page3R_mcid5\" class=\"markedContent\"><span dir=\"ltr\" role=\"presentation\">.<\/span> <span dir=\"ltr\" role=\"presentation\">Wir haben uns eine Auswahl <\/span><span dir=\"ltr\" role=\"presentation\">der wichtigsten Themen f\u00fcr die Arbeits<\/span><span dir=\"ltr\" role=\"presentation\">welt f\u00fcr Euch n\u00e4her angeschaut.<\/span> <\/span><span id=\"page3R_mcid6\" class=\"markedContent\"><span dir=\"ltr\" role=\"presentation\">Im Folgenden <\/span><span dir=\"ltr\" role=\"presentation\">sind einzelne Punkte aus dem Koalitionsvertrag detailliert aufgef\u00fchrt und <\/span><br role=\"presentation\" \/><span dir=\"ltr\" role=\"presentation\">eingesch\u00e4tzt. Bei Fragen und R\u00fcckmeldung sind mein Team und ich jederze<\/span><span dir=\"ltr\" role=\"presentation\">it gern f\u00fcr euch <\/span><span dir=\"ltr\" role=\"presentation\">da.<\/span> <\/span><span id=\"page3R_mcid7\" class=\"markedContent\"> <\/span><span id=\"page3R_mcid8\" class=\"markedContent\"><\/span><\/p>\n<p><span id=\"page3R_mcid8\" class=\"markedContent\"><strong><span dir=\"ltr\" role=\"presentation\">Arbeitszeit<\/span> <\/strong><\/span><span id=\"page3R_mcid9\" class=\"markedContent\"><\/span><\/p>\n<p><span id=\"page3R_mcid9\" class=\"markedContent\"><span dir=\"ltr\" role=\"presentation\">Die Ampel will \u201eflexiblere Arbeitszeitmodelle\u201c erm\u00f6glichen<\/span> <span dir=\"ltr\" role=\"presentation\">und <\/span><span dir=\"ltr\" role=\"presentation\">eine <\/span><span dir=\"ltr\" role=\"presentation\">sogenannte <\/span><br role=\"presentation\" \/><span dir=\"ltr\" role=\"presentation\">\u201eExperimentierklausel\u201c einf\u00fchren<\/span><span dir=\"ltr\" role=\"presentation\">.<\/span> <span dir=\"ltr\" role=\"presentation\">Durch <\/span><span dir=\"ltr\" role=\"presentation\">\u00d6ffnungs<\/span><span dir=\"ltr\" role=\"presentation\">klauseln <\/span><span dir=\"ltr\" role=\"presentation\">in <\/span><span dir=\"ltr\" role=\"presentation\">Tarifvertr\u00e4gen <\/span><span dir=\"ltr\" role=\"presentation\">soll <\/span><span dir=\"ltr\" role=\"presentation\">eine <\/span><br role=\"presentation\" \/><span dir=\"ltr\" role=\"presentation\">Ausweitung der t\u00e4glichen H\u00f6chstarbeitszeit \u00fcber die <\/span><span dir=\"ltr\" role=\"presentation\">bisherigen 8 Stunden hinaus erm\u00f6glicht <\/span><span dir=\"ltr\" role=\"presentation\">werden. Dadurch werden d<\/span><span dir=\"ltr\" role=\"presentation\">ie Schutzrechte des Arbeitszeitgesetzes teilweise abgebaut<\/span><span dir=\"ltr\" role=\"presentation\">.<\/span> <br role=\"presentation\" \/><span dir=\"ltr\" role=\"presentation\">Denkbar ist aber auch, dass die Ruhezeiten zwischen zwei Arbeitseins\u00e4tzen verk\u00fcrzt werden <\/span><span dir=\"ltr\" role=\"presentation\">sollen. Diese hatte die <\/span><\/span><span id=\"page3R_mcid10\" class=\"markedContent\"><span dir=\"ltr\" role=\"presentation\">FDP<\/span><span dir=\"ltr\" role=\"presentation\">&#8211;<\/span><span dir=\"ltr\" role=\"presentation\">Fraktion im Bundestag gefordert<\/span><\/span><span id=\"page3R_mcid11\" class=\"markedContent\"> <span dir=\"ltr\" role=\"presentation\">.<\/span> <\/span><span id=\"page3R_mcid12\" class=\"markedContent\"><span dir=\"ltr\" role=\"presentation\">Im <\/span><span dir=\"ltr\" role=\"presentation\">Sondierungspapier <\/span><span dir=\"ltr\" role=\"presentation\">war <\/span><span dir=\"ltr\" role=\"presentation\">sogar <\/span><span dir=\"ltr\" role=\"presentation\">noch <\/span><span dir=\"ltr\" role=\"presentation\">vorgesehen, <\/span><span dir=\"ltr\" role=\"presentation\">dass <\/span><span dir=\"ltr\" role=\"presentation\">eine <\/span><span dir=\"ltr\" role=\"presentation\">\u00dcberschreitung <\/span><span dir=\"ltr\" role=\"presentation\">der <\/span><br role=\"presentation\" \/><span dir=\"ltr\" role=\"presentation\">Tagesh\u00f6chstarbeitszeit <\/span><span dir=\"ltr\" role=\"presentation\">durch <\/span><span dir=\"ltr\" role=\"presentation\">Betriebsvereinbarungen <\/span><span dir=\"ltr\" role=\"presentation\">geregelt <\/span><span dir=\"ltr\" role=\"presentation\">werden <\/span><span dir=\"ltr\" role=\"presentation\">k\u00f6nnte. <\/span><span dir=\"ltr\" role=\"presentation\">Dadurch <\/span><br role=\"presentation\" \/><span dir=\"ltr\" role=\"presentation\">w\u00e4ren Be<\/span><span dir=\"ltr\" role=\"presentation\">triebsr\u00e4te erheblich unter Druck geraten. Aber auch jetzt werden Arbeitgeber <\/span><br role=\"presentation\" \/><span dir=\"ltr\" role=\"presentation\">Gewerkschaften regelm\u00e4\u00dfig dazu auffordern in Tarifvertr\u00e4gen Klauseln zur <\/span> <span dir=\"ltr\" role=\"presentation\">\u00d6ffnung des <\/span><br role=\"presentation\" \/><span dir=\"ltr\" role=\"presentation\">Arbeitszeitgesetzes <\/span><span dir=\"ltr\" role=\"presentation\">aufzunehmen. <\/span><span dir=\"ltr\" role=\"presentation\">Und <\/span><span dir=\"ltr\" role=\"presentation\">das, <\/span><span dir=\"ltr\" role=\"presentation\">obwohl <\/span><span dir=\"ltr\" role=\"presentation\">bekannt <\/span><span dir=\"ltr\" role=\"presentation\">ist, <\/span><span dir=\"ltr\" role=\"presentation\">dass <\/span><span dir=\"ltr\" role=\"presentation\">ausufernde <\/span><br role=\"presentation\" \/><span dir=\"ltr\" role=\"presentation\">Arbeitszeiten <\/span><\/span><span id=\"page3R_mcid13\" class=\"markedContent\"><span dir=\"ltr\" role=\"presentation\">erhebliche gesundheitliche Risiken<\/span><\/span><span id=\"page3R_mcid14\" class=\"markedContent\"> <span dir=\"ltr\" role=\"presentation\">f\u00fcr die Besch\u00e4ftigten bedeuten. <\/span> <\/span><span id=\"page3R_mcid15\" class=\"markedContent\"><span dir=\"ltr\" role=\"presentation\">Das Urteil des Europ\u00e4ischen Gerichtshofes zur Arbeitszeiterfassung <\/span><span dir=\"ltr\" role=\"presentation\">aus dem Mai 2019 <\/span><span dir=\"ltr\" role=\"presentation\">wollen <\/span><br role=\"presentation\" \/><span dir=\"ltr\" role=\"presentation\">SPD, GR\u00dcNE und FDP <\/span><span dir=\"ltr\" role=\"presentation\">weiter nur <\/span><span dir=\"ltr\" role=\"presentation\">pr\u00fcfen. So hat es auch schon die Gro\u00dfe Koalition gehalten <\/span><span dir=\"ltr\" role=\"presentation\">und <\/span><span dir=\"ltr\" role=\"presentation\">ist <\/span><span dir=\"ltr\" role=\"presentation\">zu <\/span><span dir=\"ltr\" role=\"presentation\">keinem <\/span><span dir=\"ltr\" role=\"presentation\">Ergebnis <\/span><span dir=\"ltr\" role=\"presentation\">gekommen, <\/span><span dir=\"ltr\" role=\"presentation\">obwohl <\/span><\/span><span id=\"page3R_mcid16\" class=\"markedContent\"><span dir=\"ltr\" role=\"presentation\">einschl\u00e4gige <\/span><span dir=\"ltr\" role=\"presentation\">Gutachten <\/span><span dir=\"ltr\" role=\"presentation\">einen <\/span><span dir=\"ltr\" role=\"presentation\">klaren <\/span><span dir=\"ltr\" role=\"presentation\">Anpassungsbedarf f\u00fcr das deutsche Arbeitsrecht sahen<\/span><\/span><span id=\"page3R_mcid17\" class=\"markedContent\"> <span dir=\"ltr\" role=\"presentation\">. <\/span><span dir=\"ltr\" role=\"presentation\">Der geplante Pr\u00fcfauftrag soll wohl <\/span><span dir=\"ltr\" role=\"presentation\">die Umsetzung auf den Sankt<\/span><span dir=\"ltr\" role=\"presentation\">&#8211;<\/span><span dir=\"ltr\" role=\"presentation\">Nimmerleinstag verschieben. <\/span> <span dir=\"ltr\" role=\"presentation\">Gerade bei einer gepl<\/span><span dir=\"ltr\" role=\"presentation\">anten <\/span><span dir=\"ltr\" role=\"presentation\">Ausweitung <\/span><span dir=\"ltr\" role=\"presentation\">der <\/span><span dir=\"ltr\" role=\"presentation\">Arbeitszeiten <\/span><span dir=\"ltr\" role=\"presentation\">w\u00e4re <\/span><span dir=\"ltr\" role=\"presentation\">eine <\/span><span dir=\"ltr\" role=\"presentation\">verpflichtende <\/span><span dir=\"ltr\" role=\"presentation\">Dokumentation <\/span><span dir=\"ltr\" role=\"presentation\">der <\/span><span dir=\"ltr\" role=\"presentation\">t\u00e4glichen <\/span><span dir=\"ltr\" role=\"presentation\">Arbeitszeit um<\/span><span dir=\"ltr\" role=\"presentation\">so wichtiger. Hier ist von der Ampel jedoch nichts zu erwarten. <\/span> <\/span><span id=\"page3R_mcid18\" class=\"markedContent\"><\/span><!--more--><\/p>\n<p><strong><span id=\"page3R_mcid18\" class=\"markedContent\"><span dir=\"ltr\" role=\"presentation\">Mindestlohn<\/span> <\/span><\/strong><\/p>\n<p><span id=\"page3R_mcid19\" class=\"markedContent\"><span dir=\"ltr\" role=\"presentation\">Der Mindestlohn wird <\/span><span dir=\"ltr\" role=\"presentation\">in einer einmaligen Anpassung auf zw\u00f6lf Euro erh\u00f6ht<\/span><span dir=\"ltr\" role=\"presentation\">. Das<\/span> <span dir=\"ltr\" role=\"presentation\">ist ein sehr <\/span><span dir=\"ltr\" role=\"presentation\">wichtiger Schritt<\/span> <span dir=\"ltr\" role=\"presentation\">der dazu beitragen wird, den Niedriglohnbereich entscheidend zu verkleinern <\/span><span dir=\"ltr\" role=\"presentation\">und das Tarifsystem nach unten hin zu stabilisieren<\/span><span dir=\"ltr\" role=\"presentation\">.<\/span> <span dir=\"ltr\" role=\"presentation\">Zehn Millionen Besch\u00e4ftigte profitieren <\/span><span dir=\"ltr\" role=\"presentation\">direkt von dieser Anhebung.<\/span> <span dir=\"ltr\" role=\"presentation\">E<\/span><span dir=\"ltr\" role=\"presentation\">ine <\/span><span dir=\"ltr\" role=\"presentation\">langj\u00e4hrige <\/span><\/span><span id=\"page3R_mcid20\" class=\"markedContent\"><span dir=\"ltr\" role=\"presentation\">Forderung der <\/span><span dir=\"ltr\" role=\"presentation\">LINKEN<\/span><\/span><span id=\"page3R_mcid21\" class=\"markedContent\"> <span dir=\"ltr\" role=\"presentation\">wird damit <\/span><span dir=\"ltr\" role=\"presentation\">umgesetzt<\/span><span dir=\"ltr\" role=\"presentation\">. <\/span><br role=\"presentation\" \/><span dir=\"ltr\" role=\"presentation\">Wichtig w\u00e4re es jedoch gewesen gleichzeitig <\/span> <span dir=\"ltr\" role=\"presentation\">eine Reform der Mindestlohnkommission zu <\/span><br role=\"presentation\" \/><span dir=\"ltr\" role=\"presentation\">unternehmen. Sonst droht sich der Mindestlohn wieder von der allgemeinen Tarifentwicklung <\/span><span dir=\"ltr\" role=\"presentation\">abzukoppeln. <\/span> <\/span><span id=\"page3R_mcid22\" class=\"markedContent\"><span dir=\"ltr\" role=\"presentation\">Au\u00dferdem<\/span> <span dir=\"ltr\" role=\"presentation\">finden sich keine Pl\u00e4ne, um<\/span> <span dir=\"ltr\" role=\"presentation\">die<\/span> <span dir=\"ltr\" role=\"presentation\">Umgehung des Mindestlohns effektiver <\/span> <span dir=\"ltr\" role=\"presentation\">durch <\/span><span dir=\"ltr\" role=\"presentation\">Kontrollen zu verhindern<\/span><span dir=\"ltr\" role=\"presentation\">. I<\/span><span dir=\"ltr\" role=\"presentation\">m Interesse der Besch\u00e4ftigten w\u00e4re dies fast so wichtig, wie die <\/span><span dir=\"ltr\" role=\"presentation\">Erh\u00f6hung an sich. Die d<\/span><span dir=\"ltr\" role=\"presentation\">af\u00fcr zust\u00e4ndige Finanzkontrolle <\/span><span dir=\"ltr\" role=\"presentation\">Schwarzarbeit untersteht den nun bald <\/span>dem <span dir=\"ltr\" role=\"presentation\">FDP gef\u00fchrten Finanzministerium. Das l\u00e4sst nichts Gutes ahnen. <\/span> <\/span><span id=\"page3R_mcid23\" class=\"markedContent\"> <\/span><span id=\"page3R_mcid24\" class=\"markedContent\"> <\/span><\/p>\n<p><strong><span id=\"page22R_mcid0\" class=\"markedContent\"><span dir=\"ltr\" role=\"presentation\">Minjobs<\/span> <\/span><\/strong><span id=\"page22R_mcid1\" class=\"markedContent\"><\/span><\/p>\n<p><span id=\"page22R_mcid1\" class=\"markedContent\"><span dir=\"ltr\" role=\"presentation\">Wo die Ampel auf der ein<\/span><span dir=\"ltr\" role=\"presentation\">en Seite Lohnarbeit mit der Mindestlohnerh\u00f6hung aufwertet, tr\u00e4gt sie <\/span><span dir=\"ltr\" role=\"presentation\">auf der anderen Seite zur weiteren Prekarisierung bei. Die Minijob<\/span><span dir=\"ltr\" role=\"presentation\">&#8211;<\/span><span dir=\"ltr\" role=\"presentation\">Grenze soll auf 520 Euro <\/span><span dir=\"ltr\" role=\"presentation\">heraufgesetzt und auf 10 Stunden pro Woche dynamisiert werden<\/span><span dir=\"ltr\" role=\"presentation\">. Das bedeutet, dass sich <\/span><span dir=\"ltr\" role=\"presentation\">die Mini<\/span><span dir=\"ltr\" role=\"presentation\">job<\/span><span dir=\"ltr\" role=\"presentation\">&#8211;<\/span><span dir=\"ltr\" role=\"presentation\">Grenze jeweils den Mindestlohnerh\u00f6hungen anpassen wird<\/span> <span dir=\"ltr\" role=\"presentation\">\u2013<\/span> <\/span><span id=\"page22R_mcid2\" class=\"markedContent\"> <span dir=\"ltr\" role=\"presentation\">eine langj\u00e4hrige <\/span><span dir=\"ltr\" role=\"presentation\">Forderung <\/span><span dir=\"ltr\" role=\"presentation\">der <\/span><span dir=\"ltr\" role=\"presentation\">FDP<\/span><\/span><span id=\"page22R_mcid3\" class=\"markedContent\"><span dir=\"ltr\" role=\"presentation\">.<\/span> <span dir=\"ltr\" role=\"presentation\">Eine <\/span><span dir=\"ltr\" role=\"presentation\">Anhebung <\/span><span dir=\"ltr\" role=\"presentation\">der <\/span><span dir=\"ltr\" role=\"presentation\">Verdienstgrenze <\/span><span dir=\"ltr\" role=\"presentation\">bei <\/span><span dir=\"ltr\" role=\"presentation\">den <\/span><span dir=\"ltr\" role=\"presentation\">Minijobs <\/span><span dir=\"ltr\" role=\"presentation\">sowie <\/span><span dir=\"ltr\" role=\"presentation\">Dynamisierung <\/span><span dir=\"ltr\" role=\"presentation\">wird <\/span><span dir=\"ltr\" role=\"presentation\">im <\/span><span dir=\"ltr\" role=\"presentation\">\u00dcbrigen <\/span><span dir=\"ltr\" role=\"presentation\">auch <\/span><span dir=\"ltr\" role=\"presentation\">von <\/span><span dir=\"ltr\" role=\"presentation\">der <\/span><span dir=\"ltr\" role=\"presentation\">AfD <\/span><span dir=\"ltr\" role=\"presentation\">bef\u00fcrwortet <\/span><span dir=\"ltr\" role=\"presentation\">\u2013<\/span> <span dir=\"ltr\" role=\"presentation\">w\u00e4hrend <\/span><\/span><span id=\"page22R_mcid4\" class=\"markedContent\"><span dir=\"ltr\" role=\"presentation\">viele <\/span><span dir=\"ltr\" role=\"presentation\">wissenschaftliche<\/span> <span dir=\"ltr\" role=\"presentation\">und gewerkschaftliche <\/span> <span dir=\"ltr\" role=\"presentation\">Sachverst\u00e4ndige<\/span><span dir=\"ltr\" role=\"presentation\">r <\/span> <span dir=\"ltr\" role=\"presentation\">eine <\/span> <span dir=\"ltr\" role=\"presentation\">Ausweitung <\/span> <span dir=\"ltr\" role=\"presentation\">von<\/span> <span dir=\"ltr\" role=\"presentation\">Minjobs <\/span> <span dir=\"ltr\" role=\"presentation\">kriti<\/span><span dir=\"ltr\" role=\"presentation\">sieren<\/span><\/span><span id=\"page22R_mcid5\" class=\"markedContent\"> <span dir=\"ltr\" role=\"presentation\">. <\/span><span dir=\"ltr\" role=\"presentation\">Nicht nur in der Corona<\/span><span dir=\"ltr\" role=\"presentation\">&#8211;<\/span><span dir=\"ltr\" role=\"presentation\">Pandemie, sondern auch in Bezug auf die Rente ist uns <\/span><span dir=\"ltr\" role=\"presentation\">allen deutlich geworden, wie wichtig eine sozialversicherungspflichtige Absicherung f\u00fcr alle <\/span><span dir=\"ltr\" role=\"presentation\">Besch\u00e4ftigten ist.<\/span> <span dir=\"ltr\" role=\"presentation\">Eine aktuelle Studie <\/span><span dir=\"ltr\" role=\"presentation\">des IAB hat gezeigt, dass Minijobs eben keine Br\u00fccke <\/span><span dir=\"ltr\" role=\"presentation\">in den Arbeitsmarkt sind<\/span><span dir=\"ltr\" role=\"presentation\">, <\/span><\/span><span id=\"page22R_mcid6\" class=\"markedContent\"> <span dir=\"ltr\" role=\"presentation\">sondern in erheblichem Umfang sozialversicherun<\/span><span dir=\"ltr\" role=\"presentation\">gspflichtige <\/span><span dir=\"ltr\" role=\"presentation\">Besch\u00e4ftigung verdr\u00e4ngen<\/span><\/span><span id=\"page22R_mcid7\" class=\"markedContent\"><span dir=\"ltr\" role=\"presentation\">.<\/span> <span dir=\"ltr\" role=\"presentation\">Anstatt f\u00fcr mehr abgesicherte Arbeit zu sorgen, zementiert die <\/span><span dir=\"ltr\" role=\"presentation\">Ampel f\u00fcr viele ihre prek\u00e4re Besch\u00e4ftigung und weitet diesen Bereich sogar noch aus. <\/span> <\/span><span id=\"page22R_mcid8\" class=\"markedContent\"><span dir=\"ltr\" role=\"presentation\">Diese Entscheidung ist gleichstellungs<\/span><span dir=\"ltr\" role=\"presentation\">&#8211;<\/span> <span dir=\"ltr\" role=\"presentation\">sowie arbeits<\/span><span dir=\"ltr\" role=\"presentation\">&#8211;<\/span> <span dir=\"ltr\" role=\"presentation\">und <\/span><span dir=\"ltr\" role=\"presentation\">sozialpolitisch ein fatales Signal <\/span><span dir=\"ltr\" role=\"presentation\">\u2013<\/span> <span dir=\"ltr\" role=\"presentation\">erst Recht inmitten der aktuell tobenden vierten Corona<\/span><span dir=\"ltr\" role=\"presentation\">&#8211;<\/span><span dir=\"ltr\" role=\"presentation\">Welle, in der erneut tausende <\/span><span dir=\"ltr\" role=\"presentation\">Minijobbende <\/span><span dir=\"ltr\" role=\"presentation\">\u2013<\/span> <span dir=\"ltr\" role=\"presentation\">ohne Anspruch auf Kurzarbeiter<\/span><span dir=\"ltr\" role=\"presentation\">&#8211;<\/span> <span dir=\"ltr\" role=\"presentation\">oder Arbeitslosengeld <\/span><span dir=\"ltr\" role=\"presentation\">\u2013<\/span> <span dir=\"ltr\" role=\"presentation\">als erstes ihre Jobs <\/span><span dir=\"ltr\" role=\"presentation\">verlieren werden, darunter viele Frauen.<\/span> <\/span><span id=\"page22R_mcid9\" class=\"markedContent\"><\/span><\/p>\n<p><strong><span id=\"page22R_mcid9\" class=\"markedContent\"><span dir=\"ltr\" role=\"presentation\">Befristung<\/span> <\/span><\/strong><span id=\"page22R_mcid10\" class=\"markedContent\"><\/span><\/p>\n<p><span id=\"page22R_mcid10\" class=\"markedContent\"><span dir=\"ltr\" role=\"presentation\">Sachgrundlose <\/span><span dir=\"ltr\" role=\"presentation\">Befristungen <\/span><span dir=\"ltr\" role=\"presentation\">w<\/span><span dir=\"ltr\" role=\"presentation\">ollen <\/span><span dir=\"ltr\" role=\"presentation\">die <\/span><span dir=\"ltr\" role=\"presentation\">Ampel<\/span><span dir=\"ltr\" role=\"presentation\">&#8211;<\/span><span dir=\"ltr\" role=\"presentation\">Koalition\u00e4re<\/span> <span dir=\"ltr\" role=\"presentation\">beim <\/span><span dir=\"ltr\" role=\"presentation\">B<\/span><span dir=\"ltr\" role=\"presentation\">und <\/span><span dir=\"ltr\" role=\"presentation\">als <\/span><span dir=\"ltr\" role=\"presentation\">Arbeitgeber <\/span><br role=\"presentation\" \/><span dir=\"ltr\" role=\"presentation\">ein<\/span><span dir=\"ltr\" role=\"presentation\">d\u00e4mmen, um <\/span><span dir=\"ltr\" role=\"presentation\">\u201eSchritt f\u00fcr Schritt\u201c<\/span> <span dir=\"ltr\" role=\"presentation\">mit gutem Beispiel voranzugehen<\/span><span dir=\"ltr\" role=\"presentation\">. In der Privatwirtschaft <\/span><span dir=\"ltr\" role=\"presentation\">darf weiter sach<\/span><span dir=\"ltr\" role=\"presentation\">grundlos befristet werden <\/span><span dir=\"ltr\" role=\"presentation\">\u2013<\/span> <span dir=\"ltr\" role=\"presentation\">aber <\/span><span dir=\"ltr\" role=\"presentation\">\u201e<\/span><span dir=\"ltr\" role=\"presentation\">nur<\/span><span dir=\"ltr\" role=\"presentation\">\u201c<\/span> <span dir=\"ltr\" role=\"presentation\">f\u00fcr sechs Ja<\/span><span dir=\"ltr\" role=\"presentation\">hre, um Kettenbefristungen <\/span><span dir=\"ltr\" role=\"presentation\">zu vermeiden. Um Unternehmen nicht zu verschrecken, werden vorauseilend Ausnahmen f\u00fcr <\/span><span dir=\"ltr\" role=\"presentation\">diese H\u00f6chstdauer angek\u00fcndigt.<\/span> <\/span><span id=\"page22R_mcid11\" class=\"markedContent\"><span dir=\"ltr\" role=\"presentation\">In der vergangenen GroKo<\/span><span dir=\"ltr\" role=\"presentation\">&#8211;<\/span><span dir=\"ltr\" role=\"presentation\">Legislaturperiode wurde stets auf die CDU\/ CSU als Grund <\/span><span dir=\"ltr\" role=\"presentation\">verwiesen, warum die im Koalit<\/span><span dir=\"ltr\" role=\"presentation\">ionsvertrag vereinbarte Einschr\u00e4nkung der sachgrundlosen <\/span><span dir=\"ltr\" role=\"presentation\">Befristung nicht umgesetzt wurde. Warum nun aber im Ampel<\/span><span dir=\"ltr\" role=\"presentation\">&#8211;<\/span><span dir=\"ltr\" role=\"presentation\">Koalitionsvertrag nicht einmal <\/span><span dir=\"ltr\" role=\"presentation\">mehr das Ziel der Einschr\u00e4nkung enthalten ist, bleibt das Geheimnis der Kanzlerpartei SPD.<\/span> <\/span><span id=\"page22R_mcid12\" class=\"markedContent\"><span dir=\"ltr\" role=\"presentation\">DIE <\/span><span dir=\"ltr\" role=\"presentation\">LINKE <\/span><span dir=\"ltr\" role=\"presentation\">fordert <\/span><span dir=\"ltr\" role=\"presentation\">s<\/span><span dir=\"ltr\" role=\"presentation\">eit <\/span><span dir=\"ltr\" role=\"presentation\">Langem <\/span><span dir=\"ltr\" role=\"presentation\">die <\/span><\/span><span id=\"page22R_mcid13\" class=\"markedContent\"><span dir=\"ltr\" role=\"presentation\">Abschaffung <\/span><span dir=\"ltr\" role=\"presentation\">sachgrundloser <\/span><span dir=\"ltr\" role=\"presentation\">Befristung<\/span><\/span><span id=\"page22R_mcid14\" class=\"markedContent\"><span dir=\"ltr\" role=\"presentation\">, <\/span><span dir=\"ltr\" role=\"presentation\">die <\/span><span dir=\"ltr\" role=\"presentation\">als <\/span><span dir=\"ltr\" role=\"presentation\">Disziplinierungs<\/span><span dir=\"ltr\" role=\"presentation\">instrument f\u00fcr abh\u00e4ngig Besch\u00e4ftigte genutzt <\/span><span dir=\"ltr\" role=\"presentation\">wird<\/span><span dir=\"ltr\" role=\"presentation\">, Belegschaften spalte<\/span><span dir=\"ltr\" role=\"presentation\">t<\/span> <span dir=\"ltr\" role=\"presentation\">und <\/span><span dir=\"ltr\" role=\"presentation\">Lebensplanung erschwer<\/span><span dir=\"ltr\" role=\"presentation\">t<\/span><span dir=\"ltr\" role=\"presentation\">.<\/span> <\/span><span id=\"page22R_mcid15\" class=\"markedContent\"><\/span><\/p>\n<p><strong><span id=\"page22R_mcid15\" class=\"markedContent\"><span dir=\"ltr\" role=\"presentation\">Tarifbindung<\/span> <\/span><\/strong><span id=\"page22R_mcid16\" class=\"markedContent\"><\/span><\/p>\n<p><span id=\"page22R_mcid16\" class=\"markedContent\"><span dir=\"ltr\" role=\"presentation\">Die <\/span><span dir=\"ltr\" role=\"presentation\">vorgesehene <\/span><span dir=\"ltr\" role=\"presentation\">M\u00f6glichkeit, <\/span><span dir=\"ltr\" role=\"presentation\">\u00fcber <\/span><span dir=\"ltr\" role=\"presentation\">Tarifvertr\u00e4ge <\/span><span dir=\"ltr\" role=\"presentation\">Ausweitungen <\/span><span dir=\"ltr\" role=\"presentation\">der <\/span><span dir=\"ltr\" role=\"presentation\">t\u00e4glichen <\/span><span dir=\"ltr\" role=\"presentation\">H\u00f6chstarbeitszeit <\/span><span dir=\"ltr\" role=\"presentation\">zu <\/span><span dir=\"ltr\" role=\"presentation\">erwirken, <\/span><span dir=\"ltr\" role=\"presentation\">machen <\/span><span dir=\"ltr\" role=\"presentation\">Tarifvertr\u00e4ge <\/span><span dir=\"ltr\" role=\"presentation\">auch <\/span><span dir=\"ltr\" role=\"presentation\">f\u00fcr <\/span><span dir=\"ltr\" role=\"presentation\">Unternehmen <\/span><span dir=\"ltr\" role=\"presentation\">reizvoll. <\/span><span dir=\"ltr\" role=\"presentation\">Schlie\u00dflich k\u00f6nnen somit qua Tarifvertrag gesetzliche Regelungen unterlaufen werden. <\/span> <span dir=\"ltr\" role=\"presentation\">Im <\/span><br role=\"presentation\" \/><span dir=\"ltr\" role=\"presentation\">Bereich der Arbeitnehmer\u00fcberlassung ist das g\u00e4ngige Praxis <\/span> <span dir=\"ltr\" role=\"presentation\">\u2013<\/span> <span dir=\"ltr\" role=\"presentation\">der gesetzliche Grundsatz <\/span><br role=\"presentation\" \/><span dir=\"ltr\" role=\"presentation\">gleicher Bezahlung sowie die H\u00f6chst\u00fcberlassungsdauer werden so unterlaufen. Das Prinzip <\/span><span dir=\"ltr\" role=\"presentation\">eines <\/span><span dir=\"ltr\" role=\"presentation\">Tarifvertrages, <\/span><span dir=\"ltr\" role=\"presentation\">n\u00e4mlich <\/span><span dir=\"ltr\" role=\"presentation\">auf <\/span><span dir=\"ltr\" role=\"presentation\">der <\/span><span dir=\"ltr\" role=\"presentation\">Grundlage <\/span><span dir=\"ltr\" role=\"presentation\">gesetzlicher <\/span><span dir=\"ltr\" role=\"presentation\">Regelungen, <\/span><span dir=\"ltr\" role=\"presentation\">die <\/span><br role=\"presentation\" \/><span dir=\"ltr\" role=\"presentation\">A<\/span><span dir=\"ltr\" role=\"presentation\">rbeitsbedingungen in einem Betrieb oder einer Branche zu verbessern, wird so in das <\/span><br role=\"presentation\" \/><span dir=\"ltr\" role=\"presentation\">Gegenteil verkehrt. Ob auf diese Weise Besch\u00e4ftigtenrechte und Gewerkschaften gest\u00e4rkt <\/span><br role=\"presentation\" \/><span dir=\"ltr\" role=\"presentation\">werden, ist mehr als zweifelhaft. Statt das Prinzip Tarifvertrag zu schleifen, w\u00e4re e<\/span><span dir=\"ltr\" role=\"presentation\">ine <\/span><br role=\"presentation\" \/><span dir=\"ltr\" role=\"presentation\">Erleichterung der <\/span><\/span><span id=\"page22R_mcid17\" class=\"markedContent\"> <span dir=\"ltr\" role=\"presentation\">Allgemeinverbindlichkeitserkl\u00e4rung von Tarifvertr\u00e4gen<\/span><\/span><span id=\"page22R_mcid18\" class=\"markedContent\"> <span dir=\"ltr\" role=\"presentation\">der bessere Weg <\/span><br role=\"presentation\" \/><span dir=\"ltr\" role=\"presentation\">gewesen, um das Ziel einer h\u00f6heren Tarifbindung zu erreichen.<\/span> <\/span><span id=\"page22R_mcid19\" class=\"markedContent\"><span dir=\"ltr\" role=\"presentation\">Gut an der Ampelvereinbarung ist,<\/span> <span dir=\"ltr\" role=\"presentation\">dass bei der Auftragsvergabe des Bundes k\u00fcnftig eine <\/span><br role=\"presentation\" \/><span dir=\"ltr\" role=\"presentation\">Bezahlung nach Tarif ausschlaggebend sein soll. Wenngleich kritisch zu beobachten gilt, was <\/span><span dir=\"ltr\" role=\"presentation\">genau unter einer \u201eVergabe auf einer einfachen, unb\u00fcrokratischen Erkl\u00e4rung\u201c zu verstehen <\/span><span dir=\"ltr\" role=\"presentation\">ist?<\/span><\/span><\/p>\n<p><strong><span id=\"page33R_mcid0\" class=\"markedContent\"><span dir=\"ltr\" role=\"presentation\">Mitbestimmung<\/span> <\/span><\/strong><\/p>\n<p><span id=\"page33R_mcid1\" class=\"markedContent\"><span dir=\"ltr\" role=\"presentation\">Di<\/span><span dir=\"ltr\" role=\"presentation\">e SPD und die GR\u00dcNEN waren mit teilweise vielversprechenden Forderungen f\u00fcr die <\/span><br role=\"presentation\" \/><span dir=\"ltr\" role=\"presentation\">betriebliche Mitbestimmung in den Wahlkampf gegangen. Leider ist davon kaum etwas <\/span><br role=\"presentation\" \/><span dir=\"ltr\" role=\"presentation\">\u00fcbriggeblieben. Am aufsehenerregendsten ist wohl, das Behinderung von Betriebsr\u00e4ten und <\/span><span dir=\"ltr\" role=\"presentation\">BR<\/span><span dir=\"ltr\" role=\"presentation\">&#8211;<\/span><span dir=\"ltr\" role=\"presentation\">Wah<\/span><span dir=\"ltr\" role=\"presentation\">len nun ein <\/span><span dir=\"ltr\" role=\"presentation\">Offizialdelikt<\/span> <span dir=\"ltr\" role=\"presentation\">werden soll. Das bedeutet, dass Staatsanwaltschaften diese <\/span><span dir=\"ltr\" role=\"presentation\">Straftaten von Amtswegen verfolgen m\u00fcssen. Nun k\u00f6nnen auch NGOs und Privatpersonen <\/span><span dir=\"ltr\" role=\"presentation\">eine entsprechende Anzeige stellen. Es ist jedoch zu bef\u00fcrchten, dass sich dadurch kaum<\/span> <span dir=\"ltr\" role=\"presentation\">etwas an der mangelnden Strafverfolgung in diesem Bereich \u00e4ndern wird. Bestehende <\/span><span dir=\"ltr\" role=\"presentation\">Staatsanwaltschaften arbeiten zu ganz anderen Bereichen und k\u00f6nnen Straftaten nach dem <\/span><span dir=\"ltr\" role=\"presentation\">Betriebsverfassungsgesetz nicht mal eben so mitmachen. Die LINKE fordert deswegen scho<\/span><span dir=\"ltr\" role=\"presentation\">n <\/span><span dir=\"ltr\" role=\"presentation\">seit Jahren <\/span><\/span><span id=\"page33R_mcid2\" class=\"markedContent\"> <span dir=\"ltr\" role=\"presentation\">Schwerpunktstaats<\/span><span dir=\"ltr\" role=\"presentation\">anwaltschaften<\/span><\/span><span id=\"page33R_mcid3\" class=\"markedContent\"><span dir=\"ltr\" role=\"presentation\">. <\/span> <span dir=\"ltr\" role=\"presentation\">Ohne diese werden wir keine substantielle <\/span><span dir=\"ltr\" role=\"presentation\">Eind\u00e4mmung von Betriebsrats<\/span><span dir=\"ltr\" role=\"presentation\">&#8211;<\/span><span dir=\"ltr\" role=\"presentation\">Bashing sehen. <\/span> <\/span><span id=\"page33R_mcid4\" class=\"markedContent\"><span dir=\"ltr\" role=\"presentation\">Eine weitere geplante Neuerung ist die M\u00f6glichkeit die BR<\/span><span dir=\"ltr\" role=\"presentation\">&#8211;<\/span><span dir=\"ltr\" role=\"presentation\">Wahlen online durchzuf\u00fchren. <\/span><span dir=\"ltr\" role=\"presentation\">Wir <\/span><span dir=\"ltr\" role=\"presentation\">sind sehr kritisch demgegen\u00fcber, denn die Integrit\u00e4t der Wahlen<\/span> <span dir=\"ltr\" role=\"presentation\">ist von gro\u00dfer Bedeutung. <\/span><br role=\"presentation\" \/><span dir=\"ltr\" role=\"presentation\">Gerade in gro\u00dfen Betrieben kann eine Betriebsratswahl viel Arbeit machen. A<\/span><span dir=\"ltr\" role=\"presentation\">ktuell k\u00f6nnen <\/span><span dir=\"ltr\" role=\"presentation\">Wahlvorst\u00e4nde dies wieder aus erster Hand best\u00e4tigen. Aber Betriebsr\u00e4te haben auch f\u00fcr die <\/span><span dir=\"ltr\" role=\"presentation\">Betriebe in denen sie gew\u00e4hlt werden eine gro\u00dfe Bedeutung. Wahlen und die Stimmabgabe <\/span><span dir=\"ltr\" role=\"presentation\">sind <\/span><span dir=\"ltr\" role=\"presentation\">ein <\/span><span dir=\"ltr\" role=\"presentation\">zentrales <\/span><span dir=\"ltr\" role=\"presentation\">Ritual <\/span><span dir=\"ltr\" role=\"presentation\">unserer <\/span><span dir=\"ltr\" role=\"presentation\">demokratischen <\/span><span dir=\"ltr\" role=\"presentation\">Gesellschaft. <\/span><span dir=\"ltr\" role=\"presentation\">So<\/span> <span dir=\"ltr\" role=\"presentation\">lange <\/span><span dir=\"ltr\" role=\"presentation\">auch <\/span><span dir=\"ltr\" role=\"presentation\">die <\/span><span dir=\"ltr\" role=\"presentation\">Bundestagswahlen, aus guten Gr\u00fcnden, nicht online stattfinden, gibt es keinen Anlass dies im <\/span><span dir=\"ltr\" role=\"presentation\">Betrieb zu tun. <\/span> <\/span><span id=\"page33R_mcid5\" class=\"markedContent\"><span dir=\"ltr\" role=\"presentation\">Weiter<\/span><span dir=\"ltr\" role=\"presentation\">e<\/span> <span dir=\"ltr\" role=\"presentation\">Reformen am Betriebsverfassungsgesetz sind wohl geplant. Der Koalitionsvertrag <\/span><span dir=\"ltr\" role=\"presentation\">spricht von einer Evaluation des Betriebsr\u00e4<\/span><span dir=\"ltr\" role=\"presentation\">temodernisierungsgesetzes. Die SPD und die <\/span><span dir=\"ltr\" role=\"presentation\">GR\u00dcNEN haben hier durchaus sinnvolle Forderungen, wie ein volles Mitbestimmungsrecht bei <\/span><span dir=\"ltr\" role=\"presentation\">Berufsbildung oder <\/span> <span dir=\"ltr\" role=\"presentation\">die Mitbestimmung auch bei der Einf\u00fchrung von mobiler Arbeit. Da im <\/span><span dir=\"ltr\" role=\"presentation\">Koalitionsvertrag nichts dergleichen <\/span><span dir=\"ltr\" role=\"presentation\">festgeschrieben ist, k\u00f6nnen wir hier auch nichts erwarten. <\/span> <\/span><span id=\"page33R_mcid6\" class=\"markedContent\"><\/span><\/p>\n<p><strong><span id=\"page33R_mcid6\" class=\"markedContent\"><span dir=\"ltr\" role=\"presentation\">Homeoffice<\/span> <\/span><\/strong><span id=\"page33R_mcid7\" class=\"markedContent\"><\/span><\/p>\n<p><span id=\"page33R_mcid7\" class=\"markedContent\"><span dir=\"ltr\" role=\"presentation\">Beim Homeoffice stellt die Ampel die Interessen der Besch\u00e4ftigten leider nicht vorne an. Der <\/span><span dir=\"ltr\" role=\"presentation\">Koalitionsvertrag schreibt fest, dass f\u00fcr Homeoffice nicht dasselbe Schutzniveau wie f\u00fcr di<\/span><span dir=\"ltr\" role=\"presentation\">e in <\/span><span dir=\"ltr\" role=\"presentation\">der Arbeitsst\u00e4ttenverordnung geregelte Telearbeit gelten soll. Anstatt den Arbeitgeber in die <\/span><span dir=\"ltr\" role=\"presentation\">Pflicht <\/span><span dir=\"ltr\" role=\"presentation\">zu <\/span><span dir=\"ltr\" role=\"presentation\">nehmen, <\/span><span dir=\"ltr\" role=\"presentation\">f\u00fcr <\/span><span dir=\"ltr\" role=\"presentation\">eine <\/span><span dir=\"ltr\" role=\"presentation\">gesundheitsgereichte <\/span><span dir=\"ltr\" role=\"presentation\">Ausstattung <\/span><span dir=\"ltr\" role=\"presentation\">zu <\/span><span dir=\"ltr\" role=\"presentation\">sorgen, <\/span><span dir=\"ltr\" role=\"presentation\">soll <\/span><span dir=\"ltr\" role=\"presentation\">es <\/span><span dir=\"ltr\" role=\"presentation\">bei <\/span><span dir=\"ltr\" role=\"presentation\">Information und Beratung bleiben. F\u00fcr <\/span><\/span><span id=\"page33R_mcid8\" class=\"markedContent\"> <span dir=\"ltr\" role=\"presentation\">Gute Arbeit im Homeoffice<\/span><\/span><span id=\"page33R_mcid9\" class=\"markedContent\"> <span dir=\"ltr\" role=\"presentation\">braucht es jedoch mehr.<\/span> <span dir=\"ltr\" role=\"presentation\">Andererseits sollen Besch\u00e4ftigte auch kein Recht auf das Homeoffice haben, sondern nur <\/span><span dir=\"ltr\" role=\"presentation\">einen \u201eEr\u00f6rterungsanspruch\u201c. Wenn Besch\u00e4ftigte damit weit h\u00e4ufiger ins Homeoffice ge<\/span><span dir=\"ltr\" role=\"presentation\">schickt <\/span><span dir=\"ltr\" role=\"presentation\">werden, als das sie sich selbst f\u00fcr das Homeoffice entscheiden, w\u00e4re es richtig, den <\/span><span dir=\"ltr\" role=\"presentation\">Arbeitgeber f\u00fcr die Ausgestaltung des Homeoffices verantwortlich zu machen. Genau das wird <\/span><span dir=\"ltr\" role=\"presentation\">jedoch nicht passieren. <\/span> <\/span><span id=\"page33R_mcid10\" class=\"markedContent\"><span dir=\"ltr\" role=\"presentation\">Wie schon bei der Frage der Arbeitszeit erschei<\/span><span dir=\"ltr\" role=\"presentation\">nen die Pl\u00e4ne der Ampel<\/span><span dir=\"ltr\" role=\"presentation\">&#8211;<\/span><span dir=\"ltr\" role=\"presentation\">Koalition so, als <\/span><span dir=\"ltr\" role=\"presentation\">w\u00fcrden sie den W\u00fcnschen der Besch\u00e4ftigten folgen und eine bessere Vereinbarkeit von <\/span><span dir=\"ltr\" role=\"presentation\">Familie und Beruf erm\u00f6glichen. Bei n\u00e4herem Hinsehen wird jedoch deutlich, dass vor allem <\/span><span dir=\"ltr\" role=\"presentation\">die Interessen der Unternehmen im Vorderg<\/span><span dir=\"ltr\" role=\"presentation\">rund stehen. <\/span> <\/span><span id=\"page33R_mcid11\" class=\"markedContent\"><\/span><\/p>\n<p><strong><span id=\"page33R_mcid11\" class=\"markedContent\"><span dir=\"ltr\" role=\"presentation\">Soziale Sicherungssysteme<\/span> <\/span><\/strong><span id=\"page33R_mcid12\" class=\"markedContent\"><\/span><\/p>\n<p><span id=\"page33R_mcid12\" class=\"markedContent\"><span dir=\"ltr\" role=\"presentation\">Vollends entt\u00e4uschend ist das Schweigen \u00fcber die Zukunft der sozialen Sicherungssysteme <\/span><span dir=\"ltr\" role=\"presentation\">und die Zementierung falscher Vergangenheitspfade in die Zukunft: Die Beibehaltung der <\/span><span dir=\"ltr\" role=\"presentation\">Zwei<\/span><span dir=\"ltr\" role=\"presentation\">&#8211;<\/span><span dir=\"ltr\" role=\"presentation\">Klassen<\/span><span dir=\"ltr\" role=\"presentation\">&#8211;<\/span><span dir=\"ltr\" role=\"presentation\">Medizin<\/span> <span dir=\"ltr\" role=\"presentation\">sowie <\/span><span dir=\"ltr\" role=\"presentation\">de<\/span><span dir=\"ltr\" role=\"presentation\">r<\/span> <span dir=\"ltr\" role=\"presentation\">Re<\/span><span dir=\"ltr\" role=\"presentation\">gelaltersgrenze von<\/span> <span dir=\"ltr\" role=\"presentation\">67 Jahren und d<\/span><span dir=\"ltr\" role=\"presentation\">es<\/span> <span dir=\"ltr\" role=\"presentation\">Rentenniveau<\/span><span dir=\"ltr\" role=\"presentation\">s<\/span> <span dir=\"ltr\" role=\"presentation\">von<\/span> <span dir=\"ltr\" role=\"presentation\">48 Prozent<\/span> <span dir=\"ltr\" role=\"presentation\">in der Rente<\/span><span dir=\"ltr\" role=\"presentation\">.<\/span> <span dir=\"ltr\" role=\"presentation\">Leistungsverbesserungen <\/span><span dir=\"ltr\" role=\"presentation\">bei der Rente <\/span><span dir=\"ltr\" role=\"presentation\">wird es mit <\/span><span dir=\"ltr\" role=\"presentation\">rot<\/span><span dir=\"ltr\" role=\"presentation\">&#8211;<\/span><span dir=\"ltr\" role=\"presentation\">gr\u00fcn<\/span><span dir=\"ltr\" role=\"presentation\">&#8211;<\/span><span dir=\"ltr\" role=\"presentation\">gelb<\/span> <span dir=\"ltr\" role=\"presentation\">nicht geben<\/span> <span dir=\"ltr\" role=\"presentation\">\u2013<\/span> <span dir=\"ltr\" role=\"presentation\">nein, es wird sogar ein Paradigmenwechsel durch einen teilweisen <\/span><span dir=\"ltr\" role=\"presentation\">Einstieg in den Kapitalmarkt geb<\/span><span dir=\"ltr\" role=\"presentation\">en, dies lehnen wir strikt ab<\/span><span dir=\"ltr\" role=\"presentation\">. <\/span><span dir=\"ltr\" role=\"presentation\">Der Umbau der Kranken<\/span><span dir=\"ltr\" role=\"presentation\">&#8211;<\/span> <span dir=\"ltr\" role=\"presentation\">und <\/span><\/span><span id=\"page37R_mcid0\" class=\"markedContent\"><span dir=\"ltr\" role=\"presentation\">Rentenversicherung in eine B\u00fcrger<\/span><span dir=\"ltr\" role=\"presentation\">&#8211;<\/span> <span dir=\"ltr\" role=\"presentation\">bzw. Erwerbst\u00e4tigenversicherung, in die alle <\/span><span dir=\"ltr\" role=\"presentation\">Berufsgruppen einbezogen werden, so wie es SPD und Gr\u00fcne in ihren Wahlprogrammen <\/span><span dir=\"ltr\" role=\"presentation\">hatten, ist g\u00e4nzlich den marktradikal<\/span><span dir=\"ltr\" role=\"presentation\">en Pl\u00e4nen der FDP zum Opfer gefallen.<\/span> <br role=\"presentation\" \/><span dir=\"ltr\" role=\"presentation\">Die <\/span><\/span><span id=\"page37R_mcid1\" class=\"markedContent\"><span dir=\"ltr\" role=\"presentation\">Arbeitslosenversicherung \u00e4chzt unter den Lasten der Corona<\/span><span dir=\"ltr\" role=\"presentation\">&#8211;<\/span><span dir=\"ltr\" role=\"presentation\">Pandem<\/span><span dir=\"ltr\" role=\"presentation\">ie<\/span><\/span><span id=\"page37R_mcid2\" class=\"markedContent\"><span dir=\"ltr\" role=\"presentation\">. Es steht zu <\/span><br role=\"presentation\" \/><span dir=\"ltr\" role=\"presentation\">bef\u00fcrchten, dass die notwendigen<\/span> <span dir=\"ltr\" role=\"presentation\">und sinnvollen<\/span> <span dir=\"ltr\" role=\"presentation\">Steuerzusch\u00fcsse sp\u00e4testens ab 2023, <\/span><br role=\"presentation\" \/><span dir=\"ltr\" role=\"presentation\">wenn<\/span> <span dir=\"ltr\" role=\"presentation\">die Schuldenbremse <\/span><span dir=\"ltr\" role=\"presentation\">wieder <\/span><span dir=\"ltr\" role=\"presentation\">in Kraft tritt, mit K\u00fcrzungen in den Leistungen refinanziert <\/span><span dir=\"ltr\" role=\"presentation\">werden<\/span><span dir=\"ltr\" role=\"presentation\">, die dann die Besch\u00e4ftigten alleine zu tragen haben<\/span><span dir=\"ltr\" role=\"presentation\">. <\/span> <\/span><span id=\"page37R_mcid3\" class=\"markedContent\"><span dir=\"ltr\" role=\"presentation\">Sta<\/span><span dir=\"ltr\" role=\"presentation\">tt drohendem K\u00fcrzungshammer oder Beibehaltung des Status Quo, sind <\/span><span dir=\"ltr\" role=\"presentation\">Leistungsverbesse<\/span><span dir=\"ltr\" role=\"presentation\">rungen<\/span> <span dir=\"ltr\" role=\"presentation\">notwendig<\/span><span dir=\"ltr\" role=\"presentation\">, \u00fcberf\u00e4llig<\/span> <span dir=\"ltr\" role=\"presentation\">und <\/span><span dir=\"ltr\" role=\"presentation\">auch <\/span><span dir=\"ltr\" role=\"presentation\">finanzierbar <\/span><span dir=\"ltr\" role=\"presentation\">\u2013<\/span> <span dir=\"ltr\" role=\"presentation\">durch den Umstieg <\/span><span dir=\"ltr\" role=\"presentation\">auf solidarisch finanzierte Versicherungssysteme. Notwendig ist eine Abkehr von der Zwei<\/span><span dir=\"ltr\" role=\"presentation\">&#8211;<\/span><br role=\"presentation\" \/><span dir=\"ltr\" role=\"presentation\">Klassen<\/span><span dir=\"ltr\" role=\"presentation\">&#8211;<\/span><span dir=\"ltr\" role=\"presentation\">Me<\/span><span dir=\"ltr\" role=\"presentation\">dizin zugunsten einer <\/span><\/span><span id=\"page37R_mcid4\" class=\"markedContent\"><span dir=\"ltr\" role=\"presentation\">Solidarischen Gesundheits<\/span><span dir=\"ltr\" role=\"presentation\">&#8211;<\/span> <span dir=\"ltr\" role=\"presentation\">und Pflegeversicherung<\/span><\/span><span id=\"page37R_mcid5\" class=\"markedContent\"> <span dir=\"ltr\" role=\"presentation\">und <\/span><br role=\"presentation\" \/><span dir=\"ltr\" role=\"presentation\">eine \u00dcberf\u00fchrung der Rentenversicherung in eine Erwerbst\u00e4tigenversicherung. <\/span> <\/span><\/p>\n<p><strong><span id=\"page37R_mcid6\" class=\"markedContent\"><span dir=\"ltr\" role=\"presentation\">Res\u00fcmee<\/span><\/span><\/strong><span id=\"page37R_mcid7\" class=\"markedContent\"><\/span><\/p>\n<p><span id=\"page37R_mcid7\" class=\"markedContent\"><span dir=\"ltr\" role=\"presentation\">Der Koalitionsvertrag beschreibt die Absichten von SPD, GR\u00dcNE und FDP f\u00fcr die kommenden <\/span><span dir=\"ltr\" role=\"presentation\">vier Jahre. Ob alle Pl\u00e4ne auch genauso umgesetzt werden, ist noch nicht klar. Dies h\u00e4ngt auch <\/span><span dir=\"ltr\" role=\"presentation\">entscheidend vom politischen Klima ab, das zu dieser Zeit herrschen wird. <\/span> <span dir=\"ltr\" role=\"presentation\">Es ist an uns im <\/span><span dir=\"ltr\" role=\"presentation\">Parlament und allen Kolleg*innen in den Gewerkschaften und Betrieben dazu beizutragen, <\/span><span dir=\"ltr\" role=\"presentation\">dieses <\/span><span dir=\"ltr\" role=\"presentation\">Klima <\/span><span dir=\"ltr\" role=\"presentation\">mitzugestalten. <\/span><span dir=\"ltr\" role=\"presentation\">Unsere <\/span><span dir=\"ltr\" role=\"presentation\">Kritik <\/span><span dir=\"ltr\" role=\"presentation\">an <\/span><span dir=\"ltr\" role=\"presentation\">den geplanten <\/span><span dir=\"ltr\" role=\"presentation\">\u00c4nderungen <\/span><span dir=\"ltr\" role=\"presentation\">und <\/span><span dir=\"ltr\" role=\"presentation\">unsere <\/span><span dir=\"ltr\" role=\"presentation\">Forderungen nach Verbesserungen m\u00fcssen laut genug sein. Dann k\u00f6nnen wi<\/span><span dir=\"ltr\" role=\"presentation\">r es schaffen, <\/span><span dir=\"ltr\" role=\"presentation\">auch die n\u00e4chsten vier Jahre aus der Opposition mitzugestalten. <\/span> <\/span><span id=\"page37R_mcid8\" class=\"markedContent\"><span dir=\"ltr\" role=\"presentation\">Klar ist aber: <\/span><span dir=\"ltr\" role=\"presentation\">Statt kleiner Korrekturen an einigen Stellen und gro\u00dfen R\u00fcckschritten an <\/span><span dir=\"ltr\" role=\"presentation\">anderen, sind mutige <\/span><span dir=\"ltr\" role=\"presentation\">gro\u00dfe <\/span><span dir=\"ltr\" role=\"presentation\">Reformen f\u00fcr <\/span><span dir=\"ltr\" role=\"presentation\">gute Arbeit, <\/span><span dir=\"ltr\" role=\"presentation\">mehr soziale Sicherheit und <\/span><span dir=\"ltr\" role=\"presentation\">gesells<\/span><span dir=\"ltr\" role=\"presentation\">chaftliche <\/span><span dir=\"ltr\" role=\"presentation\">Solidarit\u00e4t notwendig. Die angek\u00fcndigten<\/span> <span dir=\"ltr\" role=\"presentation\">Ampel<\/span><span dir=\"ltr\" role=\"presentation\">&#8211;<\/span><span dir=\"ltr\" role=\"presentation\">Ma\u00dfnahmen sind daf\u00fcr <\/span><span dir=\"ltr\" role=\"presentation\">leider nicht ausreichend. Das zeigt umso deutlicher: Eine starke, geeinte LINKE als soziales <\/span><span dir=\"ltr\" role=\"presentation\">Korrektiv und Stimme der abh\u00e4ngig Besch\u00e4ftigten im Bundestag<\/span> <span dir=\"ltr\" role=\"presentation\">ist<\/span> <span dir=\"ltr\" role=\"presentation\">weiterhin<\/span> <span dir=\"ltr\" role=\"presentation\">n\u00f6tig. <\/span><span dir=\"ltr\" role=\"presentation\">Wi<\/span><span dir=\"ltr\" role=\"presentation\">r <\/span><span dir=\"ltr\" role=\"presentation\">machen im Parlament und auf der Stra\u00dfe weiter Druck f\u00fcr mehr soziale Gerechtigkeit.<\/span> <\/span><\/p>\n<p><span id=\"page37R_mcid9\" class=\"markedContent\"><span dir=\"ltr\" role=\"presentation\">Solidarische Gr\u00fc\u00dfe<\/span> <\/span><span id=\"page37R_mcid10\" class=\"markedContent\"><span dir=\"ltr\" role=\"presentation\">Susanne<\/span> <span dir=\"ltr\" role=\"presentation\">Ferschl<\/span> <\/span><span id=\"page37R_mcid11\" class=\"markedContent\"> <\/span><\/p>\n<div id=\"outerContainer\">\n<div id=\"mainContainer\">\n<div id=\"viewerContainer\" tabindex=\"0\">\n<div id=\"viewer\" class=\"pdfViewer\">\n<div class=\"page\" role=\"region\" data-page-number=\"4\" aria-label=\"Seite 4\" data-loaded=\"true\">\n<div class=\"annotationLayer\"><\/div>\n<\/div>\n<\/div>\n<\/div>\n<\/div>\n<\/div>\n<div class=\"pdfprnt-buttons pdfprnt-buttons-post pdfprnt-bottom-right\"><a href=\"https:\/\/www.betriebundgewerkschaft-bw.de\/index.php?rest_route=wpv2posts2344&print=pdf\" class=\"pdfprnt-button pdfprnt-button-pdf\" target=\"_blank\"><img src=\"https:\/\/www.betriebundgewerkschaft-bw.de\/wp-content\/plugins\/pdf-print\/images\/pdf.png\" alt=\"image_pdf\" title=\"PDF anzeigen\" \/><\/a><a href=\"https:\/\/www.betriebundgewerkschaft-bw.de\/index.php?rest_route=wpv2posts2344&print=print\" class=\"pdfprnt-button pdfprnt-button-print\" target=\"_blank\"><img src=\"https:\/\/www.betriebundgewerkschaft-bw.de\/wp-content\/plugins\/pdf-print\/images\/print.png\" alt=\"image_print\" title=\"Inhalt drucken\" \/><\/a><\/div>","protected":false},"excerpt":{"rendered":"<p>Die Ampel&#8211;Parteien haben ihren Koalitionsvertrag ver\u00f6ffentlicht. Wir haben uns eine Auswahl der wichtigsten Themen f\u00fcr die Arbeitswelt f\u00fcr Euch n\u00e4her angeschaut. Im Folgenden sind einzelne Punkte aus dem Koalitionsvertrag detailliert aufgef\u00fchrt und eingesch\u00e4tzt. Bei Fragen und R\u00fcckmeldung sind mein Team und ich jederzeit gern f\u00fcr euch da. Arbeitszeit Die Ampel will \u201eflexiblere Arbeitszeitmodelle\u201c erm\u00f6glichen und [&hellip;]<\/p>\n","protected":false},"author":13,"featured_media":0,"comment_status":"open","ping_status":"open","sticky":false,"template":"","format":"standard","meta":[],"categories":[109,164],"tags":[],"_links":{"self":[{"href":"https:\/\/www.betriebundgewerkschaft-bw.de\/index.php?rest_route=\/wp\/v2\/posts\/2344"}],"collection":[{"href":"https:\/\/www.betriebundgewerkschaft-bw.de\/index.php?rest_route=\/wp\/v2\/posts"}],"about":[{"href":"https:\/\/www.betriebundgewerkschaft-bw.de\/index.php?rest_route=\/wp\/v2\/types\/post"}],"author":[{"embeddable":true,"href":"https:\/\/www.betriebundgewerkschaft-bw.de\/index.php?rest_route=\/wp\/v2\/users\/13"}],"replies":[{"embeddable":true,"href":"https:\/\/www.betriebundgewerkschaft-bw.de\/index.php?rest_route=%2Fwp%2Fv2%2Fcomments&post=2344"}],"version-history":[{"count":1,"href":"https:\/\/www.betriebundgewerkschaft-bw.de\/index.php?rest_route=\/wp\/v2\/posts\/2344\/revisions"}],"predecessor-version":[{"id":2345,"href":"https:\/\/www.betriebundgewerkschaft-bw.de\/index.php?rest_route=\/wp\/v2\/posts\/2344\/revisions\/2345"}],"wp:attachment":[{"href":"https:\/\/www.betriebundgewerkschaft-bw.de\/index.php?rest_route=%2Fwp%2Fv2%2Fmedia&parent=2344"}],"wp:term":[{"taxonomy":"category","embeddable":true,"href":"https:\/\/www.betriebundgewerkschaft-bw.de\/index.php?rest_route=%2Fwp%2Fv2%2Fcategories&post=2344"},{"taxonomy":"post_tag","embeddable":true,"href":"https:\/\/www.betriebundgewerkschaft-bw.de\/index.php?rest_route=%2Fwp%2Fv2%2Ftags&post=2344"}],"curies":[{"name":"wp","href":"https:\/\/api.w.org\/{rel}","templated":true}]}}