{"id":2336,"date":"2021-11-21T10:38:13","date_gmt":"2021-11-21T08:38:13","guid":{"rendered":"https:\/\/www.betriebundgewerkschaft-bw.de\/?p=2336"},"modified":"2021-11-21T10:53:53","modified_gmt":"2021-11-21T08:53:53","slug":"durchbruch-bei-draexlmaier-aus-kontext","status":"publish","type":"post","link":"https:\/\/www.betriebundgewerkschaft-bw.de\/?p=2336","title":{"rendered":"Durchbruch bei Dr\u00e4xlmaier (aus Kontext)"},"content":{"rendered":"<p>Mehr Geld ohne Tarifvertrag . . . Lehrbeispiel betrieblicher Aktionen?<br \/>\n<a href=\"https:\/\/www.kontextwochenzeitung.de\/wirtschaft\/555\/kuchen-fuer-den-betriebsrat-7839.html\">https:\/\/www.kontextwochenzeitung.de\/wirtschaft\/555\/kuchen-fuer-den-betriebsrat-7839.html<\/a><\/p>\n<div id=\"attachment_2340\" style=\"width: 575px\" class=\"wp-caption alignright\"><img aria-describedby=\"caption-attachment-2340\" loading=\"lazy\" class=\"size-large wp-image-2340\" src=\"https:\/\/www.betriebundgewerkschaft-bw.de\/wp-content\/uploads\/2021\/11\/csm_warstreik-draexlmaier_jv_210903-08-7544_2e07fb7ae5-565x223.jpg\" alt=\"\" width=\"565\" height=\"223\" srcset=\"https:\/\/www.betriebundgewerkschaft-bw.de\/wp-content\/uploads\/2021\/11\/csm_warstreik-draexlmaier_jv_210903-08-7544_2e07fb7ae5-565x223.jpg 565w, https:\/\/www.betriebundgewerkschaft-bw.de\/wp-content\/uploads\/2021\/11\/csm_warstreik-draexlmaier_jv_210903-08-7544_2e07fb7ae5-250x99.jpg 250w, https:\/\/www.betriebundgewerkschaft-bw.de\/wp-content\/uploads\/2021\/11\/csm_warstreik-draexlmaier_jv_210903-08-7544_2e07fb7ae5-768x303.jpg 768w, https:\/\/www.betriebundgewerkschaft-bw.de\/wp-content\/uploads\/2021\/11\/csm_warstreik-draexlmaier_jv_210903-08-7544_2e07fb7ae5.jpg 1200w\" sizes=\"(max-width: 565px) 100vw, 565px\" \/><p id=\"caption-attachment-2340\" class=\"wp-caption-text\">NNach Arbeitsk\u00e4mpfen bei Dr\u00e4xlmaier: Mehr Geld f\u00fcr kampfbereite Abteilungen.<\/p><\/div>\n<div class=\"pdfprnt-buttons pdfprnt-buttons-post pdfprnt-bottom-right\"><a href=\"https:\/\/www.betriebundgewerkschaft-bw.de\/index.php?rest_route=wpv2posts2336&print=pdf\" class=\"pdfprnt-button pdfprnt-button-pdf\" target=\"_blank\"><img src=\"https:\/\/www.betriebundgewerkschaft-bw.de\/wp-content\/plugins\/pdf-print\/images\/pdf.png\" alt=\"image_pdf\" title=\"PDF anzeigen\" \/><\/a><a href=\"https:\/\/www.betriebundgewerkschaft-bw.de\/index.php?rest_route=wpv2posts2336&print=print\" class=\"pdfprnt-button pdfprnt-button-print\" target=\"_blank\"><img src=\"https:\/\/www.betriebundgewerkschaft-bw.de\/wp-content\/plugins\/pdf-print\/images\/print.png\" alt=\"image_print\" title=\"Inhalt drucken\" \/><\/a><\/div>","protected":false},"excerpt":{"rendered":"<p>Mehr Geld ohne Tarifvertrag . . . Lehrbeispiel betrieblicher Aktionen? https:\/\/www.kontextwochenzeitung.de\/wirtschaft\/555\/kuchen-fuer-den-betriebsrat-7839.html<\/p>\n","protected":false},"author":13,"featured_media":0,"comment_status":"open","ping_status":"open","sticky":false,"template":"","format":"standard","meta":[],"categories":[1],"tags":[],"_links":{"self":[{"href":"https:\/\/www.betriebundgewerkschaft-bw.de\/index.php?rest_route=\/wp\/v2\/posts\/2336"}],"collection":[{"href":"https:\/\/www.betriebundgewerkschaft-bw.de\/index.php?rest_route=\/wp\/v2\/posts"}],"about":[{"href":"https:\/\/www.betriebundgewerkschaft-bw.de\/index.php?rest_route=\/wp\/v2\/types\/post"}],"author":[{"embeddable":true,"href":"https:\/\/www.betriebundgewerkschaft-bw.de\/index.php?rest_route=\/wp\/v2\/users\/13"}],"replies":[{"embeddable":true,"href":"https:\/\/www.betriebundgewerkschaft-bw.de\/index.php?rest_route=%2Fwp%2Fv2%2Fcomments&post=2336"}],"version-history":[{"count":5,"href":"https:\/\/www.betriebundgewerkschaft-bw.de\/index.php?rest_route=\/wp\/v2\/posts\/2336\/revisions"}],"predecessor-version":[{"id":2342,"href":"https:\/\/www.betriebundgewerkschaft-bw.de\/index.php?rest_route=\/wp\/v2\/posts\/2336\/revisions\/2342"}],"wp:attachment":[{"href":"https:\/\/www.betriebundgewerkschaft-bw.de\/index.php?rest_route=%2Fwp%2Fv2%2Fmedia&parent=2336"}],"wp:term":[{"taxonomy":"category","embeddable":true,"href":"https:\/\/www.betriebundgewerkschaft-bw.de\/index.php?rest_route=%2Fwp%2Fv2%2Fcategories&post=2336"},{"taxonomy":"post_tag","embeddable":true,"href":"https:\/\/www.betriebundgewerkschaft-bw.de\/index.php?rest_route=%2Fwp%2Fv2%2Ftags&post=2336"}],"curies":[{"name":"wp","href":"https:\/\/api.w.org\/{rel}","templated":true}]}}