{"id":2319,"date":"2021-05-12T06:44:38","date_gmt":"2021-05-12T04:44:38","guid":{"rendered":"https:\/\/www.betriebundgewerkschaft-bw.de\/?p=2319"},"modified":"2022-04-26T23:39:33","modified_gmt":"2022-04-26T21:39:33","slug":"kontext-wochenzeitung-tarifflucht-bei-ku-warnstreiktage","status":"publish","type":"post","link":"https:\/\/www.betriebundgewerkschaft-bw.de\/?p=2319","title":{"rendered":"kontext-Wochenzeitung: Tarifflucht bei K&#038;U &#8211; Warnstreiktage . . ."},"content":{"rendered":"<div id=\"attachment_2243\" style=\"width: 210px\" class=\"wp-caption alignright\"><img aria-describedby=\"caption-attachment-2243\" loading=\"lazy\" class=\"size-medium wp-image-2243\" src=\"https:\/\/www.betriebundgewerkschaft-bw.de\/wp-content\/uploads\/2021\/03\/Jessica-Tatti-200x300.jpg\" alt=\"\" width=\"200\" height=\"300\" srcset=\"https:\/\/www.betriebundgewerkschaft-bw.de\/wp-content\/uploads\/2021\/03\/Jessica-Tatti-200x300.jpg 200w, https:\/\/www.betriebundgewerkschaft-bw.de\/wp-content\/uploads\/2021\/03\/Jessica-Tatti-267x400.jpg 267w, https:\/\/www.betriebundgewerkschaft-bw.de\/wp-content\/uploads\/2021\/03\/Jessica-Tatti.jpg 420w\" sizes=\"(max-width: 200px) 100vw, 200px\" \/><p id=\"caption-attachment-2243\" class=\"wp-caption-text\">Ebenfalls vor Ort: Jessica Tatti MdB von der Linken<\/p><\/div>\n<p><strong>3.000 Frauen<br \/>\n<em>(Den ganzen Artikel lesen: <a href=\"https:\/\/www.kontextwochenzeitung.de\/schaubuehne\/528\/3000-frauen-7484.html\">KLICK<\/a>)<\/em><br \/>\n<\/strong><\/p>\n<p><em>Ein Artikel von Gesa von Leesen<\/em><\/p>\n<p>Edeka S\u00fcdwest macht gute Gesch\u00e4fte in der Pandemie. Doch ihre B\u00e4ckereikette K&amp;U will sie an ihre Einzelh\u00e4ndler abgeben. Ohne Tarifvertrag. Dagegen wehren sich die K&amp;Ulerinnen. Und das ist unter Coronabedingungen nicht eben einfach.<\/p>\n<blockquote>\n<h4>Ab 10,80 Euro pro Stunde<\/h4>\n<p>Nach dem Tarifvertrag von K&amp;U, der gerade neu verhandelt wird, verdienen ungelernte Verk\u00e4uferInnen in Vollzeit im ersten Jahr 1.777 Euro brutto, das ist ein Stundenlohn von 10,80 Euro. Der Lohn steigt mit Betriebszugeh\u00f6rigkeit bis zum sechsten Jahr auf 2.000 Euro (12,16 Euro pro Stunde). Gelernte Verk\u00e4uferInnen fangen bei 2.109 Euro (12,82) an, ab dem dritten Jahr gibt&#8217;s 2.292 Euro (13,93), dann ist Schluss. Der aktuelle Mindestlohn in Deutschland betr\u00e4gt 9,50 Euro pro Stunde.<\/p>\n<p>Gesa von Leesen<\/p>\n<p>Weiterer Artikel zum Thema in der &#8222;Jungen Welt&#8220;: <a href=\"https:\/\/www.jungewelt.de\/artikel\/402212.arbeitskonflikt-br%C3%B6sel-und-kr%C3%BCmel.html?sstr=linke%7Cbadenw%C3%BCrttemberg\">KLICK<\/a><\/p><\/blockquote>\n<div class=\"pdfprnt-buttons pdfprnt-buttons-post pdfprnt-bottom-right\"><a href=\"https:\/\/www.betriebundgewerkschaft-bw.de\/index.php?rest_route=wpv2posts2319&print=pdf\" class=\"pdfprnt-button pdfprnt-button-pdf\" target=\"_blank\"><img src=\"https:\/\/www.betriebundgewerkschaft-bw.de\/wp-content\/plugins\/pdf-print\/images\/pdf.png\" alt=\"image_pdf\" title=\"PDF anzeigen\" \/><\/a><a href=\"https:\/\/www.betriebundgewerkschaft-bw.de\/index.php?rest_route=wpv2posts2319&print=print\" class=\"pdfprnt-button pdfprnt-button-print\" target=\"_blank\"><img src=\"https:\/\/www.betriebundgewerkschaft-bw.de\/wp-content\/plugins\/pdf-print\/images\/print.png\" alt=\"image_print\" title=\"Inhalt drucken\" \/><\/a><\/div>","protected":false},"excerpt":{"rendered":"<p>3.000 Frauen (Den ganzen Artikel lesen: KLICK) Ein Artikel von Gesa von Leesen Edeka S\u00fcdwest macht gute Gesch\u00e4fte in der Pandemie. Doch ihre B\u00e4ckereikette K&amp;U will sie an ihre Einzelh\u00e4ndler abgeben. Ohne Tarifvertrag. Dagegen wehren sich die K&amp;Ulerinnen. Und das ist unter Coronabedingungen nicht eben einfach. Ab 10,80 Euro pro Stunde Nach dem Tarifvertrag von [&hellip;]<\/p>\n","protected":false},"author":13,"featured_media":0,"comment_status":"open","ping_status":"open","sticky":false,"template":"","format":"standard","meta":[],"categories":[107,1,164,168],"tags":[],"_links":{"self":[{"href":"https:\/\/www.betriebundgewerkschaft-bw.de\/index.php?rest_route=\/wp\/v2\/posts\/2319"}],"collection":[{"href":"https:\/\/www.betriebundgewerkschaft-bw.de\/index.php?rest_route=\/wp\/v2\/posts"}],"about":[{"href":"https:\/\/www.betriebundgewerkschaft-bw.de\/index.php?rest_route=\/wp\/v2\/types\/post"}],"author":[{"embeddable":true,"href":"https:\/\/www.betriebundgewerkschaft-bw.de\/index.php?rest_route=\/wp\/v2\/users\/13"}],"replies":[{"embeddable":true,"href":"https:\/\/www.betriebundgewerkschaft-bw.de\/index.php?rest_route=%2Fwp%2Fv2%2Fcomments&post=2319"}],"version-history":[{"count":4,"href":"https:\/\/www.betriebundgewerkschaft-bw.de\/index.php?rest_route=\/wp\/v2\/posts\/2319\/revisions"}],"predecessor-version":[{"id":2325,"href":"https:\/\/www.betriebundgewerkschaft-bw.de\/index.php?rest_route=\/wp\/v2\/posts\/2319\/revisions\/2325"}],"wp:attachment":[{"href":"https:\/\/www.betriebundgewerkschaft-bw.de\/index.php?rest_route=%2Fwp%2Fv2%2Fmedia&parent=2319"}],"wp:term":[{"taxonomy":"category","embeddable":true,"href":"https:\/\/www.betriebundgewerkschaft-bw.de\/index.php?rest_route=%2Fwp%2Fv2%2Fcategories&post=2319"},{"taxonomy":"post_tag","embeddable":true,"href":"https:\/\/www.betriebundgewerkschaft-bw.de\/index.php?rest_route=%2Fwp%2Fv2%2Ftags&post=2319"}],"curies":[{"name":"wp","href":"https:\/\/api.w.org\/{rel}","templated":true}]}}