{"id":2316,"date":"2021-04-20T09:05:01","date_gmt":"2021-04-20T07:05:01","guid":{"rendered":"https:\/\/www.betriebundgewerkschaft-bw.de\/?p=2316"},"modified":"2021-04-20T09:06:41","modified_gmt":"2021-04-20T07:06:41","slug":"beschaeftigte-im-einzel-und-versandhandel-verdienen-mehr","status":"publish","type":"post","link":"https:\/\/www.betriebundgewerkschaft-bw.de\/?p=2316","title":{"rendered":"Besch\u00e4ftigte im Einzel- und Versandhandel verdienen mehr!"},"content":{"rendered":"<div id=\"attachment_2243\" style=\"width: 110px\" class=\"wp-caption alignleft\"><img aria-describedby=\"caption-attachment-2243\" loading=\"lazy\" class=\"size-thumbnail wp-image-2243\" src=\"https:\/\/www.betriebundgewerkschaft-bw.de\/wp-content\/uploads\/2021\/03\/Jessica-Tatti-100x130.jpg\" alt=\"\" width=\"100\" height=\"130\" \/><p id=\"caption-attachment-2243\" class=\"wp-caption-text\">Jessica Tatti MdB, Landessprecherin<\/p><\/div>\n<p>Jessica Tatti, Bundestagsabgeordnete f\u00fcr DIE LINKE und Sprecherin der Landesarbeitsgemeinschaft Betrieb &amp; Gewerkschaft der LINKEN in Baden-W\u00fcrttemberg: \u201eIch unterst\u00fctze die Forderungen der Gewerkschaft ver.di zum Einzel- und Versandhandel und w\u00fcnsche den Kolleginnen und Kollegen erfolgreiche Tarifverhandlungen. Die Besch\u00e4ftigten im Handel m\u00fcssen in der Pandemie viel aushalten. W\u00e4hrend die einen in den Superm\u00e4rkten und im Versandhandel bis zum Umfallen schuften, haben andere massive Lohneinbu\u00dfen, weil die L\u00e4den zwangsweise geschlossen wurden.\u201c<\/p>\n<p>Tatti weiter: \u201eEs ist der Verdienst der Besch\u00e4ftigten, dass der Einzel- und insbesondere der Versandhandel w\u00e4hrend der Pandemie unterm Strich kr\u00e4ftige Umsatz- und Gewinnzuw\u00e4chse verzeichnen konnte. Es muss Schluss damit sein, dass Unternehmen Gewinne auf Kosten ihrer Besch\u00e4ftigten erzielen. Die Arbeitsbedingungen im Einzel- und Versandhandel verschlechtern sich Jahr f\u00fcr Jahr. Gerade in Baden-W\u00fcrttemberg nehmen Befristungen, schlechte Bezahlung und Teilzeit in der Branche besonders stark zu. Die L\u00f6hne im Einzelhandel reichen nicht einmal aus, um sp\u00e4ter eine armutsfeste Rente zu bekommen. Die Besch\u00e4ftigten verdienen mehr! Sachgrundlose Befristungen geh\u00f6ren abgeschafft, der Mindestlohn muss armutsfest werden. Es braucht endlich einen allgemeinverbindlichen Tarifvertrag f\u00fcr den Einzelhandel. Der sch\u00e4bige Wettbewerb um die miesesten L\u00f6hne der Branche muss gestoppt werden. Es kann nicht sein, dass tarifgebundene Unternehmen am Markt bestraft werden, w\u00e4hrend sich Tarifflucht auszahlt.\u201c<\/p>\n<div class=\"pdfprnt-buttons pdfprnt-buttons-post pdfprnt-bottom-right\"><a href=\"https:\/\/www.betriebundgewerkschaft-bw.de\/index.php?rest_route=wpv2posts2316&print=pdf\" class=\"pdfprnt-button pdfprnt-button-pdf\" target=\"_blank\"><img src=\"https:\/\/www.betriebundgewerkschaft-bw.de\/wp-content\/plugins\/pdf-print\/images\/pdf.png\" alt=\"image_pdf\" title=\"PDF anzeigen\" \/><\/a><a href=\"https:\/\/www.betriebundgewerkschaft-bw.de\/index.php?rest_route=wpv2posts2316&print=print\" class=\"pdfprnt-button pdfprnt-button-print\" target=\"_blank\"><img src=\"https:\/\/www.betriebundgewerkschaft-bw.de\/wp-content\/plugins\/pdf-print\/images\/print.png\" alt=\"image_print\" title=\"Inhalt drucken\" \/><\/a><\/div>","protected":false},"excerpt":{"rendered":"<p>Jessica Tatti, Bundestagsabgeordnete f\u00fcr DIE LINKE und Sprecherin der Landesarbeitsgemeinschaft Betrieb &amp; Gewerkschaft der LINKEN in Baden-W\u00fcrttemberg: \u201eIch unterst\u00fctze die Forderungen der Gewerkschaft ver.di zum Einzel- und Versandhandel und w\u00fcnsche den Kolleginnen und Kollegen erfolgreiche Tarifverhandlungen. Die Besch\u00e4ftigten im Handel m\u00fcssen in der Pandemie viel aushalten. W\u00e4hrend die einen in den Superm\u00e4rkten und im Versandhandel [&hellip;]<\/p>\n","protected":false},"author":13,"featured_media":0,"comment_status":"open","ping_status":"open","sticky":false,"template":"","format":"standard","meta":[],"categories":[109,107,1],"tags":[],"_links":{"self":[{"href":"https:\/\/www.betriebundgewerkschaft-bw.de\/index.php?rest_route=\/wp\/v2\/posts\/2316"}],"collection":[{"href":"https:\/\/www.betriebundgewerkschaft-bw.de\/index.php?rest_route=\/wp\/v2\/posts"}],"about":[{"href":"https:\/\/www.betriebundgewerkschaft-bw.de\/index.php?rest_route=\/wp\/v2\/types\/post"}],"author":[{"embeddable":true,"href":"https:\/\/www.betriebundgewerkschaft-bw.de\/index.php?rest_route=\/wp\/v2\/users\/13"}],"replies":[{"embeddable":true,"href":"https:\/\/www.betriebundgewerkschaft-bw.de\/index.php?rest_route=%2Fwp%2Fv2%2Fcomments&post=2316"}],"version-history":[{"count":1,"href":"https:\/\/www.betriebundgewerkschaft-bw.de\/index.php?rest_route=\/wp\/v2\/posts\/2316\/revisions"}],"predecessor-version":[{"id":2317,"href":"https:\/\/www.betriebundgewerkschaft-bw.de\/index.php?rest_route=\/wp\/v2\/posts\/2316\/revisions\/2317"}],"wp:attachment":[{"href":"https:\/\/www.betriebundgewerkschaft-bw.de\/index.php?rest_route=%2Fwp%2Fv2%2Fmedia&parent=2316"}],"wp:term":[{"taxonomy":"category","embeddable":true,"href":"https:\/\/www.betriebundgewerkschaft-bw.de\/index.php?rest_route=%2Fwp%2Fv2%2Fcategories&post=2316"},{"taxonomy":"post_tag","embeddable":true,"href":"https:\/\/www.betriebundgewerkschaft-bw.de\/index.php?rest_route=%2Fwp%2Fv2%2Ftags&post=2316"}],"curies":[{"name":"wp","href":"https:\/\/api.w.org\/{rel}","templated":true}]}}