{"id":2311,"date":"2021-04-04T14:49:55","date_gmt":"2021-04-04T12:49:55","guid":{"rendered":"https:\/\/www.betriebundgewerkschaft-bw.de\/?p=2311"},"modified":"2021-04-04T14:52:00","modified_gmt":"2021-04-04T12:52:00","slug":"die-ig-metall-gibt-die-ergebnisse-der-tarifrunde-bekannt","status":"publish","type":"post","link":"https:\/\/www.betriebundgewerkschaft-bw.de\/?p=2311","title":{"rendered":"Die IG Metall gibt die Ergebnisse der Tarifrunde bekannt"},"content":{"rendered":"<p><img loading=\"lazy\" class=\"alignleft size-thumbnail\" src=\"https:\/\/www.bw.igm.de\/images\/artikel\/previews\/9\/93\/teaser_99387_2.jpg\" width=\"160\" height=\"120\" \/>Das Tarifergebnis unter Corona-Bedingungen richtig w\u00fcrdigend einzusch\u00e4tzen: Das machen wir hier nicht. Tatsache jedoch ist, dass die Kahlschlagabsichten der S\u00fcdwestmetall abgewehrt werden konnten, und dass es im Bereich Arbeitszeitverk\u00fcrzungen bzw. dem Thema &#8222;Souver\u00e4nit\u00e4t \u00fcber Arbeitszeit&#8220; Fortschritte gab. Die Miteinbeziehung der Dual-Studierenden in den Tarifvertrag (Urlaub \/ Lernmittelkosten) ist erstmals gelungen. Die Ausgangsstimmung f\u00fcr diese Tarifrunde war nat\u00fcrlich meilenweit von einem Vorabend der Revolution entfernt! Im Gegenteil: F\u00fcr die Zukunftssicherung waren viele Kolleg*innen bereit, einiges zu geben. Eigentlich dann aber erstaunlich, wie breit die Warnstreiks aufgestellt waren!<br \/>\nDie Arbeitgeber waren ebenfalls etwas verunsichert, das Maulheldentum der AG-Funktion\u00e4re war dann doch eher durchschaubar.<\/p>\n<p>Was wir liefern k\u00f6nnen, ist die Selbsteinsch\u00e4tzung der IG Metall: <a href=\"https:\/\/www.betriebundgewerkschaft-bw.de\/wp-content\/uploads\/2021\/04\/210404_Tarifergebnis_MuE.pdf\">KLICK<\/a><\/p>\n<div class=\"pdfprnt-buttons pdfprnt-buttons-post pdfprnt-bottom-right\"><a href=\"https:\/\/www.betriebundgewerkschaft-bw.de\/index.php?rest_route=wpv2posts2311&print=pdf\" class=\"pdfprnt-button pdfprnt-button-pdf\" target=\"_blank\"><img src=\"https:\/\/www.betriebundgewerkschaft-bw.de\/wp-content\/plugins\/pdf-print\/images\/pdf.png\" alt=\"image_pdf\" title=\"PDF anzeigen\" \/><\/a><a href=\"https:\/\/www.betriebundgewerkschaft-bw.de\/index.php?rest_route=wpv2posts2311&print=print\" class=\"pdfprnt-button pdfprnt-button-print\" target=\"_blank\"><img src=\"https:\/\/www.betriebundgewerkschaft-bw.de\/wp-content\/plugins\/pdf-print\/images\/print.png\" alt=\"image_print\" title=\"Inhalt drucken\" \/><\/a><\/div>","protected":false},"excerpt":{"rendered":"<p>Das Tarifergebnis unter Corona-Bedingungen richtig w\u00fcrdigend einzusch\u00e4tzen: Das machen wir hier nicht. Tatsache jedoch ist, dass die Kahlschlagabsichten der S\u00fcdwestmetall abgewehrt werden konnten, und dass es im Bereich Arbeitszeitverk\u00fcrzungen bzw. dem Thema &#8222;Souver\u00e4nit\u00e4t \u00fcber Arbeitszeit&#8220; Fortschritte gab. Die Miteinbeziehung der Dual-Studierenden in den Tarifvertrag (Urlaub \/ Lernmittelkosten) ist erstmals gelungen. Die Ausgangsstimmung f\u00fcr diese Tarifrunde [&hellip;]<\/p>\n","protected":false},"author":13,"featured_media":0,"comment_status":"open","ping_status":"open","sticky":false,"template":"","format":"standard","meta":[],"categories":[1],"tags":[],"_links":{"self":[{"href":"https:\/\/www.betriebundgewerkschaft-bw.de\/index.php?rest_route=\/wp\/v2\/posts\/2311"}],"collection":[{"href":"https:\/\/www.betriebundgewerkschaft-bw.de\/index.php?rest_route=\/wp\/v2\/posts"}],"about":[{"href":"https:\/\/www.betriebundgewerkschaft-bw.de\/index.php?rest_route=\/wp\/v2\/types\/post"}],"author":[{"embeddable":true,"href":"https:\/\/www.betriebundgewerkschaft-bw.de\/index.php?rest_route=\/wp\/v2\/users\/13"}],"replies":[{"embeddable":true,"href":"https:\/\/www.betriebundgewerkschaft-bw.de\/index.php?rest_route=%2Fwp%2Fv2%2Fcomments&post=2311"}],"version-history":[{"count":2,"href":"https:\/\/www.betriebundgewerkschaft-bw.de\/index.php?rest_route=\/wp\/v2\/posts\/2311\/revisions"}],"predecessor-version":[{"id":2314,"href":"https:\/\/www.betriebundgewerkschaft-bw.de\/index.php?rest_route=\/wp\/v2\/posts\/2311\/revisions\/2314"}],"wp:attachment":[{"href":"https:\/\/www.betriebundgewerkschaft-bw.de\/index.php?rest_route=%2Fwp%2Fv2%2Fmedia&parent=2311"}],"wp:term":[{"taxonomy":"category","embeddable":true,"href":"https:\/\/www.betriebundgewerkschaft-bw.de\/index.php?rest_route=%2Fwp%2Fv2%2Fcategories&post=2311"},{"taxonomy":"post_tag","embeddable":true,"href":"https:\/\/www.betriebundgewerkschaft-bw.de\/index.php?rest_route=%2Fwp%2Fv2%2Ftags&post=2311"}],"curies":[{"name":"wp","href":"https:\/\/api.w.org\/{rel}","templated":true}]}}