{"id":2306,"date":"2021-04-02T11:30:53","date_gmt":"2021-04-02T09:30:53","guid":{"rendered":"https:\/\/www.betriebundgewerkschaft-bw.de\/?p=2306"},"modified":"2022-04-26T22:38:30","modified_gmt":"2022-04-26T20:38:30","slug":"ein-muss-artikel-in-der-jw-zum-thema-pflegenotstand","status":"publish","type":"post","link":"https:\/\/www.betriebundgewerkschaft-bw.de\/?p=2306","title":{"rendered":"Ein &#8222;MUSS&#8220;-Artikel in der JW zum Thema Pflegenotstand"},"content":{"rendered":"<p>Das ganze Desaster vor allem in der Altenpflege wird in diesem Artikel hervorragend aufgearbeitet. Beachtenswert ist vor allem, dass es der Gesundheitsminister Jens Spahn gewesen sein k\u00f6nnte, der auf die Caritas einwirkte, den ausgehandelten Tarifvertrag nicht \u00fcbernehmen zu wollen, und damit die Allgemeinverbindlichkeit zu sabotieren. Wenn dem aber so w\u00e4re, dann steckt da dahinter der Unwille der CDU, das Desaster aufzul\u00f6sen. Spahn ahnt, dass das nur bezahlbar sein kann durch massive Steuerzusch\u00fcsse ins System oder durch eine Beitragserh\u00f6hung im Bereich der Kranken- und Pflegeversicherung: Aus Sicht der &#8222;MIT&#8220; in der CDU k\u00e4me das einer Lohnerh\u00f6hung gleich. Denn es gilt das Dogma: Die so genannten Lohnnebenkosten d\u00fcrfen 20% nicht \u00fcberschreiten. Und den auf Arbeitnehmer abgew\u00e4lzten Zusatzbeitrag zu erh\u00f6hen, getraut sich &#8211; nicht nur in einem Superwahljahr &#8211; wohl eher niemand.<\/p>\n<p>Den ganzen Artikel gibt es hier: <a href=\"https:\/\/www.jungewelt.de\/artikel\/399881.gesundheitssystem-aus-frust-gek%C3%BCndigt.html\">KLICK<\/a><\/p>\n<div class=\"pdfprnt-buttons pdfprnt-buttons-post pdfprnt-bottom-right\"><a href=\"https:\/\/www.betriebundgewerkschaft-bw.de\/index.php?rest_route=wpv2posts2306&print=pdf\" class=\"pdfprnt-button pdfprnt-button-pdf\" target=\"_blank\"><img src=\"https:\/\/www.betriebundgewerkschaft-bw.de\/wp-content\/plugins\/pdf-print\/images\/pdf.png\" alt=\"image_pdf\" title=\"PDF anzeigen\" \/><\/a><a href=\"https:\/\/www.betriebundgewerkschaft-bw.de\/index.php?rest_route=wpv2posts2306&print=print\" class=\"pdfprnt-button pdfprnt-button-print\" target=\"_blank\"><img src=\"https:\/\/www.betriebundgewerkschaft-bw.de\/wp-content\/plugins\/pdf-print\/images\/print.png\" alt=\"image_print\" title=\"Inhalt drucken\" \/><\/a><\/div>","protected":false},"excerpt":{"rendered":"<p>War es der Gesundheitsminister Jens Spahn, der auf die Caritas einwirkte, den ausgehandelten Tarifvertrag nicht \u00fcbernehmen zu wollen, und damit die Allgemeinverbindlichkeit zu sabotieren? Eine Spekulation. Aber der Artikel macht auch das Komplettdesater der Pflege deutlich.<\/p>\n","protected":false},"author":13,"featured_media":0,"comment_status":"closed","ping_status":"closed","sticky":false,"template":"","format":"standard","meta":[],"categories":[109,107,1,164],"tags":[],"_links":{"self":[{"href":"https:\/\/www.betriebundgewerkschaft-bw.de\/index.php?rest_route=\/wp\/v2\/posts\/2306"}],"collection":[{"href":"https:\/\/www.betriebundgewerkschaft-bw.de\/index.php?rest_route=\/wp\/v2\/posts"}],"about":[{"href":"https:\/\/www.betriebundgewerkschaft-bw.de\/index.php?rest_route=\/wp\/v2\/types\/post"}],"author":[{"embeddable":true,"href":"https:\/\/www.betriebundgewerkschaft-bw.de\/index.php?rest_route=\/wp\/v2\/users\/13"}],"replies":[{"embeddable":true,"href":"https:\/\/www.betriebundgewerkschaft-bw.de\/index.php?rest_route=%2Fwp%2Fv2%2Fcomments&post=2306"}],"version-history":[{"count":5,"href":"https:\/\/www.betriebundgewerkschaft-bw.de\/index.php?rest_route=\/wp\/v2\/posts\/2306\/revisions"}],"predecessor-version":[{"id":2439,"href":"https:\/\/www.betriebundgewerkschaft-bw.de\/index.php?rest_route=\/wp\/v2\/posts\/2306\/revisions\/2439"}],"wp:attachment":[{"href":"https:\/\/www.betriebundgewerkschaft-bw.de\/index.php?rest_route=%2Fwp%2Fv2%2Fmedia&parent=2306"}],"wp:term":[{"taxonomy":"category","embeddable":true,"href":"https:\/\/www.betriebundgewerkschaft-bw.de\/index.php?rest_route=%2Fwp%2Fv2%2Fcategories&post=2306"},{"taxonomy":"post_tag","embeddable":true,"href":"https:\/\/www.betriebundgewerkschaft-bw.de\/index.php?rest_route=%2Fwp%2Fv2%2Ftags&post=2306"}],"curies":[{"name":"wp","href":"https:\/\/api.w.org\/{rel}","templated":true}]}}