{"id":2301,"date":"2021-03-29T09:48:09","date_gmt":"2021-03-29T07:48:09","guid":{"rendered":"https:\/\/www.betriebundgewerkschaft-bw.de\/?p=2301"},"modified":"2021-03-29T09:51:04","modified_gmt":"2021-03-29T07:51:04","slug":"ver-di-fordert-edeka-soll-den-real-belegschaften-arbeitsplaetze-und-tarifbindung-garantieren","status":"publish","type":"post","link":"https:\/\/www.betriebundgewerkschaft-bw.de\/?p=2301","title":{"rendered":"ver.di fordert: Edeka soll den real-Belegschaften Arbeitspl\u00e4tze und Tarifbindung garantieren"},"content":{"rendered":"<div class=\"mod_article\">\n<div style=\"width: 344px\" class=\"wp-caption alignright\"><img loading=\"lazy\" class=\"\" src=\"https:\/\/mar.prod.image.rndtech.de\/var\/storage\/images\/lvz\/leipzig\/lokales\/verdi-verhandlungschef-transfergesellschaft-ist-fuer-ex-schlecker-mitarbeiter-vernuenftige-loesung\/202170497-2-ger-DE\/Verdi-Verhandlungschef-Transfergesellschaft-ist-fuer-Ex-Schlecker-Mitarbeiter-vernuenftige-Loesung_mobile_default_2_1@2x.jpg\" width=\"334\" height=\"167\" \/><p class=\"wp-caption-text\">Bernhard Franke<\/p><\/div>\n<p>Die Vereinte Dienstleistungsgewerkschaft (ver.di) begr\u00fc\u00dft, dass das Bundeskartellamt nun den Weg freigemacht hat, dass Edeka S\u00fcdwest neun Filialen der SB-Warenhauskette real,- in Baden-W\u00fcrttemberg \u00fcbernehmen kann. Allerdings, so Bernhard Franke, der f\u00fcr den Handel zust\u00e4ndige ver.di-Fachbereichsleiter, sei es nun dringend erforderlich, den betroffenen Belegschaften schnell und abschlie\u00dfend Klarheit \u00fcber ihre Zukunftsperspektiven zu verschaffen. \u201eDie Absicherung der Arbeitspl\u00e4tze, die Anwendung der ver.di-Tarifvertr\u00e4ge und die Sicherung der Betriebsratsstrukturen sind das Mindeste, das wir von Edeka \u2013 wie von allen Erwerbern der real-Filialen \u2013 erwarten\u201c, erkl\u00e4rte Franke.<\/p>\n<p>Nicht abschlie\u00dfend gekl\u00e4rt sei nach wie vor, wie viele der nun kartellrechtlich genehmigten real-Standorte Edeka tats\u00e4chlich \u00fcbernehmen und wie Edeka an den Standorten B\u00f6blingen-Hulb und N\u00fcrtingen mit den Auflagen des Kartellamtes (Vermietung von Teilfl\u00e4chen oder Schlie\u00dfung anderer Filialen) umgehen wird. Au\u00dferdem erwarte ver.di, so Franke, die Anwendung der Tarifvertr\u00e4ge des baden-w\u00fcrttembergischen Einzelhandels \u2013 auch f\u00fcr den Fall, dass Edeka einzelne Filialen an private Kaufleute weiterreiche.<\/p>\n<p>Vom real-Eigent\u00fcmer SCP fordert die Gewerkschaft, auch die \u201eunertr\u00e4gliche H\u00e4ngepartie\u201c f\u00fcr die Belegschaften der noch verbleibenden zw\u00f6lf Filialen, f\u00fcr die noch kein \u00dcbernehmer benannt wurde, zu beenden.<br \/>\nBekannt wurde bisher, dass von 34 real-M\u00e4rkten in Baden-W\u00fcrttemberg zehn von Kaufland \u00fcbernommen werden, neun von Edeka, sowie je einer an Globus und HIT gehen. Der Markt in Villingen-Schwenningen soll zum 30.9.2021 geschlossen werden.<\/p>\n<p>Das Einzelhandelsunternehmen Kaufland hat ver.di f\u00fcr den Fall der \u00dcbernahme von real-Filialen weitreichende Absicherungen und Verbesserungen f\u00fcr die betroffenen Besch\u00e4ftigten zugesichert. So sollen alle bisherigen Besch\u00e4ftigten von real,- ohne Unterbrechung \u00fcbernommen und bei Kaufland wieder nach den ver.di-Fl\u00e4chentarifvertr\u00e4gen f\u00fcr den Einzel- und Versandhandel bezahlt werden.<\/p>\n<p>\u201eEs w\u00fcrde Edeka S\u00fcdwest gut zu Gesichte stehen, den real-Besch\u00e4ftigten die gleichen Sicherheiten zu geben, wie Kaufland das bereits getan hat.\u201c, erkl\u00e4rte Bernhard Franke.<\/p>\n<\/div>\n<div class=\"pdfprnt-buttons pdfprnt-buttons-post pdfprnt-bottom-right\"><a href=\"https:\/\/www.betriebundgewerkschaft-bw.de\/index.php?rest_route=wpv2posts2301&print=pdf\" class=\"pdfprnt-button pdfprnt-button-pdf\" target=\"_blank\"><img src=\"https:\/\/www.betriebundgewerkschaft-bw.de\/wp-content\/plugins\/pdf-print\/images\/pdf.png\" alt=\"image_pdf\" title=\"PDF anzeigen\" \/><\/a><a href=\"https:\/\/www.betriebundgewerkschaft-bw.de\/index.php?rest_route=wpv2posts2301&print=print\" class=\"pdfprnt-button pdfprnt-button-print\" target=\"_blank\"><img src=\"https:\/\/www.betriebundgewerkschaft-bw.de\/wp-content\/plugins\/pdf-print\/images\/print.png\" alt=\"image_print\" title=\"Inhalt drucken\" \/><\/a><\/div>","protected":false},"excerpt":{"rendered":"<p>Edeka-Filialen werden oft von Einzelunternehmern gef\u00fchrt. Nun gab das Kartellamt gr\u00fcnes Licht f\u00fcr die \u00dcbernahme mancher Real-M\u00e4rkte. Verdi will, dass auch dort die Tarifvertr\u00e4ge weitergef\u00fchrt werden und die Betriebsrats-Strukturen erhalten bleiben. <\/p>\n","protected":false},"author":13,"featured_media":0,"comment_status":"open","ping_status":"open","sticky":false,"template":"","format":"standard","meta":[],"categories":[1],"tags":[],"_links":{"self":[{"href":"https:\/\/www.betriebundgewerkschaft-bw.de\/index.php?rest_route=\/wp\/v2\/posts\/2301"}],"collection":[{"href":"https:\/\/www.betriebundgewerkschaft-bw.de\/index.php?rest_route=\/wp\/v2\/posts"}],"about":[{"href":"https:\/\/www.betriebundgewerkschaft-bw.de\/index.php?rest_route=\/wp\/v2\/types\/post"}],"author":[{"embeddable":true,"href":"https:\/\/www.betriebundgewerkschaft-bw.de\/index.php?rest_route=\/wp\/v2\/users\/13"}],"replies":[{"embeddable":true,"href":"https:\/\/www.betriebundgewerkschaft-bw.de\/index.php?rest_route=%2Fwp%2Fv2%2Fcomments&post=2301"}],"version-history":[{"count":2,"href":"https:\/\/www.betriebundgewerkschaft-bw.de\/index.php?rest_route=\/wp\/v2\/posts\/2301\/revisions"}],"predecessor-version":[{"id":2303,"href":"https:\/\/www.betriebundgewerkschaft-bw.de\/index.php?rest_route=\/wp\/v2\/posts\/2301\/revisions\/2303"}],"wp:attachment":[{"href":"https:\/\/www.betriebundgewerkschaft-bw.de\/index.php?rest_route=%2Fwp%2Fv2%2Fmedia&parent=2301"}],"wp:term":[{"taxonomy":"category","embeddable":true,"href":"https:\/\/www.betriebundgewerkschaft-bw.de\/index.php?rest_route=%2Fwp%2Fv2%2Fcategories&post=2301"},{"taxonomy":"post_tag","embeddable":true,"href":"https:\/\/www.betriebundgewerkschaft-bw.de\/index.php?rest_route=%2Fwp%2Fv2%2Ftags&post=2301"}],"curies":[{"name":"wp","href":"https:\/\/api.w.org\/{rel}","templated":true}]}}