{"id":2298,"date":"2021-03-28T15:35:14","date_gmt":"2021-03-28T13:35:14","guid":{"rendered":"https:\/\/www.betriebundgewerkschaft-bw.de\/?p=2298"},"modified":"2021-03-28T15:37:18","modified_gmt":"2021-03-28T13:37:18","slug":"linke-landesvorstand-bawue-solidaritaet-mit-den-warnstreiks-der-ig-metall","status":"publish","type":"post","link":"https:\/\/www.betriebundgewerkschaft-bw.de\/?p=2298","title":{"rendered":"Linke-Landesvorstand BaW\u00fc: Solidarit\u00e4t mit den Warnstreiks der IG Metall"},"content":{"rendered":"<div style=\"width: 420px\" class=\"wp-caption alignright\"><img loading=\"lazy\" class=\"\" src=\"https:\/\/www.die-linke-bw.de\/fileadmin\/_processed_\/1\/7\/csm_2021-01-20-Sahra_Mirow_Fotos_Sophie_Tichonenko__36__edit_bluse_leicht_b80ab9544a.jpg\" width=\"410\" height=\"274\" \/><p class=\"wp-caption-text\">Sahra Mirow<\/p><\/div>\n<p><strong>Der Landesvorstand der LINKEN Baden-W\u00fcrttemberg erkl\u00e4rt sich solidarisch mit der IG Metall und den Warnstreikenden in der Metall- und Elektroindustrie. <\/strong><\/p>\n<p>Nach bisher erfolglosen Verhandlungen finden die ersten Warnstreiks in der Metall- und Elektroindustrie in Baden-W\u00fcrttemberg statt.<\/p>\n<p>\u201eDie Forderungen der IG Metall nach Besch\u00e4ftigungssicherung, Entgeltstabilisierung und Perspektiven f\u00fcr junge Menschen unterst\u00fctzen wir. Die Angriffe des Arbeitgeberverbands S\u00fcdwestmetall auf zentrale Errungenschaften der Tarifvertr\u00e4ge wie Alterssicherung, Schichtzuschl\u00e4ge und Urlaubs- und Weihnachtsgeld machen die Besch\u00e4ftigten zurecht w\u00fctend. Offensichtlich versuchen die Arbeitgeber die Coronakrise auszunutzen und die Lasten der Pandemie einseitig den Arbeitnehmer:innen aufzuladen. Widerstand gegen eine solche Politik ist geboten und dringend n\u00f6tig!\u201c, so die Landessprecherin Sahra Mirow.<\/p>\n<p>&#8222;Unsere Solidarit\u00e4t geh\u00f6rt den Metallerinnen und Metallern in den Betrieben. Wir stehen in dieser Auseinandersetzung an eurer Seite,&#8220; f\u00e4hrt Mirow fort.<\/p>\n<div class=\"pdfprnt-buttons pdfprnt-buttons-post pdfprnt-bottom-right\"><a href=\"https:\/\/www.betriebundgewerkschaft-bw.de\/index.php?rest_route=wpv2posts2298&print=pdf\" class=\"pdfprnt-button pdfprnt-button-pdf\" target=\"_blank\"><img src=\"https:\/\/www.betriebundgewerkschaft-bw.de\/wp-content\/plugins\/pdf-print\/images\/pdf.png\" alt=\"image_pdf\" title=\"PDF anzeigen\" \/><\/a><a href=\"https:\/\/www.betriebundgewerkschaft-bw.de\/index.php?rest_route=wpv2posts2298&print=print\" class=\"pdfprnt-button pdfprnt-button-print\" target=\"_blank\"><img src=\"https:\/\/www.betriebundgewerkschaft-bw.de\/wp-content\/plugins\/pdf-print\/images\/print.png\" alt=\"image_print\" title=\"Inhalt drucken\" \/><\/a><\/div>","protected":false},"excerpt":{"rendered":"<p>Sahra Mirox: Offensichtlich versuchen die Arbeitgeber die Coronakrise auszunutzen und die Lasten der Pandemie einseitig den Arbeitnehmer:innen aufzuladen. Widerstand gegen eine solche Politik ist geboten und dringend n\u00f6tig<\/p>\n","protected":false},"author":13,"featured_media":0,"comment_status":"open","ping_status":"open","sticky":false,"template":"","format":"standard","meta":[],"categories":[1],"tags":[],"_links":{"self":[{"href":"https:\/\/www.betriebundgewerkschaft-bw.de\/index.php?rest_route=\/wp\/v2\/posts\/2298"}],"collection":[{"href":"https:\/\/www.betriebundgewerkschaft-bw.de\/index.php?rest_route=\/wp\/v2\/posts"}],"about":[{"href":"https:\/\/www.betriebundgewerkschaft-bw.de\/index.php?rest_route=\/wp\/v2\/types\/post"}],"author":[{"embeddable":true,"href":"https:\/\/www.betriebundgewerkschaft-bw.de\/index.php?rest_route=\/wp\/v2\/users\/13"}],"replies":[{"embeddable":true,"href":"https:\/\/www.betriebundgewerkschaft-bw.de\/index.php?rest_route=%2Fwp%2Fv2%2Fcomments&post=2298"}],"version-history":[{"count":2,"href":"https:\/\/www.betriebundgewerkschaft-bw.de\/index.php?rest_route=\/wp\/v2\/posts\/2298\/revisions"}],"predecessor-version":[{"id":2300,"href":"https:\/\/www.betriebundgewerkschaft-bw.de\/index.php?rest_route=\/wp\/v2\/posts\/2298\/revisions\/2300"}],"wp:attachment":[{"href":"https:\/\/www.betriebundgewerkschaft-bw.de\/index.php?rest_route=%2Fwp%2Fv2%2Fmedia&parent=2298"}],"wp:term":[{"taxonomy":"category","embeddable":true,"href":"https:\/\/www.betriebundgewerkschaft-bw.de\/index.php?rest_route=%2Fwp%2Fv2%2Fcategories&post=2298"},{"taxonomy":"post_tag","embeddable":true,"href":"https:\/\/www.betriebundgewerkschaft-bw.de\/index.php?rest_route=%2Fwp%2Fv2%2Ftags&post=2298"}],"curies":[{"name":"wp","href":"https:\/\/api.w.org\/{rel}","templated":true}]}}