{"id":228,"date":"2011-08-15T11:41:20","date_gmt":"2011-08-15T09:41:20","guid":{"rendered":"https:\/\/www.betriebundgewerkschaft-bw.de\/?p=228"},"modified":"2011-08-15T11:41:20","modified_gmt":"2011-08-15T09:41:20","slug":"228","status":"publish","type":"post","link":"https:\/\/www.betriebundgewerkschaft-bw.de\/?p=228","title":{"rendered":"LINKE unterst\u00fctzt Streik der Jounalistinnen und Journalisten"},"content":{"rendered":"<p>&#8222;Gute Arbeit darf nicht weiter abgewertet werden!<\/p>\n<p>Das gilt f\u00fcr den Journalismus und alle anderen Bereiche der abh\u00e4ngigen Besch\u00e4ftigung. Es kann nicht sein, dass es einen Wirtschaftsaufschwung gibt und die L\u00f6hne und Geh\u00e4lter im Verh\u00e4ltnis absinken. Dieser, mit der Agenda 2010 von SPD und Gr\u00fcnen eingeleiteten Entwicklung bei L\u00f6hnen und Geh\u00e4ltern, muss auch mittels Tarifpolitik endlich der Garaus gemacht werden.&#8220;<\/p>\n<p>(Gerlinde Strasdeit, Stadtr\u00e4tin und Kreisvorstand in T\u00fcbingen)<\/p>\n<div class=\"pdfprnt-buttons pdfprnt-buttons-post pdfprnt-bottom-right\"><a href=\"https:\/\/www.betriebundgewerkschaft-bw.de\/index.php?rest_route=wpv2posts228&print=pdf\" class=\"pdfprnt-button pdfprnt-button-pdf\" target=\"_blank\"><img src=\"https:\/\/www.betriebundgewerkschaft-bw.de\/wp-content\/plugins\/pdf-print\/images\/pdf.png\" alt=\"image_pdf\" title=\"PDF anzeigen\" \/><\/a><a href=\"https:\/\/www.betriebundgewerkschaft-bw.de\/index.php?rest_route=wpv2posts228&print=print\" class=\"pdfprnt-button pdfprnt-button-print\" target=\"_blank\"><img src=\"https:\/\/www.betriebundgewerkschaft-bw.de\/wp-content\/plugins\/pdf-print\/images\/print.png\" alt=\"image_print\" title=\"Inhalt drucken\" \/><\/a><\/div>","protected":false},"excerpt":{"rendered":"<p>&#8222;Gute Arbeit darf nicht weiter abgewertet werden! Das gilt f\u00fcr den Journalismus und alle anderen Bereiche der abh\u00e4ngigen Besch\u00e4ftigung. Es kann nicht sein, dass es einen Wirtschaftsaufschwung gibt und die L\u00f6hne und Geh\u00e4lter im Verh\u00e4ltnis absinken. Dieser, mit der Agenda 2010 von SPD und Gr\u00fcnen eingeleiteten Entwicklung bei L\u00f6hnen und Geh\u00e4ltern, muss auch mittels Tarifpolitik [&hellip;]<\/p>\n","protected":false},"author":1,"featured_media":225,"comment_status":"open","ping_status":"open","sticky":false,"template":"","format":"standard","meta":[],"categories":[1],"tags":[],"_links":{"self":[{"href":"https:\/\/www.betriebundgewerkschaft-bw.de\/index.php?rest_route=\/wp\/v2\/posts\/228"}],"collection":[{"href":"https:\/\/www.betriebundgewerkschaft-bw.de\/index.php?rest_route=\/wp\/v2\/posts"}],"about":[{"href":"https:\/\/www.betriebundgewerkschaft-bw.de\/index.php?rest_route=\/wp\/v2\/types\/post"}],"author":[{"embeddable":true,"href":"https:\/\/www.betriebundgewerkschaft-bw.de\/index.php?rest_route=\/wp\/v2\/users\/1"}],"replies":[{"embeddable":true,"href":"https:\/\/www.betriebundgewerkschaft-bw.de\/index.php?rest_route=%2Fwp%2Fv2%2Fcomments&post=228"}],"version-history":[{"count":1,"href":"https:\/\/www.betriebundgewerkschaft-bw.de\/index.php?rest_route=\/wp\/v2\/posts\/228\/revisions"}],"predecessor-version":[{"id":229,"href":"https:\/\/www.betriebundgewerkschaft-bw.de\/index.php?rest_route=\/wp\/v2\/posts\/228\/revisions\/229"}],"wp:featuredmedia":[{"embeddable":true,"href":"https:\/\/www.betriebundgewerkschaft-bw.de\/index.php?rest_route=\/wp\/v2\/media\/225"}],"wp:attachment":[{"href":"https:\/\/www.betriebundgewerkschaft-bw.de\/index.php?rest_route=%2Fwp%2Fv2%2Fmedia&parent=228"}],"wp:term":[{"taxonomy":"category","embeddable":true,"href":"https:\/\/www.betriebundgewerkschaft-bw.de\/index.php?rest_route=%2Fwp%2Fv2%2Fcategories&post=228"},{"taxonomy":"post_tag","embeddable":true,"href":"https:\/\/www.betriebundgewerkschaft-bw.de\/index.php?rest_route=%2Fwp%2Fv2%2Ftags&post=228"}],"curies":[{"name":"wp","href":"https:\/\/api.w.org\/{rel}","templated":true}]}}