{"id":2265,"date":"2021-03-27T14:14:59","date_gmt":"2021-03-27T12:14:59","guid":{"rendered":"https:\/\/www.betriebundgewerkschaft-bw.de\/?p=2265"},"modified":"2021-03-27T14:40:20","modified_gmt":"2021-03-27T12:40:20","slug":"berufskrankheit-corona-mehr-als-vier-von-zehn-faellen-nicht-anerkannt","status":"publish","type":"post","link":"https:\/\/www.betriebundgewerkschaft-bw.de\/?p=2265","title":{"rendered":"Berufskrankheit Corona: mehr als vier von zehn F\u00e4llen nicht anerkannt"},"content":{"rendered":"<p><strong><img loading=\"lazy\" class=\"alignright size-medium\" src=\"data:image\/jpeg;base64,\/9j\/4AAQSkZJRgABAQAAAQABAAD\/2wCEAAoHCBUWFRgVFRUZGRgaGBgaHBkaGhgYGBgaGhoaGRgaGBkcIS4lHB4rIRgaJjgmKy8xNTU1GiQ7QDs0Py40NTEBDAwMEA8QGhISHjQnISE0NDQ0NDQ0NDQ0NDQ0NDQ0NDQ0NDQ0NDQ0NDQ0NDQ0NDQ0NDQ0NDQ0NDQ0NDQ0NDQ0NP\/AABEIARQAtwMBIgACEQEDEQH\/xAAbAAACAwEBAQAAAAAAAAAAAAADBAACBQEGB\/\/EADgQAAEDAgUBBgQGAQQDAQAAAAEAAhEhMQMEEkFRYQUicYGRoTJCsfAGE1JiwdHhI3KC8RSSsnP\/xAAZAQADAQEBAAAAAAAAAAAAAAAAAQIDBAX\/xAAgEQEBAAIDAQEBAAMAAAAAAAAAAQIREiExQQNRE3GB\/9oADAMBAAIRAxEAPwDQyzaBNNah5VtAmg1ee6g9Kq9qOGrj2oIm5q6GIrmLoYhQbWK2hNZbLauh+qNhZMn+tx5K5jai5SMfMsokgyq9BmsjEdbdenQ\/VK4eTsHCCJvuZJPlEJ8aXKF8PDorDCmi0stgaXU9\/cFWfla6hYeu5Rwp8oyHYaG5i9HmcmH1bc+52+qyH4JmErjYMcpWe5iDjYa0XMQMVilTKexc0UTjmKpw6K9kzXsS72LRxMNLvYjYZz8NBK0MRiUexVjU2BArqqQuq0PoOWbQJprULLCgTTQuZsqGqPaiAKOamRRzV0MRixUe9vI+vsiTYtHy74t6GyeJ1VBAIjzWWcXTERPht98ouA6tdXlMeUUK3w66ZZNcM1D\/ABIPirO0xaCNv6V8sQW09xXzSnaD9ImD4tIofNa+My+ZIiggzPpwuYOIC09BIXn3doSSNR6DjlHwMw4E3A5rQrPfbTj02ss+n34omPhNeAR8Y328SUgwwACeKD76Iz3mLxtE24ojfWi0j8kw7xS\/XZLPyLAJeafd0TDaXGpWll2ti\/qEuMvw7bHlc1hAGgj6+BS5bRejz+VwwTSp\/dJnwssN46Qs8pqrxu2fiNS72J17UBzVKiWIxK4jFoYjUpiNVSlWe9qiLiBRXstPoOWbQJkBCywoEyAsFOAKxorNaq41Bx1VAF4Y\/wCYtNv2nzK4dDBQV6iPdZzz196+QXH4xI0k7eiuXpNiOfqfqT+Fj6RsB9VhZjtFrDAq71hKPxHvHeddVOj47e1wO02WmDagn0lGxsLDxROuOrdANt5B2XimsMQTKaZiuDXN5EeI4+p8SqmRX8z+J2Vghzgxz6fE5xDRuf08b0Q2GDpJsNRHQRTxrHmlw9zcFrBPecfSlOgmPRUy7HVnePb79kXsTGncfN2Nre23vfxTeXxWvA1XtPiswYUx97rY7OyvI\/72SkosGy2WdqIMwaTt67haODli2C73+6LuBgmIM9OV04r2G8tP2fBXJpF3VsxkWPiRELB7T7IcwS3vDovRYWMCrZgAhGWMyiZbjXz7FZBQXMW72rgDXQWFv591luw1z2abS7Z2IxK4rFrPwku\/ARBaxMXDUWhi4CistvZ5ZtAmQELLCiYAWSkaEl2jmABAmeVogLH7Uw4M7p0oQE3uUnmccNDq1j+guvvJeAkMQanGv36J4+K12HgyTJTrEFjIRmBPbSQzhhHbhyqZdq0cJiqCozBkDz+spnAyoKIzDhNZZquRNDblAFoYGHC4xqYYFpIyyq8qj2+i65dantOiLO65aDKhJ5jDrMJvLgEJSJyY3amVip9FjvYvZYrBZ1R1\/wALBz2XZJ0uIP6XT7H+1lnj9PHJivYhuw049iGWrOLrPxcJRNYjVFbNu5cUTACDlhRMALJs6bLBz+NqMOBEW5W+WyF5ztMtDiG13J5RSjMzdBT6D+0phMhM4reVQFO3ppjFQ1FY1TDZJTYwaIk202mWK1MEcpDBYFostC0xTT+C0JjDCVwnwKouWxhurlRYbaEVphAY8H7lHlpVosWJXWqgw1cBSSPbKPgsohNFUw1XGeTmJEQRRYXamE0EQT5\/xT+VvuErE7Tw4O8e3\/ajPwsfWO9qG5qae1Cc1YRpSmI1RFe1RWlrZYUCZAQMsKBMgLOLQ2XlM0e+49V66F5Xt5rcN7R+qqWSsZu6ZGZxmggTVCY+UJ+X1Pc8uOmLdTCy\/wAQZ52Bo\/Lb8RMucCWtECBAN5m54RJy6aW8fXoxjtYJJA6qre2sIiWuL+rGvePVgKyOwsg7FY3Gxzrc6rWuA0MHykMsSb6rhehf2lg4dHOkikNGqNlpj10W9zfgGH2sw0LMQf7sPEb\/APTQtDLZtrhLT13+iUZ23gvjS19SQCQ0A6aGs7EeyJnHNc0kEav1fM3xrJVdfU8v+trDx5YfD\/CNgMBiq+ev\/EzmEsgEgw6ZbBB2gGQbzS9gnWfjGndY1zrBut0ybCrFcxpX9Mf69ZiZrSSKmNgUbKdsNsW+pXmG5HX382\/W41LAS3BYDsGg9\/xdPktHI4WUBH+jhNHVjB9RKnejyy6euy+fY7eCm4BErAw8phFs4YDf\/wAyWg+TYBQsftg5VodjS7C1BpfHeYXGGl4F2kmJAoSBBmVpLKzvm3ohdHaViYHbuWxGlzMVjoiYNRM7eRTeQzWr7nwR50zvfcPFyxc88lx+\/dbD7LDxTJKz\/S9HjOyzwqOCM4IbllF0riBdVnhRUlp5awTQCVytgmgs4tcLxH46JGIw7aB9Svbhec\/GmU1YTX7tcAfA\/wCR7ptPyuso89gj\/SE7kSinDDhpMEEQQRIIOxCTyuIS17NwZHhSVoARCz+tr7VMhgOOC1jXRpb+Wee5LDXayZy3ZOFADgKciPqhYON+W8u+R1T+x1i7\/aQBPBE7rVZisdsCujGfWNl8Iu7IwW1bAMGx5v0WZmslpBDXnpNSPPjovRPY0VMAew815vtftD8wnBy\/eNnvHwsG9efvqqu6WpCX4Z7ObjZh7zUTAP8AtAaY8S0+i1vxF+Hhg5nLYzY0Oe1jjwXEBk\/8i1M\/hLLNYYAtA9KVXr+3ch+dguw9y3u7QdiDseDsrxm5sZY66eRzuSfSCJuSax0A46rmW\/D7nkkPNQ6kAjvRO\/S62eye0W4jdGO3TjMhj2kQQ7Zw5a64\/wAFPnItBlryPApa0i6vrMy3YONhgOw3yQANHyuAi\/U8o\/b2EcXK4uG5hY\/EaMMagaPe5rWGd+8RZa+XYBdxd4n+FNYxXtDasw3anHZzwCGMHOknUTsWtHMPX0XetMfsn8J5fAbLNbzpAc55+KJnuiALmi0s6ThuY5o7hNYC0cx3WOI2BVHEOY2f8cpZdjHUu\/gWdxFnFGxXygrDLLZSKuCE5FcgvKUp0F6i48qKtp008rYJsJXK2Cbaoi66Et2tlteC9m5bI8RUfRNBWKYl1dvmWBBdqs4U8QaLReLeC729kCzHOgUcNY4\/d7qAUb4BZ311Wy9wOqg7L1m5b\/tJA9BSUbDZutPAO61xpZSa8YuZ7Iw2N1Yj3uA2L3R6SlcEuAkNa1vysAinktHtYawa9EqMVsBrpEDf4fUWV5ZDHGa6bfYEAinivYFwIBC8R2e\/TH1XrMtmBpC0wymmf6Y97YH4myw1te9paKN\/MZRzSTQO5aTF5HKFh5TMEdzMMI\/ex2rzLXAegC1+1c\/hvw3sHfLmubQSKiKmy87ksw5hDSfA8pZZavXgxwmU7nbUyvZGM4\/62PLf0YcsB8T8XuvR5fDa0BrAA0CA0AAAcACyxstm5EH\/ALWllsSVUyicsdGcy2WOAuQR6hL4o0sDeAE0bJbOXjzKWXm2UZ70OEw5qppXPVQFwQXtTbmobmogpF7VEw5iiojeVsnGpPK2TjVMOrBWKqF0qiZva3ZrcZorDm2PjcFYGdyv5bgwme6K2XrisH8Q4feY7kQsso1wyvjPw2phxMQEvhGoTb20kK8WlrIx9RJCWdgFJdsZrGwntcO9hEgPpL2Ddwi48kz2X2jh4rQ4YhDi8tDXANcRNDpNgRv1i6qy62cznjRyTS0QtvLOc6Gm31SeR7NxHNc8YgMF2mKgxQA9ZEFarOzHjSfzIEOJgQREWqqxiMs8f6Jj5QaaLFzGX2V+2O1m5do\/MxhrIENoXOcQSGgXMwPUcrGyGNmsUa8UhrYs1oBJ35MBO9zZY5NjJ4pB0ny6hegyjl5vIsLgH+C9NlW90JY0870fdiQOqVfWqvimyrCeWW+nOA5qrpRnBUhZ04GWqhajEIZCIKXc1REcFFWk7Vyr6BOsKz8pYJ5imKowXSqBXTChWd27hThz+kg\/wVolVxcMOaWmxBCzqsbq7eOY6gKde\/uHwSbsMtcWm4JCMx9IVY1vSD2ahVZp7LbqJAuI8N6cLX0q7QnLYc0HlcqQ0tYcRgIMBmIWiTeVuZTJve2HuxXCIGp43vM7WQMs5wFDC0cHHfytsbE5SfGe38N4ZxA97QSPh3LRsJTPaGEGsMCwgLWYEDOYciCjK7Rvsj2VhwwDoFr4KQYyKDwT+C2Aol1CyWcZK6FwKwUsqo4IcIjlWEqcVIQ3BHIQ3BOQrQHBRXcFE0l8oaBONSGSdRPNKzjSigqyoFYKycK61cKTz3aDcOGyC906WyB4kzYKL6cYPbTwMdwHDT5xUffKXDlkuzbn4j3SaOgSQbXt1TeFiz4ojoxnUME1ldD4KCHIgbKqG1MpButfAY3YlYGC+FoZbMHlbSxOUbjGqmYKVGai6C\/HLilaz12Pgtk0TzxFEHKYcDqap52WmsouNs6Rleyy6EY5U8qjsMilFPHL+M9wEqqI7DdwqEFHGz0bQqjiukobikHHLiq5yiAz8g6i02FZPZ61WrOLGauveGglxAAuTQBZXavbWHgDvGXGzBcrxXafa+NjnvuhuzG\/CPHkq\/8AZyW+PS9rfipjJbhd536th4crz3ZmZc\/Fc9726ix1XguBtsswMqn+yMXRjN7waDLZLdQranil9acZMaQyhjfc\/VajHT4rOx2aMR7ZnvGDESCbwUzhOgo120l6auA6aFGDYS2XxAmi\/hPSbTDGSmmNSuHiSjsuqhGmNTWXYBUrmXwvRMPYqkK34Zw37rTYQWghYzVo5Z8R1of4Vyssp0aBXXNBoRKoaGFYOVsqw+2+zcRrHYmWxHse0E6JDmPisaXA6T1EKn4U7X\/8nA1u+Nri11N7gxtQr0BXnfwx2b+QMcbPx3uaIs2wVxnlO9th+G03CG7Jt6oj3HoFRj+hKVxl+FypXGyB+UyuJ0u8FEv8WKuVeSwcwxjZcY6bnyWN21+LdEMZRz\/hE1I\/UTs36xRJ5nXpe\/S58NcdIu+J7rQOYXyrN5l+I9z3mXONdoj5QNgLQssfyk9aXN9EY1zzredTjc\/wOAjjCXmvw325JGFiG9GOP\/yT9PRet0qMsbL23wylnRV7UDU5pDhdpBHktFzEs\/CWemkOdts1huOwueCAHuLYDSKAeyTw1o9hvaQ\/AeHuD5LGgw2Y386pbFyrmOLHCHNMOHVP3sp1dLYDoWhhNBF1ntbITeUJCcXTzMEiqcyzJPBXcsQQmGYBlVpns1gHaUcvSRY4f0iatpTg0dwyjNfDSZiP4qlcu1MYmESNImTSl6qkZaaT3WNagGqgKC+8VpSvurNKuMfgrnIJ9AuuehOcD1+i0kZZXaPI4JKoZ3oFZ0+AQnEcymlNQFFFwk8fwuoDwYxDPwwCIFP8\/f1w+2OwcLMHU4aHyRrZGowABraaOilaGIrVazmRQvPT4afEO6GmlQNqAcDu2Ondzjub0NK961+fGglSrb552h+EswyrAMVv7KO82Gu20rV\/DXbZJGBjEhwjSXUJ4a6d4sd\/r650GIBudp5EwHeIjxF4UxcozEGl+G14pGpocbyBJrNx59YE2bmqrHLV3FdCo7CTmBgsDAGmnOqaeJmQKb8cgroyx2INqGhqY8PdY3CujH9JWbiYBu0kOFiDBBW5lmszLNLWhj2Tqc4yX0oP6Swyztmz4Vn0S2JlnBwcyjhB32O\/KXGxe5fKu\/KkG0K+GxaeVzzMwC3FdGIxpawClqjxCmJkXMcWuEEXHvsnJvwTL5Q8s6FrYBlZbGQVo5d6qHTn5coTmJjDfwjfl8iPGn1V8U3LQWAwpvDMvaKUBdU+lOtUGWj5vQT9+KLh0mG3iro2qIoiYscs4MVUuFp\/yhPI+Z0np99Qu6zs318ua8rSTTLLLa5IIsSuV6AdIVHPO7gqtInc9bppqzo6n3VXOO1FZxPH35ILiN3IJDervJRDDh8rZXUyeHc4bNmK14mdieQfKlDDSaiAJaG0jgR0oLRPWu1ufmHam48CJFHb0mQNpvqC7W7nabD9NZMzEdDewkb6pUIWPu4wN6SI632JBJ6moHdgZEAviepvBEQLfDJkH5tpinc4tsALRbuyNjY7Uur4V\/hniaRc10kz5biRsEBNAEmSZJPjAreKxO\/MzCNovDaiYPXrUh3Pl4xXD1xNNhHWwqNPHA3I02HXvipeIiTMDjoN5IMgTwRRaGzTASJnSQKyRAA1AmTt1i17UuMVwIE3gXtIio2mPfcTCbHt3BcZJrSsCsuAIsOo8AYZDjszd1T4X8J3BjpNjR7FDJqGigp3WmKxEwev\/tSUyzEefmFgaxEViY2geRS+p1dT42IECnUU5m8biJAU0MJnSXGT\/FawZPqDzAlaPbSY\/bXFYMmoNxPXTv4IrHxA1+x22pzPntKzWYcfCygIieJjeReKWPiRDDH4girBWItWpoJ9r3IgJg\/qFtbzQigIpAm3HtwujDB+R3\/KlKHzFEg3Mkz3+J0iTekEcViOpi02GJOznb3hvANNjsQK\/RpPuxYHyDelep433CGMQk1cTSoAMW6eI3sPQYa79LQKCt61BPqZFjI5r1zzu+14E\/ZmyAOCdgGjk\/48PuVwvaKFxO8Cg8kMQbNcZ5mB\/E2Vml22lo+\/6NUwJ4N8z\/lcOrcj39p\/tLPdy\/3A4iRt6bFU1sJIqaxFTE244QVMueKS7g9PKio1wrDZ91Vj+GQOaD6rpe48e5\/tBOuc49PvgKIOIOXH1p6VUTJ45ki\/dAPpYkuIoDUHvE21cqzQ2GxWR3YB7sUPi2W7OiAImiWwWwBJEgUq0Gk0rRsGkCxNoTGoQRBM7ixIpTkVi3rASUvrp3WiaRO4pBioNLwRPLZoUuce6SK7QLVuDIMwNhJBMCqA7WR3iPKIcanSC6hNJmAKzA7yqQAIc4m5rxIpppqNLAGdJuQNQDDoF3xIrJiBAJkEgVLYMtirprM9YWCwJivzNgTNZDdJIJE1Na6oMjw8RrREVpMTUzBizRsfi4FYE21SJa0ChrWALkSCCLAg6trikAFe5xNAANzBEgnSADtMUBmumIoiMxyAHOeaifSlA29TBqTEVI0wrpoQXwCCDWBYC9AQeJ0moO4ED2SSBLjUSCLzUyAQSDY1HEByQOjNsFA2TYAzsN6GsavlNIloqmsPFdfutiJAG5EiRJ+4g1g42G91mgiaA1gGZpWAa3r8LdVfisG8uoJqfhjhk3FqNB+WAKEBtvU2avLqzQmxEG1JvtvUVk2Zonusk9YkUmKU4pakk0AOUzMSKMN7XJtsbUFotExJCabj4hrYWgVFh48xFBQXmSDbUZrp3Wi438zIrMUiNX1HddtTxae7BnqCLXAmLUiyy2ZhogOdqJBqJLQLQXVpJsSHGtK0uzPEwWsPxVsSTMQImHUvNKzEd1jbUaWnZzopJ6np9N6GeSh5B+Bo3kniN7nb3lZX\/lPJ7xDaV+YNNnDU0RMg0mkClAqse2+qogGT8Mk3I1S6la9ZtIW2piP\/AFOjag34Jvf7ulsTHbWpO5uJmrdviqfJLNe0\/C0mopUzYxMnwJjdED3CzKbSWt5E7ET\/AH0gIVj2mzZ\/4+E3J4+vij4b3cBviY4mk1v7IDNRiY8auH8jf69Y4Ad3mtIEc8TPzcbIIySRd3hAj3MeH3TstoSSfE72m38oDXt4+72p09kRjzFGx5enBTC3dNWievtuCouanHf0M+0lRAfPsk4bngXrSlebQY5TbceJgdJJj5fhbFZ7tSNPwg1qsrsuI7xqRtAJ2gm9J8itRrjEN7vkB3Qaw0eIMkxLjsVM8XRnl0yfPaBMmQKm5O4E3AKEx4b3fiMWHevcuM1k1qRIndq5\/vMDiQQIn\/jQ06UEwQquMQWkxyQBMmIBNvRxiIJcmRn8xxNGg+7pMQAOYIkkgEG3eJF6mdRAAqTWGgEzvIFIJmlZmoQmPdaYMRWLQSb0MgDY702VcRomHGYgxJJoRBdqkz3bxSDY1IBRobaTPAsdiYOxncbxJgruv9IAiJJNmHhzbUg6pnwoW0Y8T3WydtXy3uJNeebg8TW+A4uiN95uJgEikCpkwASSagEaXQJcQJNKCaaTIAEGpOgmN\/l7vWECRc1gA0NrmAJqASNWkmNjImFltRJpMk04AcNUbjkbQCEQPlvdaWigiASRNoE1gWnTGqQNgGGvd3YDRAv8IAilyI9KjTxK41jSDqNHRtU1NgagCvdiG1ncNq1riaugGRAqKTq70QKmsm8xyZrBJhs9fE10CQIn5pg15kAGZiNoAyTM7l28z+6xmwtIoURrnEmS1sUMVAgwWNFSDIAgWI\/bAE1zqBrAGmzbaqmYt3RM773mCN2GDBe6oESPliAQylBRtQNpuDARnQ2svqJBsdJo3bV3ojrbiCZmI1tmkmptJm281kAbUNLJcPZFBUWG7aarGRqJBrG8jqQ4zyRTSAfmoDMGGggSTXbZwuKANPxn0BipNCZJ8BuYdxHMAqAkXfXoYuCKgltyx3nJ5gJa6up8N4mKWrMDT3hXeeKnupg55pNaeArAIFbII0XNipJr6XqKH68+dmYgrpZ6mfSp5HqEDCe0wAydrWI6V\/TMzze4IHv2gXpPpSSIsfsywY\/Nfs2Pb+uB7LpaY+KDzW9N90BrDu6OgGmk8GOBt\/C4NArJM72G+0RtzuUEY3q6fcesnhdQxiNpAn328SomHzPsfc+233\/QW4cT4bfCPAV00b8Nuiiizx8aZeuswh+YW\/tBm5JOq5PgPRcn4eSQJ3ALNZg7VUUVECMQ6gNpNNrap6mRvNzynWsGgHcyfAw80\/8AT3PSOKIgoWaMODBb+3QaWNa1F\/EybDwAS0kmpjaAK2EQFFEoKLlmgzQUdA3+QGazXvGvQJfL5lzg2wlj30\/bp7tZ7tfGggiFFEwPlMMPfpdUU87tr5NCO0\/6bsSBMtpt3tA8aaiRW64ogfQcu4uEkkyAT1mW1NyIFphNYzAMIYl3GvQHS80Aj9MTeD4RFEEti934aVI42Fab1v8A2ZFhvJr+97YFAA15aIApUX5pwIiiAZyuGC0u3g2oKAEDwlM5ZoGwu4czDrkms1UUQQGHjlw4vQWo1xArNJaPsCCOcSKk1n+bCw8lFEyNvYB9x9IRXgQKC3AUUTAJxjbpy7nxUUUQH\/\/Z\" width=\"183\" height=\"276\" \/>Auswertung der Antwort der Bundesregierung auf die Schriftliche Fragen Nr. 243 bis 246 von Jutta Krellmann, Fraktion DIE LINKE im Bundestag.<\/strong><\/p>\n<p>&nbsp;<\/p>\n<p><strong><u>Zusammenfassung: <\/u><\/strong><\/p>\n<p>Mehr als vier von zehn der angezeigten Corona-Berufskrankheiten-F\u00e4lle werden nicht anerkannt. Zwei Drittel der angezeigten Corona-Berufskrankheiten-F\u00e4lle und sieben von zehn Anerkennungen entfielen auf die Berufsgenossenschaft f\u00fcr Gesundheit und Wohlfahrtspflege (BGW). Au\u00dfer bei BGW, der Berufsgenossenschaft Handel und Warenlogistik (BGHW) und den Unfallkassen der L\u00e4nder liegt die Anerkennungsquote niedriger als 15 Prozent.<!--more--><\/p>\n<p>Zwei von drei gemeldeten Corona-Arbeitsunf\u00e4llen werden nicht anerkennt. Die meisten gemeldeten Corona-Arbeitsunf\u00e4lle entfielen auf die Unfallkassen der L\u00e4nder, die Berufsgenossenschaft Nahrungsmittel und Gastgewerbe und die Verwaltungsberufsgenossenschaft (VBG). Es wurden um mehr als ein Drittel weniger Corona-Arbeitsunf\u00e4lle gemeldet als Corona-Berufskrankheiten angezeigt. Die Anerkennungsquote von Corona-Arbeitsunf\u00e4llen ist niedriger als die von Corona-Berufskrankheiten.<\/p>\n<p>Die Bundesregierung erkl\u00e4rt, dass die Berufskrankheit (BK) Nr. 3101 &#8222;Infektionskrankheiten&#8220; Erkrankungen durch Covid-19 einschlie\u00dft. Diese BK setze voraus, dass der Versicherte im Gesundheitsdienst, in der Wohlfahrtspflege oder in einem Laboratorium t\u00e4tig oder durch eine andere T\u00e4tigkeit der Infektionsgefahr in \u00e4hnlichem Ma\u00dfe ausgesetzt sei. Der \u00c4rztliche Sachverst\u00e4ndigenbeirat Berufskrankheiten (\u00c4SVB) des Bundesministeriums f\u00fcr Arbeit und Soziales habe gepr\u00fcft, ob nach aktuellem wissenschaftlichen Kenntnisstand weitere T\u00e4tigkeiten au\u00dferhalb der in der BK Nr. 3101 genannten ein vergleichbar hohes Infektionsrisiko aufwiesen. Zum jetzigen Zeitpunkt lasse sich keine anderen T\u00e4tigkeiten identifizieren, f\u00fcr die sich wissenschaftlich belastbar ein vergleichbar hohes Covid-19-Erkrankungsrisiko zeige. Gefragt wurde vor dem Hintergrund von Daten der Allgemeinen Ortskrankenkassen (AOK), wonach Besch\u00e4ftigte in Erziehungsberufen durchschnittlich die h\u00f6chste Anzahl an Arbeitsunf\u00e4higkeitstagen aufgrund einer Corona-Diagnose aufweisen<\/p>\n<p>Befragt danach, was die Bundesregierung unternimmt, um Besch\u00e4ftigte\u00a0 die sich bei oder auf dem Weg zur Arbeit mit Corona infizieren, \u00fcber ihr Recht auf Entsch\u00e4digung durch die gesetzliche Unfallversicherung aufzukl\u00e4ren, verweist diese auf Internet-Seiten, auf denen sich Betroffen informieren k\u00f6nnen. Die Frage wurde gestellt vor dem Hintergrund der Aussagen des Deutschen Gewerkschaftsbunds (DGB) wonach es wichtig sei, Corona-Infektionen bei dem zust\u00e4ndigen Unfallversicherungstr\u00e4ger zu melden, da die gesetzliche Unfallversicherung die Kosten der anstehenden Heilbehandlung sowie der medizinischen, beruflichen und sozialen Rehabilitation \u00fcbernehme, bei geminderter Erwerbsf\u00e4higkeit, beispielsweise durch schwere Verl\u00e4ufe oder Sp\u00e4tfolgen, ggf. auch eine Rente bezahle &#8211; im Todesfall auch f\u00fcr Hinterbliebene, sowie die Leistungen zur Rehabilitation bei der gesetzlichen Unfallversicherung umfangreicher als die der gesetzlichen Krankenversicherung, seien, insbesondere in Hinblick auf finanzielle Entsch\u00e4digungsleistungen.<\/p>\n<p>&nbsp;<\/p>\n<p><strong><u>O-Ton Jutta Krellmann, MdB, Sprecherin f\u00fcr Mitbestimmung und Arbeit f\u00fcr DIE LINKE im Bundestag:<\/u><\/strong><\/p>\n<p><strong><u>\u00a0<\/u><\/strong><\/p>\n<p><em>\u201eJeder, der bei seiner Arbeit an Corona erkrankt, hat das Recht von der gesetzlichen Unfallversicherung entsch\u00e4digt zu werden. Doch viele Betroffene werden abgeblockt, damit die Arbeitgeberbeitr\u00e4ge niedrig bleiben. Dabei gibt es eine Entsch\u00e4digung nur von der gesetzlichen Unfallversicherung und nicht bei der Krankenkasse. Auch die Reha-Leistungen sind hier viel besser. Gerade weil viele Corona-Erkrankte unter krassen Langzeitfolgen leiden, brauchen sie die beste Behandlung. Deshalb muss Corona f\u00fcr alle Berufsgruppen als Berufskrankheit anerkannt werden. Riskieren Arbeitgeber die Gesundheit der Besch\u00e4ftigten, m\u00fcssen sie auch f\u00fcr die Folgekosten aufkommen. Der Umweg \u00fcber den Arbeitsunfall ist doch eine Nullnummer. Kaum jemand wei\u00df davon, viele Arbeitgeber wehren ab und die Anerkennungsh\u00fcrden sind viel zu hoch. Die Bundesregierung hat daf\u00fcr zu sorgen, dass alle Betroffene ihre Rechte kennen. Deshalb brauchen wir unabh\u00e4ngige Beratungsstellen f\u00fcr Betroffene von Berufskrankheiten in allen Bundesl\u00e4ndern, wie es sie in Hamburg, Bremen und Berlin schon gibt. \u201c <\/em><\/p>\n<p><em>\u00a0<\/em><\/p>\n<p><strong><u>Ergebnisse im Einzelnen:<\/u><\/strong><\/p>\n<ul>\n<li>Befragt danach, ob auch <strong>Corona-Erkrankungen auch f\u00fcr Besch\u00e4ftigte anderer Berufszweige<\/strong>, als \u201eim Gesundheitsdienst, in der Wohlfahrtspflege oder in einem Laboratorium&#8220; <strong>als Berufskrankheit<\/strong> <strong>anerkannt<\/strong> werden, antwortet die Bundesregierung (s. Frage 243):\n<ul>\n<li>Die Berufskrankheit (BK) Nr. 3101 &#8222;Infektionskrankheiten&#8220; schlie\u00dft auch eine Erkrankung durch Covid-19 ein. Diese BK setzt voraus, dass der Versicherte &#8222;im Gesundheitsdienst, in der Wohlfahrtspflege oder in einem Laboratorium t\u00e4tig oder durch eine andere T\u00e4tigkeit der Infektionsgefahr in \u00e4hnlichem Ma\u00dfe besonders ausgesetzt war&#8220;.<\/li>\n<li>Der \u00c4rztliche Sachverst\u00e4ndigenbeirat Berufskrankheiten (\u00c4SVB) des Bundesministeriums f\u00fcr Arbeit und Soziales hat gepr\u00fcft, ob nach aktuellem wissenschaftlichen Kenntnisstand weitere T\u00e4tigkeiten oder T\u00e4tigkeitsbereiche au\u00dferhalb der bereits in der BK Nr. 3101 genannten ein vergleichbar hohes Infektionsrisiko aufweisen:\n<ul>\n<li>Seiner Pr\u00fcfung hat der \u00c4SVB die aktuelle epidemiologische Literatur sowie Routinedaten der gesetzlichen Krankenversicherung zur H\u00e4ufigkeit von Covid-19-Erkrankungen zugrunde gelegt.<\/li>\n<li>Im Ergebnis haben die bisherigen Untersuchungen das deutlich erh\u00f6hte Covid-19-Erkrankungsrisiko bei Besch\u00e4ftigten im Gesundheitswesen best\u00e4tigt;<\/li>\n<li>jedoch lassen sich zum jetzigen Zeitpunkt keine anderen T\u00e4tigkeiten identifizieren, f\u00fcr die sich konsistent und wissenschaftlich belastbar ein vergleichbar hohes Covid-19-Erkrankungsrisiko gezeigt hat.<\/li>\n<\/ul>\n<\/li>\n<li>Gefragt wurde vor dem Hintergrund von Daten der Allgemeinen Ortskrankenkassen (AOK), wonach Besch\u00e4ftigte in Erziehungsberufen durchschnittlich die h\u00f6chste Anzahl an Arbeitsunf\u00e4higkeitstagen auf Grund einer Corona-Diagnose aufweisen (vgl. Analyse AOK: https:\/\/www.aok.de\/fk\/aktuelles\/erzieher-besondersoft-wegen-covid-19-krankgeschrieben\/).<\/li>\n<\/ul>\n<\/li>\n<li>Befragt danach, was die Bundesregierung unternimmt, um Besch\u00e4ftigte die sich bei oder auf dem Weg zur Arbeit mit Corona infizieren, \u00fcber ihr <strong>Recht auf Entsch\u00e4digung durch die gesetzliche Unfallversicherung aufzukl\u00e4ren<\/strong>, verweist diese auf Internet-Seiten, auf denen sich Betroffen informieren k\u00f6nnen (s. Frage 244):\n<ul>\n<li>Der Spitzenverband der gewerblichen Unfallversicherungstr\u00e4ger und der Unfallversicherungstr\u00e4ger der \u00f6ffentlichen Hand, die Deutsche Gesetzliche Unfallversicherung (DGUV), informiert auf ihrer Homepage ausf\u00fchrlich \u00fcber alle mit dem Thema Covid-19 zusammenh\u00e4ngenden Fragen mit allgemeinen Ausf\u00fchrungen und einer umfangreichen FAQ Sammlung, die sich an Betriebe und Besch\u00e4ftigte richten. Hier wird ausdr\u00fccklich auch auf die M\u00f6glichkeit einer Anerkennung als Wegeunfall hingewiesen (https:\/\/www.dguv.de\/de\/mediencenter\/hintergrund\/corona_arbeitsunfall\/index.jsp).<\/li>\n<li>Dar\u00fcber hinaus werden auf die Sonderseiten und Informationen der einzelnen Berufsgenossenschaften, Unfallkassen und der Sozialversicherung f\u00fcr Landwirtschaft, Forsten und Gartenbau (SVLFG) verlinkt (https:\/\/www.dguv.de\/de\/praevention\/corona\/sonderseiten-corona\/index.jsp).<\/li>\n<li>Die Frage wurde gestellt vor dem Hintergrund der Aussagen des Deutschen Gewerkschaftsbunds &#8211; DGB (vgl. https:\/\/www.dgb.de\/themen\/++co++4a38ec78-3df7-11eb-8d02-001a4a160123), wonach es wichtig sei, Corona-Infektionen bei dem zust\u00e4ndigen Unfallversicherungstr\u00e4ger zu melden, da die gesetzliche Unfallversicherung die Kosten der anstehenden Heilbehandlung sowie der medizinischen, beruflichen und sozialen Rehabilitation \u00fcbernehme, bei geminderter Erwerbsf\u00e4higkeit, beispielsweise durch schwere Verl\u00e4ufe oder Sp\u00e4tfolgen, ggf. auch eine Rente bezahle &#8211; im Todesfall auch f\u00fcr Hinterbliebene, sowie die Leistungen zur Rehabilitation bei der gesetzlichen Unfallversicherung umfangreicher als die der gesetzlichen Krankenversicherung, seien, insbesondere in Hinblick auf finanzielle Entsch\u00e4digungsleistungen.<\/li>\n<\/ul>\n<\/li>\n<li><strong>Berufskrankheiten Covid-19<\/strong>, Zahl der BK Verdachtsanzeigen, der Anerkennungen und der Anerkennungsquote zum Stichtag bis 31. Januar 2021 (s. Fragen 245 u. 246):<\/li>\n<\/ul>\n<table>\n<tbody>\n<tr>\n<td width=\"227\">Unfallversicherungstr\u00e4ger<\/td>\n<td width=\"227\">Anzeigen<\/td>\n<td width=\"227\">Anerkennungen<\/td>\n<td width=\"227\">Anerkennungsquote<\/td>\n<\/tr>\n<tr>\n<td width=\"227\">BG RCI<\/td>\n<td width=\"227\">11<\/td>\n<td width=\"227\">0<\/td>\n<td width=\"227\">0<\/td>\n<\/tr>\n<tr>\n<td width=\"227\">BGHM<\/td>\n<td width=\"227\">6<\/td>\n<td width=\"227\">0<\/td>\n<td width=\"227\">0<\/td>\n<\/tr>\n<tr>\n<td width=\"227\">BG ETEM<\/td>\n<td width=\"227\">8<\/td>\n<td width=\"227\">0<\/td>\n<td width=\"227\">0<\/td>\n<\/tr>\n<tr>\n<td width=\"227\">BG BAU<\/td>\n<td width=\"227\">291<\/td>\n<td width=\"227\">10<\/td>\n<td width=\"227\">3,44 %<\/td>\n<\/tr>\n<tr>\n<td width=\"227\">BGN<\/td>\n<td width=\"227\">41<\/td>\n<td width=\"227\">1<\/td>\n<td width=\"227\">2,44 %<\/td>\n<\/tr>\n<tr>\n<td width=\"227\">BGHW<\/td>\n<td width=\"227\">2<\/td>\n<td width=\"227\">1<\/td>\n<td width=\"227\">50 %<\/td>\n<\/tr>\n<tr>\n<td width=\"227\">BG Verkehr<\/td>\n<td width=\"227\">20<\/td>\n<td width=\"227\">0<\/td>\n<td width=\"227\">0 %<\/td>\n<\/tr>\n<tr>\n<td width=\"227\">VBG<\/td>\n<td width=\"227\">334<\/td>\n<td width=\"227\">45<\/td>\n<td width=\"227\">13,47 %<\/td>\n<\/tr>\n<tr>\n<td width=\"227\">BGW<\/td>\n<td width=\"227\">32.743<\/td>\n<td width=\"227\">19.386<\/td>\n<td width=\"227\">59,21 %<\/td>\n<\/tr>\n<tr>\n<td width=\"227\">Unfallkassen<\/td>\n<td width=\"227\">15.968<\/td>\n<td width=\"227\">8.386<\/td>\n<td width=\"227\">52,52 %<\/td>\n<\/tr>\n<tr>\n<td width=\"227\">Gesamt<\/td>\n<td width=\"227\">49.424<\/td>\n<td width=\"227\">27.789<\/td>\n<td width=\"227\">56,23 %<\/td>\n<\/tr>\n<\/tbody>\n<\/table>\n<ul>\n<li>Mehr als die H\u00e4lfte (56,23 %) der angezeigten Berufskrankheiten-F\u00e4lle aufgrund von Corona werden anerkannt, mehr als vier von zehn werden nicht anerkannt (43,77 %)<\/li>\n<li>Zwei Drittel der angezeigten Corona-Berufskrankheiten (66,25 %) und sieben von zehn Anerkennungen (69,76 %) entfielen auf die Berufsgenossenschaft f\u00fcr Gesundheit und Wohlfahrtspflege (BGW),<\/li>\n<li>Au\u00dfer bei BGW, der Berufsgenossenschaft Handel und Warenlogistik (BGHW) und den Unfallkassen der L\u00e4nder liegt die Anerkennungsquote niedriger als 15 %.<\/li>\n<li><strong>Covid-19 als Arbeitsunfall<\/strong>, Zahl der Unfallmeldungen, der Anerkennungen und der Anerkennungsquote zum Stichtag bis 31. Januar 2021 (s. Fragen 245 u. 246):<\/li>\n<\/ul>\n<table>\n<tbody>\n<tr>\n<td width=\"227\">Unfallversicherungstr\u00e4ger<\/td>\n<td width=\"227\">Meldungen<\/td>\n<td width=\"227\">Anerkennungen<\/td>\n<td width=\"227\">\u00d8<\/td>\n<\/tr>\n<tr>\n<td width=\"227\">BG RCI<\/td>\n<td width=\"227\">15<\/td>\n<td width=\"227\">0<\/td>\n<td width=\"227\">0 %<\/td>\n<\/tr>\n<tr>\n<td width=\"227\">BGHM<\/td>\n<td width=\"227\">182<\/td>\n<td width=\"227\">40<\/td>\n<td width=\"227\">21,98 %<\/td>\n<\/tr>\n<tr>\n<td width=\"227\">BG ETEM<\/td>\n<td width=\"227\">125<\/td>\n<td width=\"227\">5<\/td>\n<td width=\"227\">4 %<\/td>\n<\/tr>\n<tr>\n<td width=\"227\">BG BAU<\/td>\n<td width=\"227\">33<\/td>\n<td width=\"227\">0<\/td>\n<td width=\"227\">0 %<\/td>\n<\/tr>\n<tr>\n<td width=\"227\">BGN<\/td>\n<td width=\"227\">3.729<\/td>\n<td width=\"227\">588<\/td>\n<td width=\"227\">15,77 %<\/td>\n<\/tr>\n<tr>\n<td width=\"227\">BGHW<\/td>\n<td width=\"227\">334<\/td>\n<td width=\"227\">2<\/td>\n<td width=\"227\">0,6 %<\/td>\n<\/tr>\n<tr>\n<td width=\"227\">BG Verkehr<\/td>\n<td width=\"227\">51<\/td>\n<td width=\"227\">21<\/td>\n<td width=\"227\">41,18 %<\/td>\n<\/tr>\n<tr>\n<td width=\"227\">VBG<\/td>\n<td width=\"227\">583<\/td>\n<td width=\"227\">17<\/td>\n<td width=\"227\">\u00a0\u00a0\u00a0\u00a0\u00a0\u00a0\u00a0\u00a0\u00a0\u00a0\u00a0 2,92 %<\/td>\n<\/tr>\n<tr>\n<td width=\"227\">BGW<\/td>\n<td width=\"227\">4<\/td>\n<td width=\"227\">4<\/td>\n<td width=\"227\">100 %<\/td>\n<\/tr>\n<tr>\n<td width=\"227\">Unfallkassen<\/td>\n<td width=\"227\">8.310<\/td>\n<td width=\"227\">3.863<\/td>\n<td width=\"227\">46,49 %<\/td>\n<\/tr>\n<tr>\n<td width=\"227\">Gesamt<\/td>\n<td width=\"227\">13.366<\/td>\n<td width=\"227\">4.540<\/td>\n<td width=\"227\">33,97 %<\/td>\n<\/tr>\n<\/tbody>\n<\/table>\n<p>&nbsp;<\/p>\n<ul>\n<li>Jeder dritte gemeldete Corona-Arbeitsunfall wird anerkennt (33,97 %), jeder siebte wird nicht anerkannt (66,03 %)<\/li>\n<li>Der meisten gemeldeten Corona-Arbeitsunf\u00e4lle entfielen mit 8.310 (62,17 % von gesamt) auf die Unfallkassen der L\u00e4nder, mit 3.729 (27,9 % von gesamt) auf die Berufsgenossenschaft Nahrungsmittel und Gastgewerbe (BGN) und mit 583 (4,36 % von gesamt) auf die Verwaltungsberufsgenossenschaft (VBG),<\/li>\n<li>Es wurden um mehr als ein Drittel weniger (27,04 %) Corona-Arbeitsunf\u00e4lle gemeldet als Corona-Berufskrankheiten angezeigt (13.366 zu 49.424),<\/li>\n<li>Die Anerkennungsquote von Corona-Arbeitsunf\u00e4llen (33,97 %) ist niedriger als die von Corona-Berufskrankheiten (56,23 %)<\/li>\n<\/ul>\n<div class=\"pdfprnt-buttons pdfprnt-buttons-post pdfprnt-bottom-right\"><a href=\"https:\/\/www.betriebundgewerkschaft-bw.de\/index.php?rest_route=wpv2posts2265&print=pdf\" class=\"pdfprnt-button pdfprnt-button-pdf\" target=\"_blank\"><img src=\"https:\/\/www.betriebundgewerkschaft-bw.de\/wp-content\/plugins\/pdf-print\/images\/pdf.png\" alt=\"image_pdf\" title=\"PDF anzeigen\" \/><\/a><a href=\"https:\/\/www.betriebundgewerkschaft-bw.de\/index.php?rest_route=wpv2posts2265&print=print\" class=\"pdfprnt-button pdfprnt-button-print\" target=\"_blank\"><img src=\"https:\/\/www.betriebundgewerkschaft-bw.de\/wp-content\/plugins\/pdf-print\/images\/print.png\" alt=\"image_print\" title=\"Inhalt drucken\" \/><\/a><\/div>","protected":false},"excerpt":{"rendered":"<p>Auswertung der Antwort der Bundesregierung auf die Schriftliche Fragen Nr. 243 bis 246 von Jutta Krellmann, Fraktion DIE LINKE im Bundestag. &nbsp; Zusammenfassung: Mehr als vier von zehn der angezeigten Corona-Berufskrankheiten-F\u00e4lle werden nicht anerkannt. Zwei Drittel der angezeigten Corona-Berufskrankheiten-F\u00e4lle und sieben von zehn Anerkennungen entfielen auf die Berufsgenossenschaft f\u00fcr Gesundheit und Wohlfahrtspflege (BGW). Au\u00dfer bei [&hellip;]<\/p>\n","protected":false},"author":13,"featured_media":0,"comment_status":"open","ping_status":"open","sticky":false,"template":"","format":"standard","meta":[],"categories":[109,1,164],"tags":[],"_links":{"self":[{"href":"https:\/\/www.betriebundgewerkschaft-bw.de\/index.php?rest_route=\/wp\/v2\/posts\/2265"}],"collection":[{"href":"https:\/\/www.betriebundgewerkschaft-bw.de\/index.php?rest_route=\/wp\/v2\/posts"}],"about":[{"href":"https:\/\/www.betriebundgewerkschaft-bw.de\/index.php?rest_route=\/wp\/v2\/types\/post"}],"author":[{"embeddable":true,"href":"https:\/\/www.betriebundgewerkschaft-bw.de\/index.php?rest_route=\/wp\/v2\/users\/13"}],"replies":[{"embeddable":true,"href":"https:\/\/www.betriebundgewerkschaft-bw.de\/index.php?rest_route=%2Fwp%2Fv2%2Fcomments&post=2265"}],"version-history":[{"count":1,"href":"https:\/\/www.betriebundgewerkschaft-bw.de\/index.php?rest_route=\/wp\/v2\/posts\/2265\/revisions"}],"predecessor-version":[{"id":2266,"href":"https:\/\/www.betriebundgewerkschaft-bw.de\/index.php?rest_route=\/wp\/v2\/posts\/2265\/revisions\/2266"}],"wp:attachment":[{"href":"https:\/\/www.betriebundgewerkschaft-bw.de\/index.php?rest_route=%2Fwp%2Fv2%2Fmedia&parent=2265"}],"wp:term":[{"taxonomy":"category","embeddable":true,"href":"https:\/\/www.betriebundgewerkschaft-bw.de\/index.php?rest_route=%2Fwp%2Fv2%2Fcategories&post=2265"},{"taxonomy":"post_tag","embeddable":true,"href":"https:\/\/www.betriebundgewerkschaft-bw.de\/index.php?rest_route=%2Fwp%2Fv2%2Ftags&post=2265"}],"curies":[{"name":"wp","href":"https:\/\/api.w.org\/{rel}","templated":true}]}}