{"id":2190,"date":"2021-01-03T12:33:55","date_gmt":"2021-01-03T10:33:55","guid":{"rendered":"https:\/\/www.betriebundgewerkschaft-bw.de\/?p=2190"},"modified":"2021-01-03T12:35:34","modified_gmt":"2021-01-03T10:35:34","slug":"ver-di-ausgleichsabgabe-anheben","status":"publish","type":"post","link":"https:\/\/www.betriebundgewerkschaft-bw.de\/?p=2190","title":{"rendered":"Ver.di: Ausgleichsabgabe anheben!"},"content":{"rendered":"<div class=\"mod_article\">\n<p>In Deutschland leben acht Mio. Menschen mit Schwerbehinderung. Sie haben es schwerer, einen guten Job zu finden: Viele Arbeitgeber halten sie f\u00fcr weniger leistungsf\u00e4hig \u2013 und behinderungsgerechte Arbeitspl\u00e4tze kosten Geld. Um diesen Nachteil wettzumachen, m\u00fcssen Unternehmen mit mehr als 20 Besch\u00e4ftigten mindestens f\u00fcnf Prozent ihrer Arbeitspl\u00e4tze an schwerbehinderte Menschen vergeben. Wer das nicht tut, muss f\u00fcr jeden Arbeitsplatz und Monat bis zu 320 Euro bezahlen. Wer zumindest einen Teil der Besch\u00e4ftigungsquote erf\u00fcllt, bezahlt weniger.<\/p>\n<p>Arbeitsminister Hubertus Heil (SPD) will diese so genannte Ausgleichsabgabe deutlich anheben \u2013 auf bis zu 720 Euro. Zu Recht! Denn wer sich weigert, Menschen mit Behinderung einzustellen, senkt seine Kosten und hat so Vorteile gegen\u00fcber gesetzestreu handelnden Unternehmen.<\/p>\n<\/div>\n<div class=\"mod_article\">\n<p>Die derzeitige, zu niedrige Ausgleichsabgabe kann diese Vorteile nicht wettmachen. Wer Menschen mit Schwerbehinderung ausschlie\u00dft, darf davon nicht profitieren!<\/p>\n<p>Eine h\u00f6here Ausgleichsabgabe w\u00e4re aber nur ein erster Schritt. Um die Jobchancen schwerbehinderter Menschen zu verbessern, fordert ver.di eine Besch\u00e4ftigungsquote von sechs (statt f\u00fcnf) Prozent. Zudem muss die vors\u00e4tzliche Nicht-Besetzung von Pflichtarbeitspl\u00e4tzen konsequenter als bisher als Ordnungswidrigkeit mit einem Bu\u00dfgeld von bis zu 10.000 Euro geahndet werden. Es ist also noch viel zu tun!<\/p>\n<p><img loading=\"lazy\" class=\"aligncenter size-large wp-image-2191\" src=\"https:\/\/www.betriebundgewerkschaft-bw.de\/wp-content\/uploads\/2021\/01\/Schwerbehinderte-565x360.jpg\" alt=\"\" width=\"565\" height=\"360\" srcset=\"https:\/\/www.betriebundgewerkschaft-bw.de\/wp-content\/uploads\/2021\/01\/Schwerbehinderte-565x360.jpg 565w, https:\/\/www.betriebundgewerkschaft-bw.de\/wp-content\/uploads\/2021\/01\/Schwerbehinderte-250x159.jpg 250w, https:\/\/www.betriebundgewerkschaft-bw.de\/wp-content\/uploads\/2021\/01\/Schwerbehinderte-768x489.jpg 768w, https:\/\/www.betriebundgewerkschaft-bw.de\/wp-content\/uploads\/2021\/01\/Schwerbehinderte-1536x978.jpg 1536w, https:\/\/www.betriebundgewerkschaft-bw.de\/wp-content\/uploads\/2021\/01\/Schwerbehinderte-2048x1304.jpg 2048w\" sizes=\"(max-width: 565px) 100vw, 565px\" \/><\/p>\n<\/div>\n<div class=\"pdfprnt-buttons pdfprnt-buttons-post pdfprnt-bottom-right\"><a href=\"https:\/\/www.betriebundgewerkschaft-bw.de\/index.php?rest_route=wpv2posts2190&print=pdf\" class=\"pdfprnt-button pdfprnt-button-pdf\" target=\"_blank\"><img src=\"https:\/\/www.betriebundgewerkschaft-bw.de\/wp-content\/plugins\/pdf-print\/images\/pdf.png\" alt=\"image_pdf\" title=\"PDF anzeigen\" \/><\/a><a href=\"https:\/\/www.betriebundgewerkschaft-bw.de\/index.php?rest_route=wpv2posts2190&print=print\" class=\"pdfprnt-button pdfprnt-button-print\" target=\"_blank\"><img src=\"https:\/\/www.betriebundgewerkschaft-bw.de\/wp-content\/plugins\/pdf-print\/images\/print.png\" alt=\"image_print\" title=\"Inhalt drucken\" \/><\/a><\/div>","protected":false},"excerpt":{"rendered":"<p>In Deutschland leben acht Mio. Menschen mit Schwerbehinderung. Sie haben es schwerer, einen guten Job zu finden: Viele Arbeitgeber halten sie f\u00fcr weniger leistungsf\u00e4hig \u2013 und behinderungsgerechte Arbeitspl\u00e4tze kosten Geld. Um diesen Nachteil wettzumachen, m\u00fcssen Unternehmen mit mehr als 20 Besch\u00e4ftigten mindestens f\u00fcnf Prozent ihrer Arbeitspl\u00e4tze an schwerbehinderte Menschen vergeben. Wer das nicht tut, muss [&hellip;]<\/p>\n","protected":false},"author":13,"featured_media":0,"comment_status":"open","ping_status":"open","sticky":false,"template":"","format":"standard","meta":[],"categories":[1,164],"tags":[],"_links":{"self":[{"href":"https:\/\/www.betriebundgewerkschaft-bw.de\/index.php?rest_route=\/wp\/v2\/posts\/2190"}],"collection":[{"href":"https:\/\/www.betriebundgewerkschaft-bw.de\/index.php?rest_route=\/wp\/v2\/posts"}],"about":[{"href":"https:\/\/www.betriebundgewerkschaft-bw.de\/index.php?rest_route=\/wp\/v2\/types\/post"}],"author":[{"embeddable":true,"href":"https:\/\/www.betriebundgewerkschaft-bw.de\/index.php?rest_route=\/wp\/v2\/users\/13"}],"replies":[{"embeddable":true,"href":"https:\/\/www.betriebundgewerkschaft-bw.de\/index.php?rest_route=%2Fwp%2Fv2%2Fcomments&post=2190"}],"version-history":[{"count":1,"href":"https:\/\/www.betriebundgewerkschaft-bw.de\/index.php?rest_route=\/wp\/v2\/posts\/2190\/revisions"}],"predecessor-version":[{"id":2192,"href":"https:\/\/www.betriebundgewerkschaft-bw.de\/index.php?rest_route=\/wp\/v2\/posts\/2190\/revisions\/2192"}],"wp:attachment":[{"href":"https:\/\/www.betriebundgewerkschaft-bw.de\/index.php?rest_route=%2Fwp%2Fv2%2Fmedia&parent=2190"}],"wp:term":[{"taxonomy":"category","embeddable":true,"href":"https:\/\/www.betriebundgewerkschaft-bw.de\/index.php?rest_route=%2Fwp%2Fv2%2Fcategories&post=2190"},{"taxonomy":"post_tag","embeddable":true,"href":"https:\/\/www.betriebundgewerkschaft-bw.de\/index.php?rest_route=%2Fwp%2Fv2%2Ftags&post=2190"}],"curies":[{"name":"wp","href":"https:\/\/api.w.org\/{rel}","templated":true}]}}