{"id":2169,"date":"2020-12-01T11:07:24","date_gmt":"2020-12-01T09:07:24","guid":{"rendered":"https:\/\/www.betriebundgewerkschaft-bw.de\/?p=2169"},"modified":"2020-12-01T11:12:28","modified_gmt":"2020-12-01T09:12:28","slug":"bg-in-stuttgart-neues-flugblatt","status":"publish","type":"post","link":"https:\/\/www.betriebundgewerkschaft-bw.de\/?p=2169","title":{"rendered":"B&#038;G in Stuttgart: Neues Flugblatt!"},"content":{"rendered":"<div><em><img loading=\"lazy\" class=\"alignleft wp-image-2171 size-medium\" src=\"https:\/\/www.betriebundgewerkschaft-bw.de\/wp-content\/uploads\/2020\/12\/2012_Winter-Flugblatt-146x300.png\" alt=\"\" width=\"146\" height=\"300\" srcset=\"https:\/\/www.betriebundgewerkschaft-bw.de\/wp-content\/uploads\/2020\/12\/2012_Winter-Flugblatt-146x300.png 146w, https:\/\/www.betriebundgewerkschaft-bw.de\/wp-content\/uploads\/2020\/12\/2012_Winter-Flugblatt-195x400.png 195w, https:\/\/www.betriebundgewerkschaft-bw.de\/wp-content\/uploads\/2020\/12\/2012_Winter-Flugblatt.png 539w\" sizes=\"(max-width: 146px) 100vw, 146px\" \/><\/em><em> Liebe Mitstreiterinnen und Mitstreiter, <\/em><\/div>\n<div>zu den aktuellen Auseinandersetzungen in der Auto- und Zulieferindustrie und den Angriffen der Manager auf Arbeitspl\u00e4tze, Tarifvertr\u00e4ge und L\u00f6hne haben wir in Zusammenarbeit mit dem B\u00fcro von MdB Bernd Riexinger ein Infoblatt erstellt, welches diese Woche auch vor Betrieben verteilt wird.<\/div>\n<div>Bitte leitet es an interessierte aus eurem Umfeld weiter.<\/div>\n<div>Kontakt: <a href=\"http:\/\/www.die-linke-stuttgart.de\/\">p.alderete@die-linke-stuttgart.de<\/a><\/div>\n<div>Das komplette Flugblatt gibt es hier: <a href=\"https:\/\/www.betriebundgewerkschaft-bw.de\/wp-content\/uploads\/2020\/12\/Infoblatt_12_2020_LINKE_Stuttgart_Autoindustrie-2.pdf\"><strong>KLICK<\/strong><\/a><\/p>\n<\/div>\n<div class=\"pdfprnt-buttons pdfprnt-buttons-post pdfprnt-bottom-right\"><a href=\"https:\/\/www.betriebundgewerkschaft-bw.de\/index.php?rest_route=wpv2posts2169&print=pdf\" class=\"pdfprnt-button pdfprnt-button-pdf\" target=\"_blank\"><img src=\"https:\/\/www.betriebundgewerkschaft-bw.de\/wp-content\/plugins\/pdf-print\/images\/pdf.png\" alt=\"image_pdf\" title=\"PDF anzeigen\" \/><\/a><a href=\"https:\/\/www.betriebundgewerkschaft-bw.de\/index.php?rest_route=wpv2posts2169&print=print\" class=\"pdfprnt-button pdfprnt-button-print\" target=\"_blank\"><img src=\"https:\/\/www.betriebundgewerkschaft-bw.de\/wp-content\/plugins\/pdf-print\/images\/print.png\" alt=\"image_print\" title=\"Inhalt drucken\" \/><\/a><\/div>","protected":false},"excerpt":{"rendered":"<p>Liebe Mitstreiterinnen und Mitstreiter, zu den aktuellen Auseinandersetzungen in der Auto- und Zulieferindustrie und den Angriffen der Manager auf Arbeitspl\u00e4tze, Tarifvertr\u00e4ge und L\u00f6hne haben wir in Zusammenarbeit mit dem B\u00fcro von MdB Bernd Riexinger ein Infoblatt erstellt, welches diese Woche auch vor Betrieben verteilt wird. Bitte leitet es an interessierte aus eurem Umfeld weiter. Kontakt: [&hellip;]<\/p>\n","protected":false},"author":13,"featured_media":0,"comment_status":"open","ping_status":"open","sticky":false,"template":"","format":"standard","meta":[],"categories":[1],"tags":[],"_links":{"self":[{"href":"https:\/\/www.betriebundgewerkschaft-bw.de\/index.php?rest_route=\/wp\/v2\/posts\/2169"}],"collection":[{"href":"https:\/\/www.betriebundgewerkschaft-bw.de\/index.php?rest_route=\/wp\/v2\/posts"}],"about":[{"href":"https:\/\/www.betriebundgewerkschaft-bw.de\/index.php?rest_route=\/wp\/v2\/types\/post"}],"author":[{"embeddable":true,"href":"https:\/\/www.betriebundgewerkschaft-bw.de\/index.php?rest_route=\/wp\/v2\/users\/13"}],"replies":[{"embeddable":true,"href":"https:\/\/www.betriebundgewerkschaft-bw.de\/index.php?rest_route=%2Fwp%2Fv2%2Fcomments&post=2169"}],"version-history":[{"count":3,"href":"https:\/\/www.betriebundgewerkschaft-bw.de\/index.php?rest_route=\/wp\/v2\/posts\/2169\/revisions"}],"predecessor-version":[{"id":2175,"href":"https:\/\/www.betriebundgewerkschaft-bw.de\/index.php?rest_route=\/wp\/v2\/posts\/2169\/revisions\/2175"}],"wp:attachment":[{"href":"https:\/\/www.betriebundgewerkschaft-bw.de\/index.php?rest_route=%2Fwp%2Fv2%2Fmedia&parent=2169"}],"wp:term":[{"taxonomy":"category","embeddable":true,"href":"https:\/\/www.betriebundgewerkschaft-bw.de\/index.php?rest_route=%2Fwp%2Fv2%2Fcategories&post=2169"},{"taxonomy":"post_tag","embeddable":true,"href":"https:\/\/www.betriebundgewerkschaft-bw.de\/index.php?rest_route=%2Fwp%2Fv2%2Ftags&post=2169"}],"curies":[{"name":"wp","href":"https:\/\/api.w.org\/{rel}","templated":true}]}}