{"id":2156,"date":"2020-10-21T11:45:22","date_gmt":"2020-10-21T09:45:22","guid":{"rendered":"https:\/\/www.betriebundgewerkschaft-bw.de\/?p=2156"},"modified":"2020-10-21T11:45:22","modified_gmt":"2020-10-21T09:45:22","slug":"oeffentliche-auftragsvergabe-neue-chancen-fuer-soziale-kriterien-und-tariftreue-gerade-auch-in-krisenzeiten","status":"publish","type":"post","link":"https:\/\/www.betriebundgewerkschaft-bw.de\/?p=2156","title":{"rendered":"\u00d6ffentliche Auftragsvergabe: Neue Chancen f\u00fcr soziale Kriterien und Tariftreue &#8211; gerade auch in Krisenzeiten?"},"content":{"rendered":"<h2 class=\"article_kicker\"><em><strong>Veranstaltungsdokumentation<\/strong><\/em><\/h2>\n<p><img loading=\"lazy\" class=\"alignright size-medium wp-image-2157\" src=\"https:\/\/www.betriebundgewerkschaft-bw.de\/wp-content\/uploads\/2020\/10\/800-250x125.jpg\" alt=\"\" width=\"250\" height=\"125\" srcset=\"https:\/\/www.betriebundgewerkschaft-bw.de\/wp-content\/uploads\/2020\/10\/800-250x125.jpg 250w, https:\/\/www.betriebundgewerkschaft-bw.de\/wp-content\/uploads\/2020\/10\/800-768x384.jpg 768w, https:\/\/www.betriebundgewerkschaft-bw.de\/wp-content\/uploads\/2020\/10\/800-565x283.jpg 565w, https:\/\/www.betriebundgewerkschaft-bw.de\/wp-content\/uploads\/2020\/10\/800.jpg 800w\" sizes=\"(max-width: 250px) 100vw, 250px\" \/><\/p>\n<p><em>Wir machen darauf aufmerksam, weil hier eine der brisantesten Schnittstellen zwischen Kommunalpolitik und gewerkschaftlicher Tarifpolitik angesprochen ist . . . <\/em><\/p>\n<p><span class=\"usercontent\">Der Deutsche Gewerkschaftsbund und die Friedrich-Ebert-Stiftung nehmen seit 2017 im Rahmen einer Fachtagung regelm\u00e4\u00dfig die Situation der sozialen Kriterien und Tariftreue in der Auftragsvergabe unter die Lupe. In diesem Jahr fand die Tagung aufgrund der Corona-Pandemie als Online-Format in 3 Teilen stattfinden. Das erste Online-Format fand am 16. Juni 2020 statt &#8211; und gab einen \u00dcberblick \u00fcber die aktuelle Situation im Bund und den L\u00e4ndern. Am 4. September 2020 wurde u. a. \u00fcber das novellierte Berliner Vergabegesetz diskutiert. Im letzten Teil am\u00a022. September 2020 betrachteten die Teilnehmerinnen und Teilnehmer\u00a0die\u00a0Vergabe in der IT-Branche und beim \u00d6PNV\/SPNV.<\/span><\/p>\n<p>Zur Dokumentation <a href=\"https:\/\/www.dgb.de\/themen\/++co++1e87b0b6-c1fe-11ea-95e1-52540088cada\">KLICK<\/a><\/p>\n<div class=\"pdfprnt-buttons pdfprnt-buttons-post pdfprnt-bottom-right\"><a href=\"https:\/\/www.betriebundgewerkschaft-bw.de\/index.php?rest_route=wpv2posts2156&print=pdf\" class=\"pdfprnt-button pdfprnt-button-pdf\" target=\"_blank\"><img src=\"https:\/\/www.betriebundgewerkschaft-bw.de\/wp-content\/plugins\/pdf-print\/images\/pdf.png\" alt=\"image_pdf\" title=\"PDF anzeigen\" \/><\/a><a href=\"https:\/\/www.betriebundgewerkschaft-bw.de\/index.php?rest_route=wpv2posts2156&print=print\" class=\"pdfprnt-button pdfprnt-button-print\" target=\"_blank\"><img src=\"https:\/\/www.betriebundgewerkschaft-bw.de\/wp-content\/plugins\/pdf-print\/images\/print.png\" alt=\"image_print\" title=\"Inhalt drucken\" \/><\/a><\/div>","protected":false},"excerpt":{"rendered":"<p>Veranstaltungsdokumentation Wir machen darauf aufmerksam, weil hier eine der brisantesten Schnittstellen zwischen Kommunalpolitik und gewerkschaftlicher Tarifpolitik angesprochen ist . . . Der Deutsche Gewerkschaftsbund und die Friedrich-Ebert-Stiftung nehmen seit 2017 im Rahmen einer Fachtagung regelm\u00e4\u00dfig die Situation der sozialen Kriterien und Tariftreue in der Auftragsvergabe unter die Lupe. In diesem Jahr fand die Tagung aufgrund [&hellip;]<\/p>\n","protected":false},"author":13,"featured_media":0,"comment_status":"open","ping_status":"open","sticky":false,"template":"","format":"standard","meta":[],"categories":[164],"tags":[],"_links":{"self":[{"href":"https:\/\/www.betriebundgewerkschaft-bw.de\/index.php?rest_route=\/wp\/v2\/posts\/2156"}],"collection":[{"href":"https:\/\/www.betriebundgewerkschaft-bw.de\/index.php?rest_route=\/wp\/v2\/posts"}],"about":[{"href":"https:\/\/www.betriebundgewerkschaft-bw.de\/index.php?rest_route=\/wp\/v2\/types\/post"}],"author":[{"embeddable":true,"href":"https:\/\/www.betriebundgewerkschaft-bw.de\/index.php?rest_route=\/wp\/v2\/users\/13"}],"replies":[{"embeddable":true,"href":"https:\/\/www.betriebundgewerkschaft-bw.de\/index.php?rest_route=%2Fwp%2Fv2%2Fcomments&post=2156"}],"version-history":[{"count":1,"href":"https:\/\/www.betriebundgewerkschaft-bw.de\/index.php?rest_route=\/wp\/v2\/posts\/2156\/revisions"}],"predecessor-version":[{"id":2158,"href":"https:\/\/www.betriebundgewerkschaft-bw.de\/index.php?rest_route=\/wp\/v2\/posts\/2156\/revisions\/2158"}],"wp:attachment":[{"href":"https:\/\/www.betriebundgewerkschaft-bw.de\/index.php?rest_route=%2Fwp%2Fv2%2Fmedia&parent=2156"}],"wp:term":[{"taxonomy":"category","embeddable":true,"href":"https:\/\/www.betriebundgewerkschaft-bw.de\/index.php?rest_route=%2Fwp%2Fv2%2Fcategories&post=2156"},{"taxonomy":"post_tag","embeddable":true,"href":"https:\/\/www.betriebundgewerkschaft-bw.de\/index.php?rest_route=%2Fwp%2Fv2%2Ftags&post=2156"}],"curies":[{"name":"wp","href":"https:\/\/api.w.org\/{rel}","templated":true}]}}