{"id":2129,"date":"2020-07-30T14:50:30","date_gmt":"2020-07-30T12:50:30","guid":{"rendered":"https:\/\/www.betriebundgewerkschaft-bw.de\/?p=2129"},"modified":"2020-07-30T14:50:30","modified_gmt":"2020-07-30T12:50:30","slug":"baden-wuerttemberg-entscheidet-sich-fuer-die-unsozialste-aller-moeglichkeiten-bei-der-grundsteuer","status":"publish","type":"post","link":"https:\/\/www.betriebundgewerkschaft-bw.de\/?p=2129","title":{"rendered":"Baden-W\u00fcrttemberg entscheidet sich f\u00fcr die unsozialste aller M\u00f6glichkeiten bei der Grundsteuer"},"content":{"rendered":"<div id=\"attachment_1676\" style=\"width: 575px\" class=\"wp-caption alignright\"><a href=\"https:\/\/www.betriebundgewerkschaft-bw.de\/wp-content\/uploads\/2019\/08\/Parteitag_2017_Heidi1.jpg\"><img aria-describedby=\"caption-attachment-1676\" loading=\"lazy\" class=\"size-large wp-image-1676\" src=\"https:\/\/www.betriebundgewerkschaft-bw.de\/wp-content\/uploads\/2019\/08\/Parteitag_2017_Heidi1-565x377.jpg\" alt=\"\" width=\"565\" height=\"377\" srcset=\"https:\/\/www.betriebundgewerkschaft-bw.de\/wp-content\/uploads\/2019\/08\/Parteitag_2017_Heidi1-565x377.jpg 565w, https:\/\/www.betriebundgewerkschaft-bw.de\/wp-content\/uploads\/2019\/08\/Parteitag_2017_Heidi1-250x167.jpg 250w, https:\/\/www.betriebundgewerkschaft-bw.de\/wp-content\/uploads\/2019\/08\/Parteitag_2017_Heidi1-768x512.jpg 768w, https:\/\/www.betriebundgewerkschaft-bw.de\/wp-content\/uploads\/2019\/08\/Parteitag_2017_Heidi1.jpg 960w\" sizes=\"(max-width: 565px) 100vw, 565px\" \/><\/a><p id=\"caption-attachment-1676\" class=\"wp-caption-text\">Heidi Scharf, Mitglied im Landesvorstand der Linken, ehem. 1. IG Metall Bevollm\u00e4chtigte in Schw\u00e4bisch Hall, jetzt im Ruhestand, ist Mitglied in der Landes-AG Betrieb und Gewerkschaft<\/p><\/div>\n<p>Die Linke ist zutiefst entt\u00e4uscht von der am Mittwoch bekannt gewordenen Umsetzung derGrundsteuerreform in Baden-W\u00fcrttemberg. &#8222;Das ist die unsozialste aller M\u00f6glichkeiten&#8220;, erkl\u00e4rt Heidi Scharf, Mitglied des gesch\u00e4ftsf\u00fchrenden Landesvorstands der baden-w\u00fcrttembergischen Linken: &#8222;Unter dem Vorwand der B\u00fcrokratievermeidung schafft die gr\u00fcnschwarze Landesregierung noch mehr Ungerechtigkeit bei der Grundsteuer als zuvor. Ein Skandal erster G\u00fcte.&#8220;<\/p>\n<p>Das Bundesverfassungsgericht forderte nach eklatanten Ungerechtigkeiten eine Reform der Grundsteuer. Der Bundestag entwickelte ein Modell, in das neben Grundst\u00fccksfl\u00e4che und Bodenrichtwert auch noch Immobilienart, Nettokaltmiete, Geb\u00e4udefl\u00e4che und Geb\u00e4udealter mit einflie\u00dfen. Allerdings hat eine Mehrheit im Bundestag durchgesetzt, dass jedes Bundesland mit den Optionen machen kann, was es will. &#8222;Und prompt hat sich Baden-W\u00fcrttemberg f\u00fcr die bequemste und ungerechteste aller Optionen entschieden&#8220;, so Heidi Scharf weiter.<\/p>\n<p>Selbst der Landesvorsitzende des Bundes der Steuerzahler, der nicht f\u00fcr linke Positionen bekannt ist, kritisierte, den unsozialen Charakter des Gesetzes. Heidi Scharf schliesst sich dieser Kritik an und macht deutlich: &#8222;Es ist absurd, wenn nun die Besitzer eines kleinen renovierungsbed\u00fcrftigen H\u00e4uschens genauso viel Grundsteuer bezahlen wie die Besitzer einer luxuri\u00f6sen Villa auf einem Grundst\u00fcck gleicher Gr\u00f6\u00dfe. Damit werden die alten Ungerechtigkeiten nur durch neue gr\u00f6\u00dfere Ungerechtigkeiten ersetzt.&#8220;<\/p>\n<div class=\"pdfprnt-buttons pdfprnt-buttons-post pdfprnt-bottom-right\"><a href=\"https:\/\/www.betriebundgewerkschaft-bw.de\/index.php?rest_route=wpv2posts2129&print=pdf\" class=\"pdfprnt-button pdfprnt-button-pdf\" target=\"_blank\"><img src=\"https:\/\/www.betriebundgewerkschaft-bw.de\/wp-content\/plugins\/pdf-print\/images\/pdf.png\" alt=\"image_pdf\" title=\"PDF anzeigen\" \/><\/a><a href=\"https:\/\/www.betriebundgewerkschaft-bw.de\/index.php?rest_route=wpv2posts2129&print=print\" class=\"pdfprnt-button pdfprnt-button-print\" target=\"_blank\"><img src=\"https:\/\/www.betriebundgewerkschaft-bw.de\/wp-content\/plugins\/pdf-print\/images\/print.png\" alt=\"image_print\" title=\"Inhalt drucken\" \/><\/a><\/div>","protected":false},"excerpt":{"rendered":"<p>Die Linke ist zutiefst entt\u00e4uscht von der am Mittwoch bekannt gewordenen Umsetzung derGrundsteuerreform in Baden-W\u00fcrttemberg. &#8222;Das ist die unsozialste aller M\u00f6glichkeiten&#8220;, erkl\u00e4rt Heidi Scharf, Mitglied des gesch\u00e4ftsf\u00fchrenden Landesvorstands der baden-w\u00fcrttembergischen Linken: &#8222;Unter dem Vorwand der B\u00fcrokratievermeidung schafft die gr\u00fcnschwarze Landesregierung noch mehr Ungerechtigkeit bei der Grundsteuer als zuvor. Ein Skandal erster G\u00fcte.&#8220; Das Bundesverfassungsgericht forderte [&hellip;]<\/p>\n","protected":false},"author":13,"featured_media":0,"comment_status":"open","ping_status":"open","sticky":false,"template":"","format":"standard","meta":[],"categories":[1],"tags":[],"_links":{"self":[{"href":"https:\/\/www.betriebundgewerkschaft-bw.de\/index.php?rest_route=\/wp\/v2\/posts\/2129"}],"collection":[{"href":"https:\/\/www.betriebundgewerkschaft-bw.de\/index.php?rest_route=\/wp\/v2\/posts"}],"about":[{"href":"https:\/\/www.betriebundgewerkschaft-bw.de\/index.php?rest_route=\/wp\/v2\/types\/post"}],"author":[{"embeddable":true,"href":"https:\/\/www.betriebundgewerkschaft-bw.de\/index.php?rest_route=\/wp\/v2\/users\/13"}],"replies":[{"embeddable":true,"href":"https:\/\/www.betriebundgewerkschaft-bw.de\/index.php?rest_route=%2Fwp%2Fv2%2Fcomments&post=2129"}],"version-history":[{"count":1,"href":"https:\/\/www.betriebundgewerkschaft-bw.de\/index.php?rest_route=\/wp\/v2\/posts\/2129\/revisions"}],"predecessor-version":[{"id":2130,"href":"https:\/\/www.betriebundgewerkschaft-bw.de\/index.php?rest_route=\/wp\/v2\/posts\/2129\/revisions\/2130"}],"wp:attachment":[{"href":"https:\/\/www.betriebundgewerkschaft-bw.de\/index.php?rest_route=%2Fwp%2Fv2%2Fmedia&parent=2129"}],"wp:term":[{"taxonomy":"category","embeddable":true,"href":"https:\/\/www.betriebundgewerkschaft-bw.de\/index.php?rest_route=%2Fwp%2Fv2%2Fcategories&post=2129"},{"taxonomy":"post_tag","embeddable":true,"href":"https:\/\/www.betriebundgewerkschaft-bw.de\/index.php?rest_route=%2Fwp%2Fv2%2Ftags&post=2129"}],"curies":[{"name":"wp","href":"https:\/\/api.w.org\/{rel}","templated":true}]}}