{"id":2118,"date":"2020-07-14T14:38:36","date_gmt":"2020-07-14T12:38:36","guid":{"rendered":"https:\/\/www.betriebundgewerkschaft-bw.de\/?p=2118"},"modified":"2020-07-14T14:43:15","modified_gmt":"2020-07-14T12:43:15","slug":"diakonie-beschaeftigte-fordern-coronapraemie","status":"publish","type":"post","link":"https:\/\/www.betriebundgewerkschaft-bw.de\/?p=2118","title":{"rendered":"Diakonie-Besch\u00e4ftigte fordern Coronapr\u00e4mie"},"content":{"rendered":"<p><strong>Petition mit 5.464 Unterschriften an <\/strong><strong>Diakonisches Werk W\u00fcrttemberg \u00fcbergeben<\/strong><\/p>\n<p><strong><em>ver.di &#8211; Vereinte Dienstleistungsgewerkschaft &#8211; Landesbezirk Baden-W\u00fcrttemberg Stuttgart, 13 Juli 2020<\/em><\/strong><\/p>\n<p><a href=\"https:\/\/www.betriebundgewerkschaft-bw.de\/wp-content\/uploads\/2020\/07\/Unterschriften_Diakonie-1.jpg\"><img loading=\"lazy\" class=\"aligncenter wp-image-2121 size-full\" src=\"https:\/\/www.betriebundgewerkschaft-bw.de\/wp-content\/uploads\/2020\/07\/Unterschriften_Diakonie-1.jpg\" alt=\"\" width=\"560\" height=\"373\" srcset=\"https:\/\/www.betriebundgewerkschaft-bw.de\/wp-content\/uploads\/2020\/07\/Unterschriften_Diakonie-1.jpg 560w, https:\/\/www.betriebundgewerkschaft-bw.de\/wp-content\/uploads\/2020\/07\/Unterschriften_Diakonie-1-250x167.jpg 250w\" sizes=\"(max-width: 560px) 100vw, 560px\" \/><\/a><\/p>\n<p>Eine Delegation von Besch\u00e4ftigten diakonischer Einrichtungen in W\u00fcrttemberg und von ver.di Baden-W\u00fcrttemberg hat heute Mittag in Stuttgart dem Diakonischen Werk W\u00fcrttemberg als Dachverband der diakonischen Arbeitgeber eine Petition mit 5.464 Unterschriften \u00fcbergeben. Die unterzeichnenden Besch\u00e4ftigten fordern das Diakonische Werk auf, daf\u00fcr zu sorgen, dass alle Diakonie-Besch\u00e4ftigten eine Pr\u00e4mie bekommen und nicht nur die Besch\u00e4ftigten der Altenpflege.<!--more--><\/p>\n<p>Irene G\u00f6lz, ver.di Fachbereichsleiterin Gesundheit und Soziales: \u201eDie Pr\u00e4mie ist eine Anerkennung f\u00fcr erhebliche Belastungen und Risiken in der Pandemie. Beifallklatschen war eine sch\u00f6ne Geste, reicht aber alleine nicht aus. Die Besch\u00e4ftigten haben die Versorgung und Betreuung der Patientinnen und Patienten, der Klientinnen, der Kinder, Jugendlichen und Erwachsenen am Laufen gehalten. Daf\u00fcr brauchen sie jetzt eine Anerkennung und vor allem zuk\u00fcnftig die materielle Aufwertung ihrer Berufe.\u201c<\/p>\n<p>Der Vorstandsvorsitzende des Diakonischen Werkes, Oberkirchenrat Dieter Kaufmann, hatte im Vorfeld die pers\u00f6nliche Entgegennahme der Unterschriften aus terminlichen Gr\u00fcnden abgesagt. Die Unterschriften wurden deshalb \u00f6ffentlich in den Briefkasten des Diakonischen Werks in Stuttgart eingeworfen.<\/p>\n<p>Mit dem Absageschreiben hat der Vorstandsvorsitzende des Diakonischen Werks, Oberkirchenrat Dieter Kaufmann zudem mitgeteilt, dass ver.di als Gewerkschaft nicht ihr \u201eGegen\u00fcber\u201c sei, sondern die Arbeitsgemeinschaft der Mitarbeitervertretungen (AGMAV).<\/p>\n<p>\u201eDas Diakonische Werk hat damit die Gewerkschaft ver.di als Vertretung der Besch\u00e4ftigten in unmissverst\u00e4ndlicher Offenheit in Frage gestellt. Sie haben mit dieser Ablehnung vor allem aber 5.464 Besch\u00e4ftigte und ihre Unterst\u00fctzerinnen sowie alle in ver.di organisierten Diakonie-Besch\u00e4ftigten vor den Kopf gesto\u00dfen. Wir erwarten jetzt eine erkennbare Initiative der diakonischen Arbeitgeber und ein positives Zeichen an ihre Besch\u00e4ftigten.\u201c<\/p>\n<div class=\"pdfprnt-buttons pdfprnt-buttons-post pdfprnt-bottom-right\"><a href=\"https:\/\/www.betriebundgewerkschaft-bw.de\/index.php?rest_route=wpv2posts2118&print=pdf\" class=\"pdfprnt-button pdfprnt-button-pdf\" target=\"_blank\"><img src=\"https:\/\/www.betriebundgewerkschaft-bw.de\/wp-content\/plugins\/pdf-print\/images\/pdf.png\" alt=\"image_pdf\" title=\"PDF anzeigen\" \/><\/a><a href=\"https:\/\/www.betriebundgewerkschaft-bw.de\/index.php?rest_route=wpv2posts2118&print=print\" class=\"pdfprnt-button pdfprnt-button-print\" target=\"_blank\"><img src=\"https:\/\/www.betriebundgewerkschaft-bw.de\/wp-content\/plugins\/pdf-print\/images\/print.png\" alt=\"image_print\" title=\"Inhalt drucken\" \/><\/a><\/div>","protected":false},"excerpt":{"rendered":"<p>Petition mit 5.464 Unterschriften an Diakonisches Werk W\u00fcrttemberg \u00fcbergeben ver.di &#8211; Vereinte Dienstleistungsgewerkschaft &#8211; Landesbezirk Baden-W\u00fcrttemberg Stuttgart, 13 Juli 2020 Eine Delegation von Besch\u00e4ftigten diakonischer Einrichtungen in W\u00fcrttemberg und von ver.di Baden-W\u00fcrttemberg hat heute Mittag in Stuttgart dem Diakonischen Werk W\u00fcrttemberg als Dachverband der diakonischen Arbeitgeber eine Petition mit 5.464 Unterschriften \u00fcbergeben. Die unterzeichnenden Besch\u00e4ftigten [&hellip;]<\/p>\n","protected":false},"author":13,"featured_media":0,"comment_status":"open","ping_status":"open","sticky":false,"template":"","format":"standard","meta":[],"categories":[1],"tags":[],"_links":{"self":[{"href":"https:\/\/www.betriebundgewerkschaft-bw.de\/index.php?rest_route=\/wp\/v2\/posts\/2118"}],"collection":[{"href":"https:\/\/www.betriebundgewerkschaft-bw.de\/index.php?rest_route=\/wp\/v2\/posts"}],"about":[{"href":"https:\/\/www.betriebundgewerkschaft-bw.de\/index.php?rest_route=\/wp\/v2\/types\/post"}],"author":[{"embeddable":true,"href":"https:\/\/www.betriebundgewerkschaft-bw.de\/index.php?rest_route=\/wp\/v2\/users\/13"}],"replies":[{"embeddable":true,"href":"https:\/\/www.betriebundgewerkschaft-bw.de\/index.php?rest_route=%2Fwp%2Fv2%2Fcomments&post=2118"}],"version-history":[{"count":3,"href":"https:\/\/www.betriebundgewerkschaft-bw.de\/index.php?rest_route=\/wp\/v2\/posts\/2118\/revisions"}],"predecessor-version":[{"id":2123,"href":"https:\/\/www.betriebundgewerkschaft-bw.de\/index.php?rest_route=\/wp\/v2\/posts\/2118\/revisions\/2123"}],"wp:attachment":[{"href":"https:\/\/www.betriebundgewerkschaft-bw.de\/index.php?rest_route=%2Fwp%2Fv2%2Fmedia&parent=2118"}],"wp:term":[{"taxonomy":"category","embeddable":true,"href":"https:\/\/www.betriebundgewerkschaft-bw.de\/index.php?rest_route=%2Fwp%2Fv2%2Fcategories&post=2118"},{"taxonomy":"post_tag","embeddable":true,"href":"https:\/\/www.betriebundgewerkschaft-bw.de\/index.php?rest_route=%2Fwp%2Fv2%2Ftags&post=2118"}],"curies":[{"name":"wp","href":"https:\/\/api.w.org\/{rel}","templated":true}]}}