{"id":2068,"date":"2019-10-24T07:53:51","date_gmt":"2019-10-24T05:53:51","guid":{"rendered":"https:\/\/www.betriebundgewerkschaft-bw.de\/?p=2068"},"modified":"2019-10-24T07:53:51","modified_gmt":"2019-10-24T05:53:51","slug":"keine-anhebung-des-rentenalters","status":"publish","type":"post","link":"https:\/\/www.betriebundgewerkschaft-bw.de\/?p=2068","title":{"rendered":"Keine Anhebung des Rentenalters"},"content":{"rendered":"<div class=\"fliesstext\">\n<p><img loading=\"lazy\" class=\"alignright size-thumbnail wp-image-1367\" src=\"https:\/\/www.betriebundgewerkschaft-bw.de\/wp-content\/uploads\/2017\/11\/Bernd_Riexinger-100x130.png\" alt=\"\" width=\"100\" height=\"130\" \/><em><strong>Zum Vorschlag der Bundesbank, das Renteneintrittsalter auf \u00fcber 69 Jahre zu erh\u00f6hen, erkl\u00e4rt Bernd Riexinger, Vorsitzender der Partei DIE LINKE:<\/strong><\/em><\/p>\n<p>\u201cAlle Jahre wieder zerrt die Bundesbank die Anhebung des Rentenalters aus der Mottenkiste. Wenn es nach dem Willen der Bundesbank ginge, w\u00fcrden Menschen \u00fcberhaupt niemals in Rente gehen. Die Bundesregierung muss derartigen Ansinnen, die das Vertrauen in die gesetzliche Rente weiter zerst\u00f6ren, eine klare Absage erteilen.<\/p>\n<p><!--more--><\/p>\n<p>Die Anhebung des Rentenalters ist ja nichts anderes als eine weitere Rentenk\u00fcrzung. Denn: Immer weniger Menschen erreichen regul\u00e4r das Rentenalter. Wer \u00fcber 50 arbeitslos wird, hat es schwer, wieder einen Job zu finden, vor allem, wenn man dann noch eine Umschulung braucht, weil es den gelernten Job kaum noch gibt. Dazu kommen chronische Krankheiten. Schon heute schlagen sich viele mit Hartz IV die letzten Jahre bis zur Rente durch. Das bedeutet, dass sie mit jeder Anhebung des Rentenalters die Rente Jahre sp\u00e4ter und viel niedriger bekommen. Schon die Rente mit 67 war deshalb ein Fehler.<\/p>\n<p>Dabei ist die von der Bundesbank angef\u00fchrte Finanzierungsl\u00fccke vollst\u00e4ndig hausgemacht. Mit einem solidarischen Rentensystem, bei dem alle einzahlen, kann eine gute Rente f\u00fcr alle problemlos auch langfristig finanziert werden.<\/p>\n<p>Dazu geh\u00f6rt aus Sicht der Linken eine Mindestrente oberhalb des Armutsniveaus und die generelle Anhebung des Rentenniveaus auf 53 Prozent.\u201c<\/p>\n<\/div>\n<div class=\"pdfprnt-buttons pdfprnt-buttons-post pdfprnt-bottom-right\"><a href=\"https:\/\/www.betriebundgewerkschaft-bw.de\/index.php?rest_route=wpv2posts2068&print=pdf\" class=\"pdfprnt-button pdfprnt-button-pdf\" target=\"_blank\"><img src=\"https:\/\/www.betriebundgewerkschaft-bw.de\/wp-content\/plugins\/pdf-print\/images\/pdf.png\" alt=\"image_pdf\" title=\"PDF anzeigen\" \/><\/a><a href=\"https:\/\/www.betriebundgewerkschaft-bw.de\/index.php?rest_route=wpv2posts2068&print=print\" class=\"pdfprnt-button pdfprnt-button-print\" target=\"_blank\"><img src=\"https:\/\/www.betriebundgewerkschaft-bw.de\/wp-content\/plugins\/pdf-print\/images\/print.png\" alt=\"image_print\" title=\"Inhalt drucken\" \/><\/a><\/div>","protected":false},"excerpt":{"rendered":"<p>Zum Vorschlag der Bundesbank, das Renteneintrittsalter auf \u00fcber 69 Jahre zu erh\u00f6hen, erkl\u00e4rt Bernd Riexinger, Vorsitzender der Partei DIE LINKE: \u201cAlle Jahre wieder zerrt die Bundesbank die Anhebung des Rentenalters aus der Mottenkiste. Wenn es nach dem Willen der Bundesbank ginge, w\u00fcrden Menschen \u00fcberhaupt niemals in Rente gehen. Die Bundesregierung muss derartigen Ansinnen, die das [&hellip;]<\/p>\n","protected":false},"author":13,"featured_media":0,"comment_status":"open","ping_status":"open","sticky":false,"template":"","format":"standard","meta":[],"categories":[108],"tags":[],"_links":{"self":[{"href":"https:\/\/www.betriebundgewerkschaft-bw.de\/index.php?rest_route=\/wp\/v2\/posts\/2068"}],"collection":[{"href":"https:\/\/www.betriebundgewerkschaft-bw.de\/index.php?rest_route=\/wp\/v2\/posts"}],"about":[{"href":"https:\/\/www.betriebundgewerkschaft-bw.de\/index.php?rest_route=\/wp\/v2\/types\/post"}],"author":[{"embeddable":true,"href":"https:\/\/www.betriebundgewerkschaft-bw.de\/index.php?rest_route=\/wp\/v2\/users\/13"}],"replies":[{"embeddable":true,"href":"https:\/\/www.betriebundgewerkschaft-bw.de\/index.php?rest_route=%2Fwp%2Fv2%2Fcomments&post=2068"}],"version-history":[{"count":1,"href":"https:\/\/www.betriebundgewerkschaft-bw.de\/index.php?rest_route=\/wp\/v2\/posts\/2068\/revisions"}],"predecessor-version":[{"id":2069,"href":"https:\/\/www.betriebundgewerkschaft-bw.de\/index.php?rest_route=\/wp\/v2\/posts\/2068\/revisions\/2069"}],"wp:attachment":[{"href":"https:\/\/www.betriebundgewerkschaft-bw.de\/index.php?rest_route=%2Fwp%2Fv2%2Fmedia&parent=2068"}],"wp:term":[{"taxonomy":"category","embeddable":true,"href":"https:\/\/www.betriebundgewerkschaft-bw.de\/index.php?rest_route=%2Fwp%2Fv2%2Fcategories&post=2068"},{"taxonomy":"post_tag","embeddable":true,"href":"https:\/\/www.betriebundgewerkschaft-bw.de\/index.php?rest_route=%2Fwp%2Fv2%2Ftags&post=2068"}],"curies":[{"name":"wp","href":"https:\/\/api.w.org\/{rel}","templated":true}]}}