{"id":2056,"date":"2019-10-22T14:44:35","date_gmt":"2019-10-22T12:44:35","guid":{"rendered":"https:\/\/www.betriebundgewerkschaft-bw.de\/?p=2056"},"modified":"2019-10-22T15:31:56","modified_gmt":"2019-10-22T13:31:56","slug":"originelle-idee-betriebsversammlungen-for-future-bitte-warum-nicht","status":"publish","type":"post","link":"https:\/\/www.betriebundgewerkschaft-bw.de\/?p=2056","title":{"rendered":"Originelle Idee: Betriebsversammlungen for future &#8211; bitte, warum nicht?"},"content":{"rendered":"<p><img loading=\"lazy\" class=\"alignright size-thumbnail\" src=\"https:\/\/studentsforfuture.info\/wp-content\/uploads\/2019\/10\/klimastreikwoche-november-2019-1-300x223.png\" width=\"300\" height=\"223\" \/>Die &#8222;Students-for-future&#8220;-Bewegung kommt mit einer originellen Idee daher: N\u00e4mlich dass Betriebsr\u00e4te w\u00e4hrend der Klimastreikwoche Betriebsversammlungen einberufen und als inhaltlichen Schwerpunkt eine Diskussion \u00fcber die drohende Klimakatastrophe ansetzen.<\/p>\n<p>Dazu gibt es einen Aufruf: <a href=\"https:\/\/eur01.safelinks.protection.outlook.com\/?url=https%3A%2F%2Fstudentsforfuture.info%2Fpublic-climate-school%2Fgewerkschaften%2F&amp;data=02%7C01%7C%7C0902f0606cdc434e706b08d756d15cfa%7C84df9e7fe9f640afb435aaaaaaaaaaaa%7C1%7C0%7C637073330084349305&amp;sdata=l3S7t3i094vZQGGVUf%2B26UetqqPm52SWS3tfXsN241A%3D&amp;reserved=0\">KLICK<\/a><\/p>\n<p>Das w\u00e4re gerade im Automobilbau und bei den Zulieferern schlichtweg schon mal &#8222;die&#8220; Gelegenheit, die auf dem IGM-Gewerkschaftstag angedachten Ideen der Transformation aktiv anzugehen und den Kolleg*innen diffuse \u00c4ngste zu nehmen, die in der Branche auf grund der Klimadiskussion grassieren.<\/p>\n<p>Auch Wissenschaftler*innen organisieren sich und verfassen einen eigenen Appell: <a href=\"https:\/\/eur01.safelinks.protection.outlook.com\/?url=https%3A%2F%2Fstudentsforfuture.info%2Fpublic-climate-school%2Faufruf-der-wissenschaft%2F&amp;data=02%7C01%7C%7C0902f0606cdc434e706b08d756d15cfa%7C84df9e7fe9f640afb435aaaaaaaaaaaa%7C1%7C0%7C637073330084359310&amp;sdata=bKEO6isnyYbS7%2BVnnziv7md87mYGpuwUIFdMfEyj4jw%3D&amp;reserved=0\">KLICK<\/a><\/p>\n<p>Also wenn Ihr die Idee einer Betriebsversammlung in der Klimastreikwoche aufgreift, dann findet Ihr bei den Wissenschaftler*innen bestimmt eine*n, den Ihr auf die Betriebsversammlung einladen k\u00f6nntet . . .<\/p>\n<div class=\"pdfprnt-buttons pdfprnt-buttons-post pdfprnt-bottom-right\"><a href=\"https:\/\/www.betriebundgewerkschaft-bw.de\/index.php?rest_route=wpv2posts2056&print=pdf\" class=\"pdfprnt-button pdfprnt-button-pdf\" target=\"_blank\"><img src=\"https:\/\/www.betriebundgewerkschaft-bw.de\/wp-content\/plugins\/pdf-print\/images\/pdf.png\" alt=\"image_pdf\" title=\"PDF anzeigen\" \/><\/a><a href=\"https:\/\/www.betriebundgewerkschaft-bw.de\/index.php?rest_route=wpv2posts2056&print=print\" class=\"pdfprnt-button pdfprnt-button-print\" target=\"_blank\"><img src=\"https:\/\/www.betriebundgewerkschaft-bw.de\/wp-content\/plugins\/pdf-print\/images\/print.png\" alt=\"image_print\" title=\"Inhalt drucken\" \/><\/a><\/div>","protected":false},"excerpt":{"rendered":"<p>Die &#8222;Students-for-future&#8220;-Bewegung kommt mit einer originellen Idee daher: N\u00e4mlich dass Betriebsr\u00e4te w\u00e4hrend der Klimastreikwoche Betriebsversammlungen einberufen und als inhaltlichen Schwerpunkt eine Diskussion \u00fcber die drohende Klimakatastrophe ansetzen. Dazu gibt es einen Aufruf: KLICK Das w\u00e4re gerade im Automobilbau und bei den Zulieferern schlichtweg schon mal &#8222;die&#8220; Gelegenheit, die auf dem IGM-Gewerkschaftstag angedachten Ideen der Transformation [&hellip;]<\/p>\n","protected":false},"author":13,"featured_media":0,"comment_status":"open","ping_status":"open","sticky":false,"template":"","format":"standard","meta":[],"categories":[1],"tags":[],"_links":{"self":[{"href":"https:\/\/www.betriebundgewerkschaft-bw.de\/index.php?rest_route=\/wp\/v2\/posts\/2056"}],"collection":[{"href":"https:\/\/www.betriebundgewerkschaft-bw.de\/index.php?rest_route=\/wp\/v2\/posts"}],"about":[{"href":"https:\/\/www.betriebundgewerkschaft-bw.de\/index.php?rest_route=\/wp\/v2\/types\/post"}],"author":[{"embeddable":true,"href":"https:\/\/www.betriebundgewerkschaft-bw.de\/index.php?rest_route=\/wp\/v2\/users\/13"}],"replies":[{"embeddable":true,"href":"https:\/\/www.betriebundgewerkschaft-bw.de\/index.php?rest_route=%2Fwp%2Fv2%2Fcomments&post=2056"}],"version-history":[{"count":1,"href":"https:\/\/www.betriebundgewerkschaft-bw.de\/index.php?rest_route=\/wp\/v2\/posts\/2056\/revisions"}],"predecessor-version":[{"id":2057,"href":"https:\/\/www.betriebundgewerkschaft-bw.de\/index.php?rest_route=\/wp\/v2\/posts\/2056\/revisions\/2057"}],"wp:attachment":[{"href":"https:\/\/www.betriebundgewerkschaft-bw.de\/index.php?rest_route=%2Fwp%2Fv2%2Fmedia&parent=2056"}],"wp:term":[{"taxonomy":"category","embeddable":true,"href":"https:\/\/www.betriebundgewerkschaft-bw.de\/index.php?rest_route=%2Fwp%2Fv2%2Fcategories&post=2056"},{"taxonomy":"post_tag","embeddable":true,"href":"https:\/\/www.betriebundgewerkschaft-bw.de\/index.php?rest_route=%2Fwp%2Fv2%2Ftags&post=2056"}],"curies":[{"name":"wp","href":"https:\/\/api.w.org\/{rel}","templated":true}]}}