{"id":2042,"date":"2019-10-16T08:52:54","date_gmt":"2019-10-16T06:52:54","guid":{"rendered":"https:\/\/www.betriebundgewerkschaft-bw.de\/?p=2042"},"modified":"2019-10-16T09:08:48","modified_gmt":"2019-10-16T07:08:48","slug":"jutta-krellmann-die-anhoerung-zur-aenderung-des-berufsbildungsgesetzes","status":"publish","type":"post","link":"https:\/\/www.betriebundgewerkschaft-bw.de\/?p=2042","title":{"rendered":"Jutta Krellmann: Die Anh\u00f6rung zur \u00c4nderung des Berufsbildungsgesetzes"},"content":{"rendered":"<p class=\"moz-quote-pre\">Liebe Kolleginnen und Kollegen,<\/p>\n<p class=\"moz-quote-pre\">morgen, am Mittwoch den 16. Oktober 2016, findet eine Anh\u00f6rung zum Berufsbildungsmodernisierungsgesetz statt. Es war Inhalt der Koalitionsvereinbarung das BBIG zu modernisieren. Die Gewerkschaftsjugend, die Gewerkschaften insgesamt, haben viele Anforderungen an eine Erneuerung gestellt, die aber an vielen Punkten nicht erf\u00fcllt wurden.<\/p>\n<ul>\n<li class=\"moz-quote-pre\">Es soll keine Erleichterung bei der Freistellung der Pr\u00fcfungsausschussmitglieder geben,<\/li>\n<li class=\"moz-quote-pre\">Duale Ausbildung soll nicht in das BBiG aufgenommen werden,<\/li>\n<li class=\"moz-quote-pre\">die Mindestausbildungsverg\u00fctung soll zwar eingef\u00fchrt werden, aber es soll keine Verbindung zu Tarifvertr\u00e4gen geben, um die Erh\u00f6hung an die Entwicklung von Tarifvertr\u00e4gen zu binden usw.<\/li>\n<\/ul>\n<p class=\"moz-quote-pre\">Unsere Sachverst\u00e4ndige f\u00fcr die Anh\u00f6rung ist die DGB Bundesjugendsekret\u00e4rin Manuela Conte: <a href=\"https:\/\/www.betriebundgewerkschaft-bw.de\/wp-content\/uploads\/2019\/10\/Statement-von-Manuela-Conte-zur-BBIG-Novelle.docx\">KLICK<\/a>. In dem Ausschuss Bildung laufen die Anh\u00f6rungen anders ab als im Ausschuss Arbeit und Soziales. Alle Sachverst\u00e4ndigen (Stellungnahmen: <a href=\"https:\/\/www.betriebundgewerkschaft-bw.de\/wp-content\/uploads\/2019\/10\/ADrs.-1918124.pdf\">KLICK<\/a>) halten erst einmal ein dreimin\u00fctiges Statement und dann kommen die Fragen der MdB`s.<\/p>\n<p class=\"moz-quote-pre\">In der Einladung zur Anh\u00f6rung sind die Bundestagdrucksachen Nummern des Gesetzes und der Antr\u00e4ge enthalten. \u00dcber diese Links kann man den Gesetzesentwurf und die Antr\u00e4ge der einzelnen Fraktionen aufrufen. In der Anlage findet ihr ebenfalls einen Report der BIBB zu &#8222;Mindestausbildungsverg\u00fctung aus Betrieblicher Perspektive 4\/2018&#8220;: <a href=\"https:\/\/www.betriebundgewerkschaft-bw.de\/wp-content\/uploads\/2019\/10\/ADrs-1918119.pdf\">ADrs 19(18)119<\/a>.<\/p>\n<p class=\"moz-quote-pre\">Nach der weiteren Planung soll die 2. und 3. Lesung des Gesetzes noch in diesem Jahr erfolgen. Mit kollegialen Gr\u00fc\u00dfen Jutta Krellmann<\/p>\n<div class=\"pdfprnt-buttons pdfprnt-buttons-post pdfprnt-bottom-right\"><a href=\"https:\/\/www.betriebundgewerkschaft-bw.de\/index.php?rest_route=wpv2posts2042&print=pdf\" class=\"pdfprnt-button pdfprnt-button-pdf\" target=\"_blank\"><img src=\"https:\/\/www.betriebundgewerkschaft-bw.de\/wp-content\/plugins\/pdf-print\/images\/pdf.png\" alt=\"image_pdf\" title=\"PDF anzeigen\" \/><\/a><a href=\"https:\/\/www.betriebundgewerkschaft-bw.de\/index.php?rest_route=wpv2posts2042&print=print\" class=\"pdfprnt-button pdfprnt-button-print\" target=\"_blank\"><img src=\"https:\/\/www.betriebundgewerkschaft-bw.de\/wp-content\/plugins\/pdf-print\/images\/print.png\" alt=\"image_print\" title=\"Inhalt drucken\" \/><\/a><\/div>","protected":false},"excerpt":{"rendered":"<p>Liebe Kolleginnen und Kollegen, morgen, am Mittwoch den 16. Oktober 2016, findet eine Anh\u00f6rung zum Berufsbildungsmodernisierungsgesetz statt. Es war Inhalt der Koalitionsvereinbarung das BBIG zu modernisieren. Die Gewerkschaftsjugend, die Gewerkschaften insgesamt, haben viele Anforderungen an eine Erneuerung gestellt, die aber an vielen Punkten nicht erf\u00fcllt wurden. Es soll keine Erleichterung bei der Freistellung der Pr\u00fcfungsausschussmitglieder [&hellip;]<\/p>\n","protected":false},"author":13,"featured_media":0,"comment_status":"open","ping_status":"open","sticky":false,"template":"","format":"standard","meta":[],"categories":[109,1],"tags":[],"_links":{"self":[{"href":"https:\/\/www.betriebundgewerkschaft-bw.de\/index.php?rest_route=\/wp\/v2\/posts\/2042"}],"collection":[{"href":"https:\/\/www.betriebundgewerkschaft-bw.de\/index.php?rest_route=\/wp\/v2\/posts"}],"about":[{"href":"https:\/\/www.betriebundgewerkschaft-bw.de\/index.php?rest_route=\/wp\/v2\/types\/post"}],"author":[{"embeddable":true,"href":"https:\/\/www.betriebundgewerkschaft-bw.de\/index.php?rest_route=\/wp\/v2\/users\/13"}],"replies":[{"embeddable":true,"href":"https:\/\/www.betriebundgewerkschaft-bw.de\/index.php?rest_route=%2Fwp%2Fv2%2Fcomments&post=2042"}],"version-history":[{"count":1,"href":"https:\/\/www.betriebundgewerkschaft-bw.de\/index.php?rest_route=\/wp\/v2\/posts\/2042\/revisions"}],"predecessor-version":[{"id":2046,"href":"https:\/\/www.betriebundgewerkschaft-bw.de\/index.php?rest_route=\/wp\/v2\/posts\/2042\/revisions\/2046"}],"wp:attachment":[{"href":"https:\/\/www.betriebundgewerkschaft-bw.de\/index.php?rest_route=%2Fwp%2Fv2%2Fmedia&parent=2042"}],"wp:term":[{"taxonomy":"category","embeddable":true,"href":"https:\/\/www.betriebundgewerkschaft-bw.de\/index.php?rest_route=%2Fwp%2Fv2%2Fcategories&post=2042"},{"taxonomy":"post_tag","embeddable":true,"href":"https:\/\/www.betriebundgewerkschaft-bw.de\/index.php?rest_route=%2Fwp%2Fv2%2Ftags&post=2042"}],"curies":[{"name":"wp","href":"https:\/\/api.w.org\/{rel}","templated":true}]}}