{"id":2023,"date":"2019-10-14T10:55:54","date_gmt":"2019-10-14T08:55:54","guid":{"rendered":"https:\/\/www.betriebundgewerkschaft-bw.de\/?p=2023"},"modified":"2019-10-14T11:20:12","modified_gmt":"2019-10-14T09:20:12","slug":"post-von-jutta-krellmann-berufliche-bildung-novellierung-bbig","status":"publish","type":"post","link":"https:\/\/www.betriebundgewerkschaft-bw.de\/?p=2023","title":{"rendered":"Post von Jutta Krellmann: Berufliche Bildung \/ Novellierung BBiG"},"content":{"rendered":"<p class=\"moz-quote-pre\"><img loading=\"lazy\" class=\"alignright size-medium\" src=\"data:image\/jpeg;base64,\/9j\/4AAQSkZJRgABAQAAAQABAAD\/2wCEAAkGBwgHBgkIBwgKCgkLDRYPDQwMDRsUFRAWIB0iIiAdHx8kKDQsJCYxJx8fLT0tMTU3Ojo6Iys\/RD84QzQ5OjcBCgoKDQwNGg8PGjclHyU3Nzc3Nzc3Nzc3Nzc3Nzc3Nzc3Nzc3Nzc3Nzc3Nzc3Nzc3Nzc3Nzc3Nzc3Nzc3Nzc3N\/\/AABEIAJMA1gMBIgACEQEDEQH\/xAAcAAACAgMBAQAAAAAAAAAAAAAAAQIFAwQGBwj\/xAA5EAABAwIEBAQEBAUEAwAAAAABAAIDBBEFEiExE0FRYQYiMnFCgZGhFLHB0QdSYnLwIzRD4RYkM\/\/EABoBAQACAwEAAAAAAAAAAAAAAAABBAIDBQb\/xAApEQEAAgIBAwIFBQEAAAAAAAAAAQIDETEEEiEFEzJBQlFhIiMzNHEG\/9oADAMBAAIRAxEAPwDrU0kKGRppIQNNJMIBNJCBoSUJHlpaGtBLjzNk2MifZYzIxrSXOAtutKpxSnh3kb31WM2hOlihVlFi9HVSFjaiMHk0mysg4HY6dVMTEkmhJNSgIQhQBCEIBCEIBJCECKEIQJCEIIphJMKQIQmgEwkhA0IQgRNgStOqq7eWNub+pZKuUNGUFUGK1McNmvkOc7MYq+XJMeIbsdNqzH8WnY18bSLu5Zt1yomkmmDXSuvbzEHQrpzhz6yMySQu3I11NlgpcCl4jgxmUt5Kv3TPKx7bThhjeWEk3+FxuFcYdWVVG9rfxJeza7zoPmNvmFs\/+PHhsfox46HbVYzh5bKI5QQ3k5O6YTOP8Ojp8T4jWlwDb\/EBdp9iDZbsVVFLo1wuuYp2y0UojluGv2cfSezh+q2wXslaQSxx9THc\/Zba5bRy0Wxw6JCwUsomjBBvbRZ1aidxtomNBCSEQEIQgEkIQCEIQJCEIIoSumpDQkmoAmkhA0+SShM7JEXXtYXv0RKifNLLiVQD5QCAAeg3Whh9JxpXVMtnOe4m5Wcy5643uCG3N+pWxQjhsjYOQAVDJPlfwVWMMQERGUC6ztpw0uc1tiQFOnbcarNyWGlnbXAuCFrT0wlaQ4aLcFrn9lF1iE0mVPURufDwJ9bHyu7LBE8zwOhn0cw5d9R0IKs5WguN1pCAuqXRtAu5unv0WcK+SI5bWFPML2x7hzTY9wrfloucgfwXZszg1jg4dgr6CTijNyVrFPjSjkjUsqSELa1hCEkDQhCASQhAIQhBjTCSEEk1EIugkhJCBqMmrHAgEW2KaxVnF\/CTmnDXTcN3DDti62l+10S5dhAllklfYE3Lis8OKYc12tbBccs4XFOkxFzJDjDGmqdMWNiLfJERubd779lt3qWUoeMPErHA24hcXfQDQFVZx+V7HkmtXo9FVxusWODmuGhC2JJg2HMHC+68sc+vwyOKswthidJI2F1MXeUucdDYjRb1ZWeIvxkVBifDjhfE6Qvp3esCwy3AFtSFHttnux9nXzY5TwzmF8kYcNwZRdEeM0kz8jJ4nO\/lbIC76LnqeGtpYHCjaxhy34bWXHtbTVakkmKVLBT1+GxyQvtYFvpNt+diOoKjsgnLbetOxkkDvSbg7FQiI\/EtN9dwuMw2g8TCnmiixFkcMcr2NfMTI\/Qjkemo3W\/T02LRhhmxnjStdmFoGtGnJT2xE8sZtNq\/C6GsZkEr26c7deoVlQm9MwkWNrKmqsQZE6KN9wZnZWm2hV\/GwMaGjktuPSpliY5SQhJbmk0JJIJIUUIJJJEpX7oJJISQRQkmgaEkIJApqIKd0DQdikhEuOxCIRYg+eohMkEj7vcG3LCDbNboR+SvoJqWOlDoaiF0VtCCDYe618VjMVYxw0D2\/r\/2taSiw8MdU1FLAXDW5jF1UvOrS6OKm6RMNV0jcTxCm\/DFr6SCTMZANJH22HUC+6scUo3VT4zBYTxXcwO2dyLT7\/ssGHVMbq1pncGmwsy+w5aLdr6mmimbeoYwdXGyxmW2KxwWH1dNM8RyuFPVNHmhmORw7i+49ltVNVTxztYyUTzW0iY4E\/O23utCnrKepkdSVLWVEDbGOUtzN1vpfroraOCGGPLAyNreWQAfko5Oxo8E01GIXuudXPcObibut2udFSPe7jR5B5muzW66FXVfIchF9NlVUrC+Rw1BI0IF7KOEzGvDYELKqemBBIDwW35A6hdMqPCqYCZoZm4cWt3a36K8VrDHjaj1Ux3RX7EldMqBK2qpkoule6V0Dui6jdF0EkKN0XQO6aghAJhRQgkhJCBppIQSBT7qKaCtxwf6cL\/5XEfVaTmtfEM+rRrZWeKxmSiktu3zfRaDOFLh7w\/Q5bXG6qZ\/FnR6W36NNUw09TI0yZb3te9jZbMeFQMnL3zve06Na92gVC7CnPqw9ssrgTtnVpHhTrs4lXNI21spsMv2WMLkViVyYIGQmINY2PtyWKnbLE8xu1A2d1C06XCI2Sl75Z3NubMMpt89VcRiPhFo0sdPZYyxnwrKxpcNeqo63FqfCpY3VTMzHktsOWiv8Qe2OP8AqK828VzficShgabiG5d7n\/PulfyVrN7xWHp+A1TKmkL2tIcHebv0+ys7rkP4a1BnwWdr3XfFOWanXLlBH5n6LrCrlOHKz1muSaykSoFCSzaQhK6SB3SuopXQSui6jdF0EroUUIJISTQNNIIQNNJCBpqKaANrWIuDyXOVANFO+nk8rXasJ5hdGuc8aYvSYfh3BlY2aqmB4UZ+H+rt+q15axaPKz00279V+aVLkEjcxNj0VtDFFu19z3XD4disslK2YMzkaOaNwVvxeImsF3RygjkWKp26dLUx4l1xa1ovdYKiria21x8lzUniKSeMimjeepOi1H1wgZnrJTnd6Yxu5RMM8eO151Dc8QYq2jpy82c46Nb1K4TK455ZTmkebuJ5lWVZM+sqBLL6R6G8gtKcZjlGy1zffh3en6D2Kd1uV1\/D\/E20GLvgmLGRVYDc7tLOG31uvT9OWy8QmkbBC57ja2y9P8L+IcPxShp4oqwOqmRhr45BleSB05q709pmrzvrGCmPJFonzPK\/JUSgkJXVhxiJSuglQJUB3SJSJUSUE7ouoXRdEp3QoXQgzICiCpBAwmopoGhJNA0JLDW1dPQ0z6mrmZFCwXc95sApQw4ziUOE4fLWTahgs1l\/W7kF5DW1k+I10lXVPzySG5PL2A6BWvizxLF4glgbRxyMpoS4gv3kJ525W5e6pwzI1U89\/OnpPS+l1T3J5lb+GpOK+opr+a2dp77FdfQQ04badt+7huuC8MTiPHWtJtnjcB76H9F3dVWso6QSzt8uwbYG57LXPhjlicmWe3lpYvPTUbHCnaxruoFlzQaS90ryS9+pc7f2WerqpK6pM8wDWtFmRt2aFrPcXuyt0A3K03tvh6DoOijBHff4kXuzuOU+UfdYJ5GU8TpZNGj7rOAD\/aFWeJX8NsNP8RGeTtfYfmfopw4++2j1PrI6bDN\/qnhVVdVJUvLnmzR6W9Eo5nR2INiOfNYAgldSIiI1DwOTJfJeb3ncuuwPxtieHlrHzmohHwTku+jtwu8wfxnhmJFschdSzHTLL6T7OH62Xi97BSZK5ugc4DnY7qWt9D5ri\/LqokrxvAPFOI4U9rI6p8kA\/wCGY5m\/I7j\/ADReqYTitPi1EyopnDUDOwnVh6FBukpEpEqJKhKRKLqF0roMl0KF0INm6YKgpXQTBQogqV0DQki6Cux\/GqXA6E1VXd1\/LHGPVI7oP3XkXiTHq3HZ2y1hDI234VOw+Vnfue62vH2MHFMflYwkwUhMEY6kHzn6j7Klw6Pj1Q4mrW6padRtnixzlyRSPmsKSAMgY9+htoFOU2Guiy2dK7MdhsOgWpiDsjTlGtjp3XN332e3tWMGDxHiG74Yia\/FzUu0jgYS4nkSrTEax9dPncSGN0Y3+UfuqvBg+CgyHyiQ5n9XH9lnlfbX6Jlv51CfTelilPeyR5lP1C3IJcrDYblRiY5xB6rbw+kFdWcEkiCMZ5n9B0+a1VjcunlzRjxzksKdkUFHLiNYP\/Vi0Ywm3Ffyb7Liqyokqp5J53ZpJHZnHurrxVi4xKpbHTANoqa7YGj4urv2XPnddLDj7K7+bwPqPW26rLueIO2iQF3gKfJJmmY9Fuc83a3t1UQFNo8jlkawMjLj00UsWIdFY4ZilZhk7Z6SVzXDvoR0PZaGUgG+6cLA6TK8b7IPYfDfiKDHaclto6mMf6sV\/uOyuLrw+iq6rB8QjqqR1nsOgOzhzaey9hwrEYMUoY6umPkkG3Np5g9woZN4lK6gSldQMl0LHdCDeTCEIJBNCFILqMri2N5BsQ0kfRCEHz04kuc4m7i65PzVlhn+6cOQj2Qha8vwSu+m\/wBqn+rqP0j2VfWNHFaLbnVCFzqcvb9Z\/DC0IDYgBoFijF5TfkUkLC3K5f6Wd+jHWWLE5H0\/hSAwuLDU1WSYj4xZ2h+gQhb+n+Nxv+hn9iHKyE2ZrudVBwAcEIXSeHDtkD\/5O900ISkz4\/cLPV6Rst2QhEMQ3Z3bf7lN2jmf3IQg2a8DhNNtV1f8M5X8WvhzHh5I35eWY3F\/oAkhEu7SukhYpO6SEIP\/2Q==\" width=\"214\" height=\"147\" \/>Liebe Kolleginnen und Kollegen,<\/p>\n<p class=\"moz-quote-pre\">die Herbstferien sind vorbei und ich bin zur\u00fcck aus Griechenland. Mein B\u00fcro hat aber weitergearbeitet und die Besch\u00e4ftigten im Bundestag auch. Insofern ist einiges aufgelaufen und ich werde Euch diese Woche mehr als eine Mail schicken. Heute tagt die Enquete Kommission Berufliche Bildung im Digitalen Zeitalter, in der ich Mitglied bin. Unser Sachverst\u00e4ndiger in Sachen Umlagefinanzierung und Anforderungen an die BB ist Thomas Ressel, Referatsleiter Bildungspolitik beim Vorstand der IG Metall. Die Unterlagen sind super interessant und eine gute Zusammenstellung, sodass ich sie Euch gerne weiterleite.<!--more--><\/p>\n<p class=\"moz-quote-pre\">In dieser Woche wird es auch mehrere Anh\u00f6rungen geben unter anderem \u00fcber die Novellierung des BBiG. Die Stellungnahme des DGB dazu hat Thomas schon in seinen Materialien zur Enquete mitgeschickt.<\/p>\n<p class=\"moz-quote-pre\">Mit kollegialen Gr\u00fc\u00dfen<br \/>\nJutta Krellmann MdB (Sprecherin f\u00fcr Mitbestimmung &amp; Arbeit)<\/p>\n<ul>\n<li>Vortragsfolien der IG Metall (Thomas Ressel) f\u00fcr die Enquete-Kommission \u00bbBerufliche Bildung in der digitalen Arbeitswelt\u00ab: <a href=\"https:\/\/www.betriebundgewerkschaft-bw.de\/wp-content\/uploads\/2019\/10\/PG-2-Drs.-029a_Pr%C3%A4sentation_PG2_Okt_Sitzung_IG_Metall_Thomas_Ressel_fin.pdf\">KLICK<\/a><\/li>\n<li>Fachvortrag Thomas Ressel &#8222;Auswirkungen der Digitalisierung auf die Finanzierung von beruflicher Ausbildung&#8220;: <a href=\"https:\/\/www.betriebundgewerkschaft-bw.de\/wp-content\/uploads\/2019\/10\/PG-2-Drs.-029_Handlungsempfehlungen_f_PG2_Okt_Sitzung_IG_Metall_Thomas_Ressel_fin.pdf\">KLICK<\/a><\/li>\n<li>Stellungnahme\u00a0 des Deutschen Gewerkschaftsbundes zum Entwurf eines Gesetzes zur Modernisierung und St\u00e4rkung der beruflichen Bildung: <a href=\"https:\/\/www.betriebundgewerkschaft-bw.de\/wp-content\/uploads\/2019\/10\/PG-2-Drs.-029-Anl.-4_DGB-Stellungnahme_BBiMoG_30.09.2019_Thomas-Ressel.pdf\">KLICK<\/a><\/li>\n<li>GEW-Studie: Mehrbedarfe f\u00fcr eine ad\u00e4quate digitale Ausstattung der berufsbildenden Schulen im Lichte des Digitalpakts: <a href=\"https:\/\/www.betriebundgewerkschaft-bw.de\/wp-content\/uploads\/2019\/10\/PG-2-Drs.-029-Anl.-3_GEW_Studie_2019_Mehrbedarfe_berufsb_Schulen_Thomas-Ressel.pdf\">KLICK<\/a><\/li>\n<li>Statistisches Bundesamt: Bildungsfinanzen und Ausbildungsf\u00f6rderung &#8211; Ausgaben f\u00fcr \u00f6ffentliche Schulen je Sch\u00fclerin und Sch\u00fcler nach Schularten und Bundesl\u00e4ndern: <a href=\"https:\/\/www.betriebundgewerkschaft-bw.de\/wp-content\/uploads\/2019\/10\/PG-2-Drs.-029-Anl.-2_Ausgaben_fuer_oeff_Schulen_und_Berufsschulen_Thomas-Ressel.pdf\">KLICK<\/a><\/li>\n<li>IG Metall Analyse: <strong>Ausbildungsbilanz 2018<\/strong> Eine Analyse der IG Metall &#8211; <em>Historische Tiefs bei der Ausbildungsquote in den Betrieben, unbesetzten Ausbildungsstellen und dem Frauenanteil in der dualen Ausbildung <\/em><a href=\"https:\/\/www.betriebundgewerkschaft-bw.de\/wp-content\/uploads\/2019\/10\/PG-2-Drs.-029-Anl.-1_Ausbildungsbilanz_2018_IG_Metall_Thomas-Ressel.pdf\">KLICK<\/a><\/li>\n<\/ul>\n<div class=\"pdfprnt-buttons pdfprnt-buttons-post pdfprnt-bottom-right\"><a href=\"https:\/\/www.betriebundgewerkschaft-bw.de\/index.php?rest_route=wpv2posts2023&print=pdf\" class=\"pdfprnt-button pdfprnt-button-pdf\" target=\"_blank\"><img src=\"https:\/\/www.betriebundgewerkschaft-bw.de\/wp-content\/plugins\/pdf-print\/images\/pdf.png\" alt=\"image_pdf\" title=\"PDF anzeigen\" \/><\/a><a href=\"https:\/\/www.betriebundgewerkschaft-bw.de\/index.php?rest_route=wpv2posts2023&print=print\" class=\"pdfprnt-button pdfprnt-button-print\" target=\"_blank\"><img src=\"https:\/\/www.betriebundgewerkschaft-bw.de\/wp-content\/plugins\/pdf-print\/images\/print.png\" alt=\"image_print\" title=\"Inhalt drucken\" \/><\/a><\/div>","protected":false},"excerpt":{"rendered":"<p>Liebe Kolleginnen und Kollegen, die Herbstferien sind vorbei und ich bin zur\u00fcck aus Griechenland. Mein B\u00fcro hat aber weitergearbeitet und die Besch\u00e4ftigten im Bundestag auch. Insofern ist einiges aufgelaufen und ich werde Euch diese Woche mehr als eine Mail schicken. Heute tagt die Enquete Kommission Berufliche Bildung im Digitalen Zeitalter, in der ich Mitglied bin. [&hellip;]<\/p>\n","protected":false},"author":13,"featured_media":0,"comment_status":"open","ping_status":"open","sticky":false,"template":"","format":"standard","meta":[],"categories":[109],"tags":[],"_links":{"self":[{"href":"https:\/\/www.betriebundgewerkschaft-bw.de\/index.php?rest_route=\/wp\/v2\/posts\/2023"}],"collection":[{"href":"https:\/\/www.betriebundgewerkschaft-bw.de\/index.php?rest_route=\/wp\/v2\/posts"}],"about":[{"href":"https:\/\/www.betriebundgewerkschaft-bw.de\/index.php?rest_route=\/wp\/v2\/types\/post"}],"author":[{"embeddable":true,"href":"https:\/\/www.betriebundgewerkschaft-bw.de\/index.php?rest_route=\/wp\/v2\/users\/13"}],"replies":[{"embeddable":true,"href":"https:\/\/www.betriebundgewerkschaft-bw.de\/index.php?rest_route=%2Fwp%2Fv2%2Fcomments&post=2023"}],"version-history":[{"count":6,"href":"https:\/\/www.betriebundgewerkschaft-bw.de\/index.php?rest_route=\/wp\/v2\/posts\/2023\/revisions"}],"predecessor-version":[{"id":2035,"href":"https:\/\/www.betriebundgewerkschaft-bw.de\/index.php?rest_route=\/wp\/v2\/posts\/2023\/revisions\/2035"}],"wp:attachment":[{"href":"https:\/\/www.betriebundgewerkschaft-bw.de\/index.php?rest_route=%2Fwp%2Fv2%2Fmedia&parent=2023"}],"wp:term":[{"taxonomy":"category","embeddable":true,"href":"https:\/\/www.betriebundgewerkschaft-bw.de\/index.php?rest_route=%2Fwp%2Fv2%2Fcategories&post=2023"},{"taxonomy":"post_tag","embeddable":true,"href":"https:\/\/www.betriebundgewerkschaft-bw.de\/index.php?rest_route=%2Fwp%2Fv2%2Ftags&post=2023"}],"curies":[{"name":"wp","href":"https:\/\/api.w.org\/{rel}","templated":true}]}}