{"id":2021,"date":"2019-10-09T10:21:28","date_gmt":"2019-10-09T08:21:28","guid":{"rendered":"https:\/\/www.betriebundgewerkschaft-bw.de\/?p=2021"},"modified":"2019-10-13T13:05:06","modified_gmt":"2019-10-13T11:05:06","slug":"material-fuer-die-mietenkampagne-bereitgestellt-vom-parteivorstand","status":"publish","type":"post","link":"https:\/\/www.betriebundgewerkschaft-bw.de\/?p=2021","title":{"rendered":"Material f\u00fcr die Mietenkampagne (bereitgestellt vom Parteivorstand)"},"content":{"rendered":"<p><img loading=\"lazy\" class=\"alignright\" src=\"https:\/\/www.die-linke.de\/fileadmin\/user_upload\/dwenteignen.jpg\" alt=\"\" width=\"291\" height=\"167\" \/><\/p>\n<p>Liebe*r Kolleg*in,<\/p>\n<p>in vielen St\u00e4dten explodieren die Mieten, Wohnungsnot f\u00fcr viele und Luxusappartements f\u00fcr Reiche bestimmen immer h\u00e4ufiger das Stadtbild. Doch es gibt auch Widerstand und Mieter\/innenproteste. Die Mietenkampagne der LINKEN will diesen Druck verst\u00e4rken.<\/p>\n<p>Der Parteivorstand hat<\/p>\n<p>f\u00fcr eine Mietenkampagne Material bereitgestellt. Gerade gewerkschaftlich Aktive engagieren sich in ihrem privaten, nachbarschaftlichen Umfeld f\u00fcr bezahlbaren Wohnraum.<\/p>\n<p>Dieses brandneue Bildungsmaterial soll genau diese Kolleg*innen dabei unterst\u00fctzen, das<\/p>\n<p>Thema Wohnen im Kapitalismus in einem selbst organisierten Workshop oder z.B. auf einem Ortverbandstreffen zu behandeln. Es eignet sich auch hervorragend zur inhaltlichen Unterst\u00fctzung der Mietenkampagne. Man braucht daf\u00fcr keine*n zus\u00e4tzliche*n Referent*in. Alle n\u00f6tigen Materialien sind hier.<\/p>\n<p>Du kannst dich aber auch selbstst\u00e4ndig durch die Folien der Powerpoint-Pr\u00e4sentation klicken. Dazu gibt\u2018s weiterf\u00fchrende Literatur und Tipps zur Umsetzung der Mietenkampagne bei Dir vor Ort.<\/p>\n<p>Hier findest Du alles zu<\/p>\n<p>m Download:<\/p>\n<p><a href=\"https:\/\/filebox.die-linke.de\/index.php\/s\/BeSGkkC6SBoDKnq\">https:\/\/filebox.die-linke.de\/index.php\/s\/BeSGkkC6SBoDKnq<\/a><\/p>\n<p>Bei Fragen und Anregungen kannst Du die Kampagnenverantwortlichen unter <a href=\"mailto:polbil@die-linke.de\">polbil@die-linke.de<\/a> oder 030\/24009-360 erreichen.<\/p>\n<p>&nbsp;<\/p>\n<div class=\"pdfprnt-buttons pdfprnt-buttons-post pdfprnt-bottom-right\"><a href=\"https:\/\/www.betriebundgewerkschaft-bw.de\/index.php?rest_route=wpv2posts2021&print=pdf\" class=\"pdfprnt-button pdfprnt-button-pdf\" target=\"_blank\"><img src=\"https:\/\/www.betriebundgewerkschaft-bw.de\/wp-content\/plugins\/pdf-print\/images\/pdf.png\" alt=\"image_pdf\" title=\"PDF anzeigen\" \/><\/a><a href=\"https:\/\/www.betriebundgewerkschaft-bw.de\/index.php?rest_route=wpv2posts2021&print=print\" class=\"pdfprnt-button pdfprnt-button-print\" target=\"_blank\"><img src=\"https:\/\/www.betriebundgewerkschaft-bw.de\/wp-content\/plugins\/pdf-print\/images\/print.png\" alt=\"image_print\" title=\"Inhalt drucken\" \/><\/a><\/div>","protected":false},"excerpt":{"rendered":"<p>Liebe*r Kolleg*in, in vielen St\u00e4dten explodieren die Mieten, Wohnungsnot f\u00fcr viele und Luxusappartements f\u00fcr Reiche bestimmen immer h\u00e4ufiger das Stadtbild. Doch es gibt auch Widerstand und Mieter\/innenproteste. Die Mietenkampagne der LINKEN will diesen Druck verst\u00e4rken. Der Parteivorstand hat f\u00fcr eine Mietenkampagne Material bereitgestellt. Gerade gewerkschaftlich Aktive engagieren sich in ihrem privaten, nachbarschaftlichen Umfeld f\u00fcr bezahlbaren [&hellip;]<\/p>\n","protected":false},"author":13,"featured_media":0,"comment_status":"open","ping_status":"open","sticky":false,"template":"","format":"standard","meta":[],"categories":[1,108,164],"tags":[],"_links":{"self":[{"href":"https:\/\/www.betriebundgewerkschaft-bw.de\/index.php?rest_route=\/wp\/v2\/posts\/2021"}],"collection":[{"href":"https:\/\/www.betriebundgewerkschaft-bw.de\/index.php?rest_route=\/wp\/v2\/posts"}],"about":[{"href":"https:\/\/www.betriebundgewerkschaft-bw.de\/index.php?rest_route=\/wp\/v2\/types\/post"}],"author":[{"embeddable":true,"href":"https:\/\/www.betriebundgewerkschaft-bw.de\/index.php?rest_route=\/wp\/v2\/users\/13"}],"replies":[{"embeddable":true,"href":"https:\/\/www.betriebundgewerkschaft-bw.de\/index.php?rest_route=%2Fwp%2Fv2%2Fcomments&post=2021"}],"version-history":[{"count":1,"href":"https:\/\/www.betriebundgewerkschaft-bw.de\/index.php?rest_route=\/wp\/v2\/posts\/2021\/revisions"}],"predecessor-version":[{"id":2022,"href":"https:\/\/www.betriebundgewerkschaft-bw.de\/index.php?rest_route=\/wp\/v2\/posts\/2021\/revisions\/2022"}],"wp:attachment":[{"href":"https:\/\/www.betriebundgewerkschaft-bw.de\/index.php?rest_route=%2Fwp%2Fv2%2Fmedia&parent=2021"}],"wp:term":[{"taxonomy":"category","embeddable":true,"href":"https:\/\/www.betriebundgewerkschaft-bw.de\/index.php?rest_route=%2Fwp%2Fv2%2Fcategories&post=2021"},{"taxonomy":"post_tag","embeddable":true,"href":"https:\/\/www.betriebundgewerkschaft-bw.de\/index.php?rest_route=%2Fwp%2Fv2%2Ftags&post=2021"}],"curies":[{"name":"wp","href":"https:\/\/api.w.org\/{rel}","templated":true}]}}