{"id":1958,"date":"2019-09-11T17:55:43","date_gmt":"2019-09-11T15:55:43","guid":{"rendered":"https:\/\/www.betriebundgewerkschaft-bw.de\/?p=1958"},"modified":"2019-09-11T18:03:10","modified_gmt":"2019-09-11T16:03:10","slug":"guenter-busch-fasst-parlamentarische-perspektiven-zusammen-die-sich-in-kahrs-wahlanalysen-verbergen","status":"publish","type":"post","link":"https:\/\/www.betriebundgewerkschaft-bw.de\/?p=1958","title":{"rendered":"G\u00fcnter Busch fasst parlamentarische Perspektiven zusammen, die sich in Kahrs Wahlanalysen verbergen"},"content":{"rendered":"<div id=\"attachment_1959\" style=\"width: 260px\" class=\"wp-caption alignright\"><img aria-describedby=\"caption-attachment-1959\" loading=\"lazy\" class=\"size-medium wp-image-1959\" src=\"https:\/\/www.betriebundgewerkschaft-bw.de\/wp-content\/uploads\/2019\/09\/guenter-busch-sw-250x246.png\" alt=\"\" width=\"250\" height=\"246\" srcset=\"https:\/\/www.betriebundgewerkschaft-bw.de\/wp-content\/uploads\/2019\/09\/guenter-busch-sw-250x246.png 250w, https:\/\/www.betriebundgewerkschaft-bw.de\/wp-content\/uploads\/2019\/09\/guenter-busch-sw-768x755.png 768w, https:\/\/www.betriebundgewerkschaft-bw.de\/wp-content\/uploads\/2019\/09\/guenter-busch-sw-407x400.png 407w\" sizes=\"(max-width: 250px) 100vw, 250px\" \/><p id=\"caption-attachment-1959\" class=\"wp-caption-text\">G\u00fcnter Busch, ver.di-Landesbereichs-leiter Gesundheit und Kirchen i.R.<\/p><\/div>\n<h2><span style=\"font-size: medium;\"><b>Horst Kahrs: Ein neuer Zyklus der deutschen parlamentarischen Demokratie<\/b><\/span><\/h2>\n<p>In &#8222;Wahlnachtanalysen&#8220; versteckt Horst Kahrs (Rosa-Luxemburg-Stiftung) Erkenntnisse. G\u00fcnter hat diese zusammengefasst. Mittelfristig k\u00f6nnen diese Erkenntnisse auch Einfluss auf das Verh\u00e4ltnis zwischen der Linken und Gewerkschaften nehmen.<\/p>\n<h4><b>Thesen<\/b><\/h4>\n<ol>\n<li><span style=\"font-size: medium;\">Die AFD wird auf Dauer in den Parlamenten vertreten sein<\/span><\/li>\n<li><span style=\"font-size: medium;\">Die AFD ist keine reine Protestpartei mehr. Sie wird auch wegen ihrer Inhalte und ihres politischen Stils gew\u00e4hlt<\/span><\/li>\n<li><span style=\"font-size: medium;\"><span style=\"font-size: medium;\">Die AFD kann in Ost und West auf l\u00e4ngerfristig wirkende und l\u00e4nger zur\u00fcckreichende nationalistische, v\u00f6lkische und rassistische Mentalit\u00e4ten zur\u00fcckgreifen<br \/>\n<\/span><\/span><!--more--><\/li>\n<li><span style=\"font-size: medium;\">Die AFD ist die erste erfolgreiche gesamtdeutsche Parteigr\u00fcndung und nicht nur ein Ostph\u00e4nomen. Auch in BaW\u00fc ist sie z.B. stark. Unterschiedliche Auspr\u00e4gungen dieser Partei in Ost und West sind Folge unterschiedlicher wirtschaftlicher Entwicklungen (Wirtschaftswunder), unterschiedlicher Formen der Verarbeitung des Nationalsozialismus (staatlich und zivilgesellschaftlich) und den Nach-Wende-Erfahrungen im Osten. Die Radikalisierung der AFD im Osten f\u00fchrt dort nicht zu einer Distanzierung, k\u00f6nnte im Westen aber zu Stimmenverlusten f\u00fchren.<\/span><\/li>\n<li><span style=\"font-size: medium;\">Bei der AFD wird bei wiederholtem Einzug in die Parlamente der reine Protesteffekt abnehmen und die Forderung zunehmen, zu liefern. Diskussionen um Koalitionen mit der AFD werden daher zunehmen.<\/span><\/li>\n<li><span style=\"font-size: medium;\">Die PDS war eine linke, ostdeutsche Regionalpartei. Mit der Bildung der Linken endete der nur regionale Bezugspunkt. Mit den Zuw\u00e4chsen im Westen verlor die Linke ihre Funktion als Ostpartei.<\/span><\/li>\n<li><span style=\"font-size: medium;\">Es gibt keine dominierenden Parteien mehr, das Parteiensystem der alten Volksparteien ist zu Ende. Volksparteien als Integrationsinstanz verschiedener Milieus um ein gemeinsames Wertesystem herum gibt es nicht mehr. An ihre Stelle treten Milieuparteien mit einer hohen W\u00e4hlerinstabilit\u00e4t und bei sinkender Parteienbindung der W\u00e4hlerschaft. An die Stelle der Gro\u00dfparteien bilden sich mehrere mittelgro\u00dfe und kleinere Parteien.<\/span><\/li>\n<li><span style=\"font-size: medium;\">Einschub G.B.:<br \/>\n<\/span><span style=\"font-size: medium;\"><br \/>\nZu den mittelgro\u00dfen Parteien geh\u00f6ren perspektivisch:<br \/>\n<\/span><span style=\"font-size: medium;\">CDU\/CSU<br \/>\n<\/span><span style=\"font-size: medium;\">Gr\u00fcne<br \/>\nA<\/span><span style=\"font-size: medium;\">fD<br \/>\n<\/span><span style=\"font-size: medium;\"><span style=\"font-size: medium;\">Bei der SPD ist noch offen, ob sie eher zu den mittelgro\u00dfen oder zu den kleineren geh\u00f6ren wird.<\/span><\/span>&nbsp;<\/p>\n<p><span style=\"font-size: medium;\">Kleinere Parteien:<br \/>\n<\/span><span style=\"font-size: medium;\">Linke<br \/>\n<\/span><span style=\"font-size: medium;\">FDP<br \/>\n<\/span><span style=\"font-size: medium;\">Evt. andere<br \/>\n<\/span><span style=\"font-size: medium;\"><span style=\"font-size: medium;\">Offene Frage: Wie kann die Linke den Status einer mittelgro\u00dfen Partei erreichen?<\/span><\/span>&nbsp;<\/li>\n<li><span style=\"font-size: medium;\">Die Ver\u00e4nderungen im Parteiensystem haben Folgen f\u00fcr die Bildung von Koalitionen. Das Modell: Eine Volkspartei plus eine kleinere Partei hat ausgedient. Koalitionen zweier mittelgro\u00dfer bzw. mehrerer Parteien werden zur Regel.<br \/>\n<\/span><span style=\"font-size: medium;\">Das hat auch Folgen f\u00fcr die Inhalte von Koalitionsvereinbarungen und f\u00fcr deren Regierungshandeln. Keine Partei kann mehr die Inhalte dominieren. Es droht ein Verlust von Unterscheidbarkeit. Eine so entstehende neue Un\u00fcbersichtlichkeit macht es populistischen Str\u00f6mungen leichter, ihre Sicht der Dinge gegen das \u201apolitische Establishment\u2018 in Stellung zu bringen.<\/span><\/li>\n<li><span style=\"font-size: medium;\">Die neue Un\u00fcbersichtlichkeit und die Unklarheit \u00fcber m\u00f6gliche Wahlausg\u00e4nge und Regierungsbildungen vermindern taktisches Wahlverhalten. Wenn man nicht wei\u00df, welche Folgen eine taktische Stimmabgabe hat, wird eher eine Partei mit N\u00e4he zu eigener Positionierung gew\u00e4hlt. Das f\u00f6rdert klarere Positionierungen und Unterscheidbarkeiten von Parteien.<\/span><\/li>\n<\/ol>\n<p><span style=\"font-size: medium;\">G\u00fcnter Busch<\/span><\/p>\n<p><span style=\"font-size: medium;\">Reutlingen, 5.9.19<\/span><\/p>\n<div class=\"pdfprnt-buttons pdfprnt-buttons-post pdfprnt-bottom-right\"><a href=\"https:\/\/www.betriebundgewerkschaft-bw.de\/index.php?rest_route=wpv2posts1958&print=pdf\" class=\"pdfprnt-button pdfprnt-button-pdf\" target=\"_blank\"><img src=\"https:\/\/www.betriebundgewerkschaft-bw.de\/wp-content\/plugins\/pdf-print\/images\/pdf.png\" alt=\"image_pdf\" title=\"PDF anzeigen\" \/><\/a><a href=\"https:\/\/www.betriebundgewerkschaft-bw.de\/index.php?rest_route=wpv2posts1958&print=print\" class=\"pdfprnt-button pdfprnt-button-print\" target=\"_blank\"><img src=\"https:\/\/www.betriebundgewerkschaft-bw.de\/wp-content\/plugins\/pdf-print\/images\/print.png\" alt=\"image_print\" title=\"Inhalt drucken\" \/><\/a><\/div>","protected":false},"excerpt":{"rendered":"<p>Horst Kahrs: Ein neuer Zyklus der deutschen parlamentarischen Demokratie In &#8222;Wahlnachtanalysen&#8220; versteckt Horst Kahrs (Rosa-Luxemburg-Stiftung) Erkenntnisse. G\u00fcnter hat diese zusammengefasst. Mittelfristig k\u00f6nnen diese Erkenntnisse auch Einfluss auf das Verh\u00e4ltnis zwischen der Linken und Gewerkschaften nehmen. Thesen Die AFD wird auf Dauer in den Parlamenten vertreten sein Die AFD ist keine reine Protestpartei mehr. Sie wird [&hellip;]<\/p>\n","protected":false},"author":13,"featured_media":0,"comment_status":"open","ping_status":"open","sticky":false,"template":"","format":"standard","meta":[],"categories":[107,1],"tags":[],"_links":{"self":[{"href":"https:\/\/www.betriebundgewerkschaft-bw.de\/index.php?rest_route=\/wp\/v2\/posts\/1958"}],"collection":[{"href":"https:\/\/www.betriebundgewerkschaft-bw.de\/index.php?rest_route=\/wp\/v2\/posts"}],"about":[{"href":"https:\/\/www.betriebundgewerkschaft-bw.de\/index.php?rest_route=\/wp\/v2\/types\/post"}],"author":[{"embeddable":true,"href":"https:\/\/www.betriebundgewerkschaft-bw.de\/index.php?rest_route=\/wp\/v2\/users\/13"}],"replies":[{"embeddable":true,"href":"https:\/\/www.betriebundgewerkschaft-bw.de\/index.php?rest_route=%2Fwp%2Fv2%2Fcomments&post=1958"}],"version-history":[{"count":4,"href":"https:\/\/www.betriebundgewerkschaft-bw.de\/index.php?rest_route=\/wp\/v2\/posts\/1958\/revisions"}],"predecessor-version":[{"id":1963,"href":"https:\/\/www.betriebundgewerkschaft-bw.de\/index.php?rest_route=\/wp\/v2\/posts\/1958\/revisions\/1963"}],"wp:attachment":[{"href":"https:\/\/www.betriebundgewerkschaft-bw.de\/index.php?rest_route=%2Fwp%2Fv2%2Fmedia&parent=1958"}],"wp:term":[{"taxonomy":"category","embeddable":true,"href":"https:\/\/www.betriebundgewerkschaft-bw.de\/index.php?rest_route=%2Fwp%2Fv2%2Fcategories&post=1958"},{"taxonomy":"post_tag","embeddable":true,"href":"https:\/\/www.betriebundgewerkschaft-bw.de\/index.php?rest_route=%2Fwp%2Fv2%2Ftags&post=1958"}],"curies":[{"name":"wp","href":"https:\/\/api.w.org\/{rel}","templated":true}]}}