{"id":1949,"date":"2019-09-03T15:06:13","date_gmt":"2019-09-03T13:06:13","guid":{"rendered":"https:\/\/www.betriebundgewerkschaft-bw.de\/?p=1949"},"modified":"2019-09-03T15:06:13","modified_gmt":"2019-09-03T13:06:13","slug":"pressemitteilung-des-bundesverbandes-privater-anbieter-sozialer-dienste-e-v-bpa-linken-chef-zeigt-unkenntnis-ueber-pflegesituation","status":"publish","type":"post","link":"https:\/\/www.betriebundgewerkschaft-bw.de\/?p=1949","title":{"rendered":"Pressemitteilung des Bundesverbandes privater Anbieter sozialer Dienste e.V. (bpa): &#8222;Linken-Chef zeigt Unkenntnis \u00fcber Pflegesituation&#8220;"},"content":{"rendered":"<div id=\"attachment_858\" style=\"width: 210px\" class=\"wp-caption alignright\"><img aria-describedby=\"caption-attachment-858\" loading=\"lazy\" class=\"size-medium wp-image-858\" src=\"https:\/\/www.betriebundgewerkschaft-bw.de\/wp-content\/uploads\/2012\/12\/Riexinger-200x300.jpg\" alt=\"\" width=\"200\" height=\"300\" srcset=\"https:\/\/www.betriebundgewerkschaft-bw.de\/wp-content\/uploads\/2012\/12\/Riexinger-200x300.jpg 200w, https:\/\/www.betriebundgewerkschaft-bw.de\/wp-content\/uploads\/2012\/12\/Riexinger-266x400.jpg 266w, https:\/\/www.betriebundgewerkschaft-bw.de\/wp-content\/uploads\/2012\/12\/Riexinger.jpg 1700w\" sizes=\"(max-width: 200px) 100vw, 200px\" \/><p id=\"caption-attachment-858\" class=\"wp-caption-text\">In der Kritik: Bernd Riexinger<\/p><\/div>\n<h1 id=\"\">bpa-Pr\u00e4sident Meurer: Pflegekr\u00e4fte bleiben im Durchschnitt mehr als 19 Jahre im Beruf<\/h1>\n<p>&#8222;Die \u00c4u\u00dferungen von Bernd Riexinger demonstrieren offen seine Unkenntnis der Situation in der Pflege und besch\u00e4digen den Ruf des Pflegeberufs. Sie sind kein Beitrag zur L\u00f6sung der akuten Versorgungsprobleme.&#8220; Mit diesen Worten kommentiert Bernd Meurer, Pr\u00e4sident des Bundesverbandes privater Anbieter sozialer Dienste e.V. (bpa) die Behauptung von Bernd Riexinger, Vorsitzender der Partei Die Linke, Pflegekr\u00e4fte w\u00fcrden aufgrund der Arbeitsbedingungen ihren Job im Schnitt nach f\u00fcnf Jahren aufgeben oder ihre Arbeitszeit reduzieren.<\/p>\n<p>&#8222;Wie kommt Herr Riexinger zu solchen Angaben?&#8220;, fragt bpa-Pr\u00e4sident Meurer. &#8222;Denn wenn diese richtig w\u00e4ren, w\u00fcrden j\u00e4hrlich 20 Prozent der Altenpfleger, also mehr als 100.000 Personen, ihre Besch\u00e4ftigung aufgeben. Die Realit\u00e4t ist aber eine andere. Zwischen 1999 und 2015 hat sich die Zahl der Pflegefachkr\u00e4fte in den Pflegediensten und Pflegeheimen um rund 77 Prozent erh\u00f6ht. Und in den vergangenen drei Jahren stieg die Besch\u00e4ftigtenzahl in den Pflegeeinrichtungen um \u00fcber 100.000.&#8220; Au\u00dferdem ergebe sich aus der Antwort der Bundesregierung auf eine Kleine Anfrage von Riexingers eigener Bundestagsfraktion, dass Altenpflegefachkr\u00e4fte im Durchschnitt mehr als 19 Jahre im Beruf bleiben.<!--more--><\/p>\n<p>Zu den Vorschl\u00e4gen Riexingers nach besserer Bezahlung der Pflegekr\u00e4fte sagt der bpa-Pr\u00e4sident: &#8222;Wir sind f\u00fcr eine bessere Bezahlung. Zur Wahrheit geh\u00f6rt dann aber auch, zu sagen, dass automatisch die pflegebed\u00fcrftigen Menschen mehr zahlen m\u00fcssen.&#8220; Und Meurer f\u00fcgt hinzu: &#8222;Einen Beruf wertet man nicht durch die Wiederholung von Behauptungen auf, sondern durch eine ehrliche Darstellung des Erreichten und ein gemeinsames Streben nach weiteren Verbesserungen.&#8220;<\/p>\n<p>Der Bundesverband privater Anbieter sozialer Dienste e. V. (bpa) bildet mit mehr als 11.000 aktiven Mitgliedseinrichtungen die gr\u00f6\u00dfte Interessenvertretung privater Anbieter sozialer Dienstleistungen in Deutschland. Einrichtungen der ambulanten und (teil-)station\u00e4ren Pflege, der Behindertenhilfe und der Kinder- und Jugendhilfe in privater Tr\u00e4gerschaft sind im bpa organisiert. Die Mitglieder des bpa tragen die Verantwortung f\u00fcr rund 335.000 Arbeitspl\u00e4tze und circa 25.000 Ausbildungspl\u00e4tze (siehe www.youngpropflege.de oder auch www.facebook.com\/Youngpropflege). Die Investitionen in die pflegerische Infrastruktur liegen bei etwa 26,6 Milliarden Euro.<\/p>\n<p>OTS: bpa &#8211; Bundesverband privater Anbieter sozialer Dienste e.V. newsroom: http:\/\/www.presseportal.de\/nr\/17920 newsroom via RSS: http:\/\/www.presseportal.de\/rss\/pm_17920.rss2<\/p>\n<p id=\"\">Pressekontakt: F\u00fcr R\u00fcckfragen: Uwe Dolderer, Leiter bpa-Verbandskommunikation, Tel.: 030\/30 87 88 60, www.bpa.de<\/p>\n<div class=\"pdfprnt-buttons pdfprnt-buttons-post pdfprnt-bottom-right\"><a href=\"https:\/\/www.betriebundgewerkschaft-bw.de\/index.php?rest_route=wpv2posts1949&print=pdf\" class=\"pdfprnt-button pdfprnt-button-pdf\" target=\"_blank\"><img src=\"https:\/\/www.betriebundgewerkschaft-bw.de\/wp-content\/plugins\/pdf-print\/images\/pdf.png\" alt=\"image_pdf\" title=\"PDF anzeigen\" \/><\/a><a href=\"https:\/\/www.betriebundgewerkschaft-bw.de\/index.php?rest_route=wpv2posts1949&print=print\" class=\"pdfprnt-button pdfprnt-button-print\" target=\"_blank\"><img src=\"https:\/\/www.betriebundgewerkschaft-bw.de\/wp-content\/plugins\/pdf-print\/images\/print.png\" alt=\"image_print\" title=\"Inhalt drucken\" \/><\/a><\/div>","protected":false},"excerpt":{"rendered":"<p>bpa-Pr\u00e4sident Meurer: Pflegekr\u00e4fte bleiben im Durchschnitt mehr als 19 Jahre im Beruf &#8222;Die \u00c4u\u00dferungen von Bernd Riexinger demonstrieren offen seine Unkenntnis der Situation in der Pflege und besch\u00e4digen den Ruf des Pflegeberufs. Sie sind kein Beitrag zur L\u00f6sung der akuten Versorgungsprobleme.&#8220; Mit diesen Worten kommentiert Bernd Meurer, Pr\u00e4sident des Bundesverbandes privater Anbieter sozialer Dienste e.V. [&hellip;]<\/p>\n","protected":false},"author":13,"featured_media":0,"comment_status":"open","ping_status":"open","sticky":false,"template":"","format":"standard","meta":[],"categories":[108,164],"tags":[],"_links":{"self":[{"href":"https:\/\/www.betriebundgewerkschaft-bw.de\/index.php?rest_route=\/wp\/v2\/posts\/1949"}],"collection":[{"href":"https:\/\/www.betriebundgewerkschaft-bw.de\/index.php?rest_route=\/wp\/v2\/posts"}],"about":[{"href":"https:\/\/www.betriebundgewerkschaft-bw.de\/index.php?rest_route=\/wp\/v2\/types\/post"}],"author":[{"embeddable":true,"href":"https:\/\/www.betriebundgewerkschaft-bw.de\/index.php?rest_route=\/wp\/v2\/users\/13"}],"replies":[{"embeddable":true,"href":"https:\/\/www.betriebundgewerkschaft-bw.de\/index.php?rest_route=%2Fwp%2Fv2%2Fcomments&post=1949"}],"version-history":[{"count":1,"href":"https:\/\/www.betriebundgewerkschaft-bw.de\/index.php?rest_route=\/wp\/v2\/posts\/1949\/revisions"}],"predecessor-version":[{"id":1950,"href":"https:\/\/www.betriebundgewerkschaft-bw.de\/index.php?rest_route=\/wp\/v2\/posts\/1949\/revisions\/1950"}],"wp:attachment":[{"href":"https:\/\/www.betriebundgewerkschaft-bw.de\/index.php?rest_route=%2Fwp%2Fv2%2Fmedia&parent=1949"}],"wp:term":[{"taxonomy":"category","embeddable":true,"href":"https:\/\/www.betriebundgewerkschaft-bw.de\/index.php?rest_route=%2Fwp%2Fv2%2Fcategories&post=1949"},{"taxonomy":"post_tag","embeddable":true,"href":"https:\/\/www.betriebundgewerkschaft-bw.de\/index.php?rest_route=%2Fwp%2Fv2%2Ftags&post=1949"}],"curies":[{"name":"wp","href":"https:\/\/api.w.org\/{rel}","templated":true}]}}