{"id":1930,"date":"2019-09-03T12:04:02","date_gmt":"2019-09-03T10:04:02","guid":{"rendered":"https:\/\/www.betriebundgewerkschaft-bw.de\/?p=1930"},"modified":"2019-10-13T07:11:08","modified_gmt":"2019-10-13T05:11:08","slug":"lese-tipp-machtressourcen-fuer-eine-progressive-transformation-von-der-autorengruppe-forum-gewekschaften","status":"publish","type":"post","link":"https:\/\/www.betriebundgewerkschaft-bw.de\/?p=1930","title":{"rendered":"Pflichtlekt\u00fcre: \u00bbMachtressourcen f\u00fcr eine progressive Transformation\u00ab von der Autorengruppe \u00bbForum Gewekschaften\u00ab"},"content":{"rendered":"<p class=\"bodytext\"><img loading=\"lazy\" class=\"alignleft\" src=\"https:\/\/www.sozialismus.de\/typo3temp\/pics\/e18d865f39.png\" alt=\"\" width=\"200\" height=\"267\" \/>Was k\u00f6nnen Gewerkschaften einbringen?<br \/>\nSozialismus.de Supplement zu Heft 9\u2009\/\u20092019<\/p>\n<p class=\"bodytext subinfo\">56 Seiten | 2019 | EUR 7.00<br \/>\nISBN 978-3-96488-046-8<\/p>\n<p class=\"bodytext\">\u00bbWarum bringen Mobilisierung und Selbstaktivierung nicht zusammen, was durchaus zusammenpasst? Die Mosaik-Linke gl\u00e4nzt in schillernden Farben, aber aus den zahlreichen Widerstandsgeschichten entsteht bislang keine verbindende Erz\u00e4hlung. Warum f\u00e4llt Zusammenhangsdenken so schwer? Warum ist der naheliegende politische Mobilisierungszusammenhang \u2013 Probleme aufgreifen, Interessen zur Sprache bringen, Gemeinsamkeiten herauszuarbeiten, gemeinsame Perspektiven entwickeln \u2013 so schwer zu bearbeiten? Die Fragmentierung von Zivil- und Arbeitswelt kann nur in sich \u00fcberschneidenden, Wagenburgen aufl\u00f6senden politischen Erfahrungswelten \u00fcberwunden werden.<\/p>\n<p class=\"bodytext\">Wo gibt es Ansatzpunkte, das zu \u00e4ndern? Wir k\u00f6nnen dies nicht f\u00fcr die Vielzahl der sozialen Bewegungen beantworten. <!--more--><\/p>\n<p class=\"bodytext\">Das kann nur durch eine breite Debatte geschehen, in die sich alle progressiven Kr\u00e4fte einbringen. Eine solche Debatte ist \u00fcberf\u00e4llig. (&#8230;)<\/p>\n<p class=\"bodytext\">Wir konzentrieren uns darauf, wie es um die Machtressourcen der Gewerkschaften bestellt ist. Die Gewerkschaften sind weiterhin die entscheidende Interessenvertretung abh\u00e4ngig Besch\u00e4ftigter: \u203aDas einzige, was wir haben\u2039, gerade in Krisenzeiten. Angesichts der fortgeschritteneren Diskreditierung der politischen Parteien ist ihr politisches Mandat unerl\u00e4sslich. Es geht uns darum, defensive Schranken und progressive Potenziale der Gewerkschaften auszuloten \u2013 f\u00fcr Wunschkataloge in der Rhetorik des \u203aman sollte\u2039 und \u203aman m\u00fcsste\u2039 ist in der Transformationskrise keine Zeit.\u00ab<\/p>\n<p class=\"blue\"><b>Inhalt<\/b><\/p>\n<p class=\"bodytext\">1. Aufbruch<\/p>\n<p class=\"bodytext\">2. Machtdimensionen kollektiven Handelns<br \/>\n2.1 Gewerkschaftliche Machtressourcen im \u00dcberblick<br \/>\n2.2 Gemeinsam stark \u2013 Ausblicke nach Europa<br \/>\n2.3 Deutschland: von der institutionellen zur sektoralen Pr\u00e4gung<\/p>\n<p class=\"bodytext\">3. Organisationsmacht: beschleunigte Erosion \u2013 aber Licht am Ende des Tunnels?<\/p>\n<p class=\"bodytext\">4. Institutionelle Macht: Aufk\u00fcndigung der Sozialpartnerschaft<\/p>\n<p class=\"bodytext\">5. Verteilungsbilanzen \u2013 ein Paradoxon?<\/p>\n<p class=\"bodytext\">6. Strukturelle Machtressourcen \u2013 der deutsche Sonderweg nach der Gro\u00dfen Krise<\/p>\n<p class=\"bodytext\">7. Progressiver Korporatismus als Machtressource?<\/p>\n<p class=\"bodytext\">8. R\u00fcckschl\u00e4ge<\/p>\n<p class=\"bodytext\">9. Erneuerung<\/p>\n<p class=\"blue\"><b>Forum Gewerkschaften<\/b><\/p>\n<p class=\"bodytext\">Das <b>Forum Gewerkschaften<\/b> ist ein Diskussionszusammenhang von Gewerkschafter*innen und Wissenschaftler*innen und Beirat der Zeitschrift Sozialismus.de. Mitglieder des Forum sind: Heinz Bierbaum, Ulrich Brinkmann, G\u00fcnter Busch, Frank Deppe, Richard Detje, Christoph \u00adEhlscheid, Michael Erhardt, Klaus Peter Kisker, Dieter Knau\u00df, J\u00f6rg \u00adK\u00f6hlinger, Otto K\u00f6nig, Klaus Pickshaus, Lilo \u00adRade\u00ad\u00ad\u00ad\u00ad\u00adma\u00adcher, Sabine Reiner, Bernd Riexinger, Heidi Scharf, Manfred \u00adScherbaum, Michael Schlecht, Gabriele Schmidt, Horst Schmitthenner, Sybille Stamm, Hans-J\u00fcrgen Urban, Gerhard Wick, J\u00f6rg Wiedemuth<br \/>\nKontaktadresse: redaktion@sozialismus.de<\/p>\n<div class=\"pdfprnt-buttons pdfprnt-buttons-post pdfprnt-bottom-right\"><a href=\"https:\/\/www.betriebundgewerkschaft-bw.de\/index.php?rest_route=wpv2posts1930&print=pdf\" class=\"pdfprnt-button pdfprnt-button-pdf\" target=\"_blank\"><img src=\"https:\/\/www.betriebundgewerkschaft-bw.de\/wp-content\/plugins\/pdf-print\/images\/pdf.png\" alt=\"image_pdf\" title=\"PDF anzeigen\" \/><\/a><a href=\"https:\/\/www.betriebundgewerkschaft-bw.de\/index.php?rest_route=wpv2posts1930&print=print\" class=\"pdfprnt-button pdfprnt-button-print\" target=\"_blank\"><img src=\"https:\/\/www.betriebundgewerkschaft-bw.de\/wp-content\/plugins\/pdf-print\/images\/print.png\" alt=\"image_print\" title=\"Inhalt drucken\" \/><\/a><\/div>","protected":false},"excerpt":{"rendered":"<p>Was k\u00f6nnen Gewerkschaften einbringen? Sozialismus.de Supplement zu Heft 9\u2009\/\u20092019 56 Seiten | 2019 | EUR 7.00 ISBN 978-3-96488-046-8 \u00bbWarum bringen Mobilisierung und Selbstaktivierung nicht zusammen, was durchaus zusammenpasst? Die Mosaik-Linke gl\u00e4nzt in schillernden Farben, aber aus den zahlreichen Widerstandsgeschichten entsteht bislang keine verbindende Erz\u00e4hlung. Warum f\u00e4llt Zusammenhangsdenken so schwer? Warum ist der naheliegende politische Mobilisierungszusammenhang [&hellip;]<\/p>\n","protected":false},"author":13,"featured_media":0,"comment_status":"open","ping_status":"open","sticky":false,"template":"","format":"standard","meta":[],"categories":[1],"tags":[],"_links":{"self":[{"href":"https:\/\/www.betriebundgewerkschaft-bw.de\/index.php?rest_route=\/wp\/v2\/posts\/1930"}],"collection":[{"href":"https:\/\/www.betriebundgewerkschaft-bw.de\/index.php?rest_route=\/wp\/v2\/posts"}],"about":[{"href":"https:\/\/www.betriebundgewerkschaft-bw.de\/index.php?rest_route=\/wp\/v2\/types\/post"}],"author":[{"embeddable":true,"href":"https:\/\/www.betriebundgewerkschaft-bw.de\/index.php?rest_route=\/wp\/v2\/users\/13"}],"replies":[{"embeddable":true,"href":"https:\/\/www.betriebundgewerkschaft-bw.de\/index.php?rest_route=%2Fwp%2Fv2%2Fcomments&post=1930"}],"version-history":[{"count":4,"href":"https:\/\/www.betriebundgewerkschaft-bw.de\/index.php?rest_route=\/wp\/v2\/posts\/1930\/revisions"}],"predecessor-version":[{"id":2004,"href":"https:\/\/www.betriebundgewerkschaft-bw.de\/index.php?rest_route=\/wp\/v2\/posts\/1930\/revisions\/2004"}],"wp:attachment":[{"href":"https:\/\/www.betriebundgewerkschaft-bw.de\/index.php?rest_route=%2Fwp%2Fv2%2Fmedia&parent=1930"}],"wp:term":[{"taxonomy":"category","embeddable":true,"href":"https:\/\/www.betriebundgewerkschaft-bw.de\/index.php?rest_route=%2Fwp%2Fv2%2Fcategories&post=1930"},{"taxonomy":"post_tag","embeddable":true,"href":"https:\/\/www.betriebundgewerkschaft-bw.de\/index.php?rest_route=%2Fwp%2Fv2%2Ftags&post=1930"}],"curies":[{"name":"wp","href":"https:\/\/api.w.org\/{rel}","templated":true}]}}