{"id":1891,"date":"2019-08-21T15:12:31","date_gmt":"2019-08-21T13:12:31","guid":{"rendered":"https:\/\/www.betriebundgewerkschaft-bw.de\/?p=1891"},"modified":"2019-08-21T15:13:56","modified_gmt":"2019-08-21T13:13:56","slug":"1891-2","status":"publish","type":"post","link":"https:\/\/www.betriebundgewerkschaft-bw.de\/?p=1891","title":{"rendered":"&#8222;Die gr\u00f6\u00dfte Gefahr ist die Frustration&#8220;"},"content":{"rendered":"<h3>Interview mit Tadzio M\u00fcller<\/h3>\n<p>Ein beachtenswertes Interview k\u00f6nnte die Haltegriffe zeigen, an denen wir in m\u00f6glichen zuk\u00fcnftigen B\u00fcndnissen die FfF-Bewegung halten und integrieren k\u00f6nnten. Zwar tauchen in einer Aufz\u00e4hlung die Protagonisten &#8222;abh\u00e4ngig Besch\u00e4ftigte&#8220; oder &#8222;organisierte Lohnabh\u00e4ngige und ihre Gewerkschaften&#8220; nicht auf. Anyway: Die letzte Frage des Interviews lautet:<\/p>\n<h4><strong>. . . Wo siehst du Fridays for Future in f\u00fcnf Jahren?<\/strong><\/h4>\n<p>Als f\u00fchrenden Bestandteil eines gesellschaftlichen B\u00fcndnisses namens &#8222;Unteilbar for Future&#8220;, bei dem Migrantinnen, Feministen, Klimaleute und <a href=\"https:\/\/jungle.world\/artikel\/2017\/01\/die-linke-muss-geil-sein\" target=\"_blank\" rel=\"noopener noreferrer\">queere<\/a> Menschen auf die Stra\u00dfe gehen. Unter der moralischen F\u00fchrung von Fridays for Future werden wir in den n\u00e4chsten Jahren die ersten Schritte in Richtung einer lebenswerten Zukunft gemacht haben.<\/p>\n<p>. . . und hier steht der ganze Artikel: <a href=\"https:\/\/www.klimareporter.de\/protest\/interview-tadzio-mueller\">KLICK<\/a><\/p>\n<div class=\"pdfprnt-buttons pdfprnt-buttons-post pdfprnt-bottom-right\"><a href=\"https:\/\/www.betriebundgewerkschaft-bw.de\/index.php?rest_route=wpv2posts1891&print=pdf\" class=\"pdfprnt-button pdfprnt-button-pdf\" target=\"_blank\"><img src=\"https:\/\/www.betriebundgewerkschaft-bw.de\/wp-content\/plugins\/pdf-print\/images\/pdf.png\" alt=\"image_pdf\" title=\"PDF anzeigen\" \/><\/a><a href=\"https:\/\/www.betriebundgewerkschaft-bw.de\/index.php?rest_route=wpv2posts1891&print=print\" class=\"pdfprnt-button pdfprnt-button-print\" target=\"_blank\"><img src=\"https:\/\/www.betriebundgewerkschaft-bw.de\/wp-content\/plugins\/pdf-print\/images\/print.png\" alt=\"image_print\" title=\"Inhalt drucken\" \/><\/a><\/div>","protected":false},"excerpt":{"rendered":"<p>Interview mit Tadzio M\u00fcller Ein beachtenswertes Interview k\u00f6nnte die Haltegriffe zeigen, an denen wir in m\u00f6glichen zuk\u00fcnftigen B\u00fcndnissen die FfF-Bewegung halten und integrieren k\u00f6nnten. Zwar tauchen in einer Aufz\u00e4hlung die Protagonisten &#8222;abh\u00e4ngig Besch\u00e4ftigte&#8220; oder &#8222;organisierte Lohnabh\u00e4ngige und ihre Gewerkschaften&#8220; nicht auf. Anyway: Die letzte Frage des Interviews lautet: . . . Wo siehst du Fridays [&hellip;]<\/p>\n","protected":false},"author":13,"featured_media":0,"comment_status":"open","ping_status":"open","sticky":false,"template":"","format":"standard","meta":[],"categories":[1],"tags":[],"_links":{"self":[{"href":"https:\/\/www.betriebundgewerkschaft-bw.de\/index.php?rest_route=\/wp\/v2\/posts\/1891"}],"collection":[{"href":"https:\/\/www.betriebundgewerkschaft-bw.de\/index.php?rest_route=\/wp\/v2\/posts"}],"about":[{"href":"https:\/\/www.betriebundgewerkschaft-bw.de\/index.php?rest_route=\/wp\/v2\/types\/post"}],"author":[{"embeddable":true,"href":"https:\/\/www.betriebundgewerkschaft-bw.de\/index.php?rest_route=\/wp\/v2\/users\/13"}],"replies":[{"embeddable":true,"href":"https:\/\/www.betriebundgewerkschaft-bw.de\/index.php?rest_route=%2Fwp%2Fv2%2Fcomments&post=1891"}],"version-history":[{"count":3,"href":"https:\/\/www.betriebundgewerkschaft-bw.de\/index.php?rest_route=\/wp\/v2\/posts\/1891\/revisions"}],"predecessor-version":[{"id":1894,"href":"https:\/\/www.betriebundgewerkschaft-bw.de\/index.php?rest_route=\/wp\/v2\/posts\/1891\/revisions\/1894"}],"wp:attachment":[{"href":"https:\/\/www.betriebundgewerkschaft-bw.de\/index.php?rest_route=%2Fwp%2Fv2%2Fmedia&parent=1891"}],"wp:term":[{"taxonomy":"category","embeddable":true,"href":"https:\/\/www.betriebundgewerkschaft-bw.de\/index.php?rest_route=%2Fwp%2Fv2%2Fcategories&post=1891"},{"taxonomy":"post_tag","embeddable":true,"href":"https:\/\/www.betriebundgewerkschaft-bw.de\/index.php?rest_route=%2Fwp%2Fv2%2Ftags&post=1891"}],"curies":[{"name":"wp","href":"https:\/\/api.w.org\/{rel}","templated":true}]}}