{"id":1881,"date":"2019-08-21T14:42:05","date_gmt":"2019-08-21T12:42:05","guid":{"rendered":"https:\/\/www.betriebundgewerkschaft-bw.de\/?p=1881"},"modified":"2019-08-21T14:45:10","modified_gmt":"2019-08-21T12:45:10","slug":"wir-brauchen-eine-soziale-gemeindewirtschaftssteuer","status":"publish","type":"post","link":"https:\/\/www.betriebundgewerkschaft-bw.de\/?p=1881","title":{"rendered":"Wir brauchen eine soziale Gemeindewirtschaftssteuer!"},"content":{"rendered":"<h3>Pressemitteilung der Linken in Baden-W\u00fcrttemberg<\/h3>\n<p>Eine aktuelle Analyse der Beratungsfirma Ernst &amp; Young ergab, dass die Gemeinden in Baden-W\u00fcrttemberg nur selten ihre kommunalen Steuern erh\u00f6hen w\u00fcrden. Der Grundsteuersatz wurde lediglich in 8% der Kommunen in Baden-W\u00fcrttemberg, bundesweit aber 11%, angezogen. Der Gewerbesteuersatz liegt noch drunter bei 3% im L\u00e4ndle, im Gegensatz zu 8% der Kommunen bundesweit.<\/p>\n<h4><img loading=\"lazy\" class=\"alignright wp-image-1883 size-thumbnail\" src=\"https:\/\/www.betriebundgewerkschaft-bw.de\/wp-content\/uploads\/2019\/08\/Foto_Sahra-Mirow-100x130.jpg\" alt=\"\" width=\"100\" height=\"130\" \/>Dazu Landessprecherin und Heidelberger Stadtr\u00e4tin Sahra Mirow:<\/h4>\n<p>\u201eDie St\u00e4dte und Gemeinden in Baden-W\u00fcrttemberg heben ihre kommunalen Steuern nur leicht an. Gerade in Bezug auf die Grundsteuer, die f\u00fcr gew\u00f6hnlich einfach auf die Mieterinnen und Mieter umgelegt wird, ist das sehr erfreulich. Besser w\u00e4re es aber, die Gewerbesteuer endlich weiterzuentwickeln \u2013 hin zu einer Gemeindewirtschaftssteuer.<\/p>\n<p><!--more-->Mit unserem Konzept w\u00fcrden auch alle selbstst\u00e4ndigen T\u00e4tigkeiten mit Ausnahme der Land- und Forstwirtschaft erfasst werden. Dadurch w\u00fcrde die Erhebungsgrundlage deutlich ausgeweitet werden. Im Gegenzug wollen wir durch einen erh\u00f6hten Freibetrag von 30.000 Euro insbesondere kleine Unternehmen entlasten.\u201c<\/p>\n<h4><img loading=\"lazy\" class=\"alignright size-thumbnail wp-image-1882\" src=\"https:\/\/www.betriebundgewerkschaft-bw.de\/wp-content\/uploads\/2019\/08\/Foto_Bernhard-Strasdeit-100x130.jpg\" alt=\"\" width=\"100\" height=\"130\" \/>Bernhard Strasdeit, Landesgesch\u00e4ftsf\u00fchrer und Kreisrat in T\u00fcbingen erg\u00e4nzt:<\/h4>\n<p>\u201eDie Weiterentwicklung der Gewerbesteuer wird endlich Zeit. Schlie\u00dflich ist sie in hohem Ma\u00dfe konjunkturell abh\u00e4ngig, was die Kommunen regelm\u00e4\u00dfig vor finanzielle Schwankungen stellt. Zudem werden die Kommunen finanziell sehr unterschiedlich ausgestattet, w\u00e4hrend gleichzeitig immer mehr Aufgaben bei ihnen aufschlagen, bei denen das Land seiner finanziellen Verpflichtung nur m\u00e4\u00dfig nachkommt. Deswegen ist es n\u00f6tig, dass die St\u00e4dte und Gemeinden ein planbares und verstetigtes finanzielles Fundament erhalten, mit dem sie arbeiten k\u00f6nnen. Die Gemeindewirtschaftssteuer, erg\u00e4nzt durch eine Verm\u00f6genssteuer, die den L\u00e4ndern und Kommunen zu Gute k\u00e4me, kann dies leisten und w\u00e4re ein gro\u00dfer sozialer Fortschritt f\u00fcr Baden-W\u00fcrttemberg!\u201c<\/p>\n<div class=\"pdfprnt-buttons pdfprnt-buttons-post pdfprnt-bottom-right\"><a href=\"https:\/\/www.betriebundgewerkschaft-bw.de\/index.php?rest_route=wpv2posts1881&print=pdf\" class=\"pdfprnt-button pdfprnt-button-pdf\" target=\"_blank\"><img src=\"https:\/\/www.betriebundgewerkschaft-bw.de\/wp-content\/plugins\/pdf-print\/images\/pdf.png\" alt=\"image_pdf\" title=\"PDF anzeigen\" \/><\/a><a href=\"https:\/\/www.betriebundgewerkschaft-bw.de\/index.php?rest_route=wpv2posts1881&print=print\" class=\"pdfprnt-button pdfprnt-button-print\" target=\"_blank\"><img src=\"https:\/\/www.betriebundgewerkschaft-bw.de\/wp-content\/plugins\/pdf-print\/images\/print.png\" alt=\"image_print\" title=\"Inhalt drucken\" \/><\/a><\/div>","protected":false},"excerpt":{"rendered":"<p>Pressemitteilung der Linken in Baden-W\u00fcrttemberg Eine aktuelle Analyse der Beratungsfirma Ernst &amp; Young ergab, dass die Gemeinden in Baden-W\u00fcrttemberg nur selten ihre kommunalen Steuern erh\u00f6hen w\u00fcrden. Der Grundsteuersatz wurde lediglich in 8% der Kommunen in Baden-W\u00fcrttemberg, bundesweit aber 11%, angezogen. Der Gewerbesteuersatz liegt noch drunter bei 3% im L\u00e4ndle, im Gegensatz zu 8% der Kommunen [&hellip;]<\/p>\n","protected":false},"author":13,"featured_media":0,"comment_status":"open","ping_status":"open","sticky":false,"template":"","format":"standard","meta":[],"categories":[1],"tags":[],"_links":{"self":[{"href":"https:\/\/www.betriebundgewerkschaft-bw.de\/index.php?rest_route=\/wp\/v2\/posts\/1881"}],"collection":[{"href":"https:\/\/www.betriebundgewerkschaft-bw.de\/index.php?rest_route=\/wp\/v2\/posts"}],"about":[{"href":"https:\/\/www.betriebundgewerkschaft-bw.de\/index.php?rest_route=\/wp\/v2\/types\/post"}],"author":[{"embeddable":true,"href":"https:\/\/www.betriebundgewerkschaft-bw.de\/index.php?rest_route=\/wp\/v2\/users\/13"}],"replies":[{"embeddable":true,"href":"https:\/\/www.betriebundgewerkschaft-bw.de\/index.php?rest_route=%2Fwp%2Fv2%2Fcomments&post=1881"}],"version-history":[{"count":3,"href":"https:\/\/www.betriebundgewerkschaft-bw.de\/index.php?rest_route=\/wp\/v2\/posts\/1881\/revisions"}],"predecessor-version":[{"id":1886,"href":"https:\/\/www.betriebundgewerkschaft-bw.de\/index.php?rest_route=\/wp\/v2\/posts\/1881\/revisions\/1886"}],"wp:attachment":[{"href":"https:\/\/www.betriebundgewerkschaft-bw.de\/index.php?rest_route=%2Fwp%2Fv2%2Fmedia&parent=1881"}],"wp:term":[{"taxonomy":"category","embeddable":true,"href":"https:\/\/www.betriebundgewerkschaft-bw.de\/index.php?rest_route=%2Fwp%2Fv2%2Fcategories&post=1881"},{"taxonomy":"post_tag","embeddable":true,"href":"https:\/\/www.betriebundgewerkschaft-bw.de\/index.php?rest_route=%2Fwp%2Fv2%2Ftags&post=1881"}],"curies":[{"name":"wp","href":"https:\/\/api.w.org\/{rel}","templated":true}]}}