{"id":1878,"date":"2019-08-20T15:42:36","date_gmt":"2019-08-20T13:42:36","guid":{"rendered":"https:\/\/www.betriebundgewerkschaft-bw.de\/?p=1878"},"modified":"2019-08-20T15:42:36","modified_gmt":"2019-08-20T13:42:36","slug":"ig-metall-im-dialog-mit-fridays-for-future-bewegung","status":"publish","type":"post","link":"https:\/\/www.betriebundgewerkschaft-bw.de\/?p=1878","title":{"rendered":"IG Metall im Dialog mit Fridays for Future-Bewegung"},"content":{"rendered":"<h2 class=\"p\">Klimaschutz und der Einsatz f\u00fcr gute und sichere Arbeitspl\u00e4tze sind kein Widerspruch &#8211; im Gegenteil. Der notwendige \u00f6kologische Umbau der Wirtschaft und der Kampf gegen die drohende Klimakatastrophe werden nur dann gelingen, wenn \u00d6kologie und \u00d6konomie konsequent zusammengedacht wird.<\/h2>\n<section class=\"page-section contentBlock\">\n<div class=\"container--semifluid\">\n<div class=\"component contentBlock__wrapper\">\n<div class=\"row d-flex align-items-stretch teaserGrid-list__slide\">\n<div class=\"col-sm-10 offset-sm-1 col-md-10 offset-md-1 col-lg-8 offset-lg-2\">\n<p>\u201eWir stehen als IG Metall auch in Zukunft in einem engen Austausch mit der <a href=\"https:\/\/fridaysforfuture.de\/\" target=\"_blank\" rel=\"noopener noreferrer\">Fridays for Future<\/a>-Bewegung\u201c, sagte J\u00f6rg Hofmann nach seinem Treffen mit Rhonda Koch und Ferdinand Klemm, verantwortlich f\u00fcr Gewerkschaftskontakte der Bewegung in Berlin. Zusammengekommen war man, um einen Meinungsaustausch zu starten und Vorschl\u00e4ge f\u00fcr eine weitere Zusammenarbeit zu erarbeiten. Diese wird es geben \u2013 denn beide Seiten eint das Ziel, die drohende Klimakatastrophe abzuwenden. \u201eDazu, auch das eint uns, ist es elementar, dass die Ziele des Pariser Klimaschutzabkommens, in dem sich die Welt zu einer drastischen CO2-Reduktion verpflichtet hat, auch eingehalten werden\u201c, so der Erste Vorsitzende der IG Metall.<\/p>\n<section class=\"page-section contentBlock\">\n<div class=\"container--semifluid\">\n<div class=\"component contentBlock__wrapper\">\n<div class=\"row d-flex align-items-stretch teaserGrid-list__slide\">\n<div class=\"col-sm-10 offset-sm-1 col-md-10 offset-md-1 col-lg-8 offset-lg-2\">\n<p>&nbsp;<\/p>\n<\/div>\n<\/div>\n<\/div>\n<\/div>\n<\/section>\n<p><!--more--><\/p>\n<p>&nbsp;<\/p>\n<h2>\u00d6kologischen Umbau sozial und demokratisch gestalten<\/h2>\n<p>Einigkeit besteht auch in einem weiteren Punkt: Klimaschutz darf nicht auf Kosten von Besch\u00e4ftigung gehen. Der \u00f6kologische Umbau der Wirtschaft muss sozial und demokratisch gestaltet werden, Besch\u00e4ftigung und gute Arbeit m\u00fcssen in einer \u00f6kologischen Wirtschaft erhalten und aufgebaut werden. \u201eEs geht um einen \u00f6kologischen, sozialen und demokratischen Wandel unserer Gesellschaft\u201c, so J\u00f6rg Hofmann.<\/p>\n<p class=\"contentBlock__marginale\"><img src=\"https:\/\/www.igmetall.de\/images\/20190816_Dialog_IG_Metall_Fridays_for_Future.jpg\" alt=\"\" \/><\/p>\n<p>Von Links: Enrico Wiesner (Gesamt- Jugend- und Auszubildendenvertreter bei der Siemens AG), J\u00f6rg Hofmann (Erster Vorsitzender der IG Metall), Rhonda Koch (Fridays for Future Berlin), Ferdinand Klemm (Fridays for Future Regensburg) Janett Kampf (IG Metall)<\/p>\n<p>Welche Schritte zur Erreichung dieses Ziels dazu im Einzelnen notwendig, auf welchem Weg und in welcher Geschwindigkeit die Zwischenziele bis 2050 erreichbar sind \u2013 dar\u00fcber, und auch das wurde beim Gespr\u00e4ch deutlich, gibt es durchaus unterschiedliche Sichtweisen. So w\u00fcrde es aus Sicht der IG Metall zu massiven Besch\u00e4ftigungsproblemen f\u00fchren, sollte schon 2035, wie Fridays for Future fordert, CO2-Neutralit\u00e4t erreicht werden m\u00fcssen. Das Pariser Klimaschutzabkommen zielt bei diesem Ziel auf 2050. \u201eJenseits dieser Unterschiede besteht aber eine gro\u00dfe Bereitschaft, gemeinsam f\u00fcr konkrete Ma\u00dfnahmen zur Verbesserung des Klimaschutzes einzutreten\u201c, so J\u00f6rg Hofmann.<\/p>\n<h2>\nWeitere Zusammenarbeit vor Ort<\/h2>\n<p>Zu diesen konkreten Ma\u00dfnahmen etwa z\u00e4hlt die Forderung der Vertreter der Fridays for Future-Bewegung, dass Sch\u00fcler, Studenten und Auszubildende k\u00fcnftig kostenlos mit \u00f6ffentlichen Verkehrsmitteln fahren k\u00f6nnen. Hierzu, sowie zu weiteren konkreten Ma\u00dfnahmen, die dem Klimaschutz dienen, soll insbesondere vor Ort die Zusammenarbeit zwischen IG Metall und Fridays for Future erfolgen. In Berlin wurde dazu eine weiterf\u00fchrende direkte Kommunikation zwischen der IG Metall und Vertretern der Bewegung besprochen. Gute Kontakte bestehen daneben auch zwischen der IG Metall Jugend und der Fridays for Future-Bewegung.<\/p>\n<p>Schon im Juli beschlossen IG Metall, der Bund f\u00fcr Umwelt- und Naturschutz Deutschland (BUND) sowie der Naturschutzbund Deutschland (Nabu) eine gemeinsamen Initiative \u201eDie Klima- und Mobilit\u00e4tswende gestalten\u201c. Um Druck f\u00fcr eine soziale, \u00f6kologische und demokratische Transformation zu machen, braucht es breite Mehrheiten in der Zivilgesellschaft. Auch daher, so J\u00f6rg Hofmann, ist ein konstruktives Miteinander mit der Bewegung Fridays for Future geboten.<\/p>\n<\/div>\n<\/div>\n<\/div>\n<\/div>\n<\/section>\n<div class=\"pdfprnt-buttons pdfprnt-buttons-post pdfprnt-bottom-right\"><a href=\"https:\/\/www.betriebundgewerkschaft-bw.de\/index.php?rest_route=wpv2posts1878&print=pdf\" class=\"pdfprnt-button pdfprnt-button-pdf\" target=\"_blank\"><img src=\"https:\/\/www.betriebundgewerkschaft-bw.de\/wp-content\/plugins\/pdf-print\/images\/pdf.png\" alt=\"image_pdf\" title=\"PDF anzeigen\" \/><\/a><a href=\"https:\/\/www.betriebundgewerkschaft-bw.de\/index.php?rest_route=wpv2posts1878&print=print\" class=\"pdfprnt-button pdfprnt-button-print\" target=\"_blank\"><img src=\"https:\/\/www.betriebundgewerkschaft-bw.de\/wp-content\/plugins\/pdf-print\/images\/print.png\" alt=\"image_print\" title=\"Inhalt drucken\" \/><\/a><\/div>","protected":false},"excerpt":{"rendered":"<p>Klimaschutz und der Einsatz f\u00fcr gute und sichere Arbeitspl\u00e4tze sind kein Widerspruch &#8211; im Gegenteil. Der notwendige \u00f6kologische Umbau der Wirtschaft und der Kampf gegen die drohende Klimakatastrophe werden nur dann gelingen, wenn \u00d6kologie und \u00d6konomie konsequent zusammengedacht wird. \u201eWir stehen als IG Metall auch in Zukunft in einem engen Austausch mit der Fridays for [&hellip;]<\/p>\n","protected":false},"author":13,"featured_media":0,"comment_status":"open","ping_status":"open","sticky":false,"template":"","format":"standard","meta":[],"categories":[1],"tags":[],"_links":{"self":[{"href":"https:\/\/www.betriebundgewerkschaft-bw.de\/index.php?rest_route=\/wp\/v2\/posts\/1878"}],"collection":[{"href":"https:\/\/www.betriebundgewerkschaft-bw.de\/index.php?rest_route=\/wp\/v2\/posts"}],"about":[{"href":"https:\/\/www.betriebundgewerkschaft-bw.de\/index.php?rest_route=\/wp\/v2\/types\/post"}],"author":[{"embeddable":true,"href":"https:\/\/www.betriebundgewerkschaft-bw.de\/index.php?rest_route=\/wp\/v2\/users\/13"}],"replies":[{"embeddable":true,"href":"https:\/\/www.betriebundgewerkschaft-bw.de\/index.php?rest_route=%2Fwp%2Fv2%2Fcomments&post=1878"}],"version-history":[{"count":1,"href":"https:\/\/www.betriebundgewerkschaft-bw.de\/index.php?rest_route=\/wp\/v2\/posts\/1878\/revisions"}],"predecessor-version":[{"id":1879,"href":"https:\/\/www.betriebundgewerkschaft-bw.de\/index.php?rest_route=\/wp\/v2\/posts\/1878\/revisions\/1879"}],"wp:attachment":[{"href":"https:\/\/www.betriebundgewerkschaft-bw.de\/index.php?rest_route=%2Fwp%2Fv2%2Fmedia&parent=1878"}],"wp:term":[{"taxonomy":"category","embeddable":true,"href":"https:\/\/www.betriebundgewerkschaft-bw.de\/index.php?rest_route=%2Fwp%2Fv2%2Fcategories&post=1878"},{"taxonomy":"post_tag","embeddable":true,"href":"https:\/\/www.betriebundgewerkschaft-bw.de\/index.php?rest_route=%2Fwp%2Fv2%2Ftags&post=1878"}],"curies":[{"name":"wp","href":"https:\/\/api.w.org\/{rel}","templated":true}]}}