{"id":1867,"date":"2019-08-20T14:43:16","date_gmt":"2019-08-20T12:43:16","guid":{"rendered":"https:\/\/www.betriebundgewerkschaft-bw.de\/?p=1867"},"modified":"2019-08-20T15:45:08","modified_gmt":"2019-08-20T13:45:08","slug":"abschaffung-des-solidaritaetszuschlags-die-propagandamachine-trommelt-und-die-oeffentliche-meinung-geht-ihr-auf-den-leim","status":"publish","type":"post","link":"https:\/\/www.betriebundgewerkschaft-bw.de\/?p=1867","title":{"rendered":"Abschaffung des Solidarit\u00e4tszuschlags: Die Propagandamachine trommelt und die &#8222;\u00f6ffentliche Meinung&#8220; geht ihr auf den Leim"},"content":{"rendered":"<p><strong>Millionen Fliegen k\u00f6nnen nicht irren . . .<\/strong><\/p>\n<p><em><strong>Alle \u00e4rgern sich ein wenig \u00fcber den &#8222;Soli&#8220;. Dementsprechend ist es naheliegend, dass der Ruf nach Abschaffung des Soli popul\u00e4r ist. Und so wundert es nicht, wenn eine eine online-Abstimmung von &#8222;Civey&#8220; eine massive Mehrheit f\u00fcr die Soli-Abschaffung zu Tage f\u00f6rdert:<\/strong><\/em><\/p>\n<p><img loading=\"lazy\" class=\"aligncenter size-full wp-image-1868\" src=\"https:\/\/www.betriebundgewerkschaft-bw.de\/wp-content\/uploads\/2019\/08\/Soli-Abschaffung_Umfrage.png\" alt=\"\" width=\"560\" height=\"311\" srcset=\"https:\/\/www.betriebundgewerkschaft-bw.de\/wp-content\/uploads\/2019\/08\/Soli-Abschaffung_Umfrage.png 560w, https:\/\/www.betriebundgewerkschaft-bw.de\/wp-content\/uploads\/2019\/08\/Soli-Abschaffung_Umfrage-250x139.png 250w\" sizes=\"(max-width: 560px) 100vw, 560px\" \/><\/p>\n<p>Allerdings bin ich davon \u00fcberzeut, dass die Abstimmung ganz anders ausfallen w\u00fcrde, wenn die Abstimmenden umf\u00e4nglich richtig \u00fcber den Soli informiert gewesen w\u00e4ren.<\/p>\n<p>Weiterlesen lohnt sich!<!--more--><\/p>\n<p>Insgsamt geht es um etwa 13 bis 14 Milliarden Euro j\u00e4hrlich, die der Staat kassiert, um den sogenannten &#8222;Aufbau Ost&#8220; voranzutreiben, wobei in den letzten Jahren auch Geld in die strukturschwachen Gebiete im Westen geflossen sind. Dabei blieben in der Summe auch noch knapp 70 Milliarden &#8222;\u00fcbrig&#8220;.<\/p>\n<div id=\"attachment_1869\" style=\"width: 575px\" class=\"wp-caption aligncenter\"><img aria-describedby=\"caption-attachment-1869\" loading=\"lazy\" class=\"size-large wp-image-1869\" src=\"https:\/\/www.betriebundgewerkschaft-bw.de\/wp-content\/uploads\/2019\/08\/solidarpakt-einnahmen-ausgaben-565x260.jpg\" alt=\"\" width=\"565\" height=\"260\" srcset=\"https:\/\/www.betriebundgewerkschaft-bw.de\/wp-content\/uploads\/2019\/08\/solidarpakt-einnahmen-ausgaben-565x260.jpg 565w, https:\/\/www.betriebundgewerkschaft-bw.de\/wp-content\/uploads\/2019\/08\/solidarpakt-einnahmen-ausgaben-250x115.jpg 250w, https:\/\/www.betriebundgewerkschaft-bw.de\/wp-content\/uploads\/2019\/08\/solidarpakt-einnahmen-ausgaben-768x353.jpg 768w, https:\/\/www.betriebundgewerkschaft-bw.de\/wp-content\/uploads\/2019\/08\/solidarpakt-einnahmen-ausgaben.jpg 1000w\" sizes=\"(max-width: 565px) 100vw, 565px\" \/><p id=\"caption-attachment-1869\" class=\"wp-caption-text\">69 Milliarden Euro \u00dcberschuss hat der Bund am Solidarit\u00e4tszuschlag zwischen 1995 und 2019 erzielt, weil die Soli-Einnahmen die Aufbau-Ost-Ausgaben \u00fcberstiegen.<\/p><\/div>\n<p>Beim Soli handelt es sich also erstmal um Geld, das einigerma\u00dfen sinnvoll investiert wird, \u00fcberwiegend auf jeden Fall nicht in R\u00fcstung oder in anderen sinnlosen Quatsch.<\/p>\n<blockquote><p><strong>Das eigentlich Erfreuliche am Soli aber ist, dass es die richtig Reichen richtig trifft. Eine echte Reichensteuer!<\/strong><\/p>\n<p>Stefan Dreher<\/p><\/blockquote>\n<p>Wenn man sich aber anschaut, woher diese 330 Milliarden gekommen sind, dann stellt man fest, dass die oberen 30 Prozent der Bev\u00f6lkerung 80 Prozent davon bezahlten, die oberen 10 Prozent der Bev\u00f6lkerung immer noch mehr als die H\u00e4lfte.<\/p>\n<p><img loading=\"lazy\" class=\"aligncenter size-large wp-image-1870\" src=\"https:\/\/www.betriebundgewerkschaft-bw.de\/wp-content\/uploads\/2019\/08\/Soli-Verteilung-546x400.png\" alt=\"\" width=\"546\" height=\"400\" srcset=\"https:\/\/www.betriebundgewerkschaft-bw.de\/wp-content\/uploads\/2019\/08\/Soli-Verteilung-546x400.png 546w, https:\/\/www.betriebundgewerkschaft-bw.de\/wp-content\/uploads\/2019\/08\/Soli-Verteilung-250x183.png 250w, https:\/\/www.betriebundgewerkschaft-bw.de\/wp-content\/uploads\/2019\/08\/Soli-Verteilung.png 560w\" sizes=\"(max-width: 546px) 100vw, 546px\" \/><\/p>\n<p>Somit ist der Soli zumindest in meinen Augen gerecht.<\/p>\n<p>Dementsprechend wundert es nicht, dass die FDP und andere Propagandamaschinen der Verm\u00f6genden f\u00fcr die Abschaffung des Soli besonders laut trommeln: Und die rechte Volksverdummungsmaschine &#8222;focus&#8220; bindet nat\u00fcrlich die &#8222;Civey&#8220;-Abstimmung in ihre Internetseiten ein.<\/p>\n<p>Der Bundesfinanzminister Olaf Scholz (SPD) will den Soli f\u00fcr die oberen 10 Prozent erhalten, ihn aber ansonsten abschaffen. Das ist doch mal eine Idee, die wir mehr als gut finden k\u00f6nnen, denn dann &#8222;trifft&#8220; es endlich mal nur die Richtigen.<\/p>\n<p>Der CDU-Bundesminister Altmaier (Wirtschaft und Energie), die AfD und wie erw\u00e4hnt die FDP allerdings wollen den Soli ganz abschaffen.<\/p>\n<p>Und Kolleginnen und Kollegen: Mal Hand aufs Herz: Ohne diesen Artikel hier gelesen zu haben: Wie h\u00e4ttet Ihr abgestimmt?<\/p>\n<div class=\"pdfprnt-buttons pdfprnt-buttons-post pdfprnt-bottom-right\"><a href=\"https:\/\/www.betriebundgewerkschaft-bw.de\/index.php?rest_route=wpv2posts1867&print=pdf\" class=\"pdfprnt-button pdfprnt-button-pdf\" target=\"_blank\"><img src=\"https:\/\/www.betriebundgewerkschaft-bw.de\/wp-content\/plugins\/pdf-print\/images\/pdf.png\" alt=\"image_pdf\" title=\"PDF anzeigen\" \/><\/a><a href=\"https:\/\/www.betriebundgewerkschaft-bw.de\/index.php?rest_route=wpv2posts1867&print=print\" class=\"pdfprnt-button pdfprnt-button-print\" target=\"_blank\"><img src=\"https:\/\/www.betriebundgewerkschaft-bw.de\/wp-content\/plugins\/pdf-print\/images\/print.png\" alt=\"image_print\" title=\"Inhalt drucken\" \/><\/a><\/div>","protected":false},"excerpt":{"rendered":"<p>Millionen Fliegen k\u00f6nnen nicht irren . . . Alle \u00e4rgern sich ein wenig \u00fcber den &#8222;Soli&#8220;. Dementsprechend ist es naheliegend, dass der Ruf nach Abschaffung des Soli popul\u00e4r ist. Und so wundert es nicht, wenn eine eine online-Abstimmung von &#8222;Civey&#8220; eine massive Mehrheit f\u00fcr die Soli-Abschaffung zu Tage f\u00f6rdert: Allerdings bin ich davon \u00fcberzeut, dass [&hellip;]<\/p>\n","protected":false},"author":13,"featured_media":0,"comment_status":"open","ping_status":"open","sticky":false,"template":"","format":"standard","meta":[],"categories":[107,1],"tags":[],"_links":{"self":[{"href":"https:\/\/www.betriebundgewerkschaft-bw.de\/index.php?rest_route=\/wp\/v2\/posts\/1867"}],"collection":[{"href":"https:\/\/www.betriebundgewerkschaft-bw.de\/index.php?rest_route=\/wp\/v2\/posts"}],"about":[{"href":"https:\/\/www.betriebundgewerkschaft-bw.de\/index.php?rest_route=\/wp\/v2\/types\/post"}],"author":[{"embeddable":true,"href":"https:\/\/www.betriebundgewerkschaft-bw.de\/index.php?rest_route=\/wp\/v2\/users\/13"}],"replies":[{"embeddable":true,"href":"https:\/\/www.betriebundgewerkschaft-bw.de\/index.php?rest_route=%2Fwp%2Fv2%2Fcomments&post=1867"}],"version-history":[{"count":2,"href":"https:\/\/www.betriebundgewerkschaft-bw.de\/index.php?rest_route=\/wp\/v2\/posts\/1867\/revisions"}],"predecessor-version":[{"id":1880,"href":"https:\/\/www.betriebundgewerkschaft-bw.de\/index.php?rest_route=\/wp\/v2\/posts\/1867\/revisions\/1880"}],"wp:attachment":[{"href":"https:\/\/www.betriebundgewerkschaft-bw.de\/index.php?rest_route=%2Fwp%2Fv2%2Fmedia&parent=1867"}],"wp:term":[{"taxonomy":"category","embeddable":true,"href":"https:\/\/www.betriebundgewerkschaft-bw.de\/index.php?rest_route=%2Fwp%2Fv2%2Fcategories&post=1867"},{"taxonomy":"post_tag","embeddable":true,"href":"https:\/\/www.betriebundgewerkschaft-bw.de\/index.php?rest_route=%2Fwp%2Fv2%2Ftags&post=1867"}],"curies":[{"name":"wp","href":"https:\/\/api.w.org\/{rel}","templated":true}]}}