{"id":1802,"date":"2019-08-13T12:46:32","date_gmt":"2019-08-13T10:46:32","guid":{"rendered":"https:\/\/www.betriebundgewerkschaft-bw.de\/?p=1802"},"modified":"2019-08-19T16:35:39","modified_gmt":"2019-08-19T14:35:39","slug":"bosbach-im-fr-interview-das-national-soziale-rentenkonzept-des-hoecke-fluegels","status":"publish","type":"post","link":"https:\/\/www.betriebundgewerkschaft-bw.de\/?p=1802","title":{"rendered":"Bosbach im FR-Interview: Das national-soziale Rentenkonzept des H\u00f6cke-Fl\u00fcgels"},"content":{"rendered":"\r\n<blockquote class=\"wp-block-quote\">\r\n<p>Mich erinnert das an die Taktik der Nationalsozialisten vor 1933. Mit sozialen Forderungen von Gewerkschaften und KPD, teilweise auch von Sozialdemokraten, wurden die Arbeiter gek\u00f6dert, und anschlie\u00dfend wurden Juden vergast, die Entwickler der sozialen Forderungen in den KZs get\u00f6tet und es wurde ein f\u00fcrchterlicher Weltkrieg entfesselt.<\/p>\r\n<cite>Gerd Bosbach<\/cite><\/blockquote>\r\n\r\n\r\n\r\n<p>Zum Artikel in der Frankfurter Rundschau : <a href=\"https:\/\/www.fr.de\/wirtschaft\/rentenkonzept-afd-national-soziale-anstrich-rechten-zr-12829626.html\">KLICK<\/a><br \/>Siehe auch \u00bb\u00dcber die AfD-Rentenkonzepte\u00abvon Stefan Dreher: <a href=\"https:\/\/www.betriebundgewerkschaft-bw.de\/ueber-die-afd-rentenkonzepte\/\" target=\"_blank\" rel=\"noreferrer noopener\" aria-label=\"KLICK (\u00f6ffnet in neuem Tab)\">KLICK<\/a><\/p>\r\n<div class=\"pdfprnt-buttons pdfprnt-buttons-post pdfprnt-bottom-right\"><a href=\"https:\/\/www.betriebundgewerkschaft-bw.de\/index.php?rest_route=wpv2posts1802&print=pdf\" class=\"pdfprnt-button pdfprnt-button-pdf\" target=\"_blank\"><img src=\"https:\/\/www.betriebundgewerkschaft-bw.de\/wp-content\/plugins\/pdf-print\/images\/pdf.png\" alt=\"image_pdf\" title=\"PDF anzeigen\" \/><\/a><a href=\"https:\/\/www.betriebundgewerkschaft-bw.de\/index.php?rest_route=wpv2posts1802&print=print\" class=\"pdfprnt-button pdfprnt-button-print\" target=\"_blank\"><img src=\"https:\/\/www.betriebundgewerkschaft-bw.de\/wp-content\/plugins\/pdf-print\/images\/print.png\" alt=\"image_print\" title=\"Inhalt drucken\" \/><\/a><\/div>","protected":false},"excerpt":{"rendered":"<p>Mich erinnert das an die Taktik der Nationalsozialisten vor 1933. Mit sozialen Forderungen von Gewerkschaften und KPD, teilweise auch von Sozialdemokraten, wurden die Arbeiter gek\u00f6dert, und anschlie\u00dfend wurden Juden vergast, die Entwickler der sozialen Forderungen in den KZs get\u00f6tet und es wurde ein f\u00fcrchterlicher Weltkrieg entfesselt. Gerd Bosbach Zum Artikel in der Frankfurter Rundschau : [&hellip;]<\/p>\n","protected":false},"author":13,"featured_media":0,"comment_status":"open","ping_status":"open","sticky":false,"template":"","format":"standard","meta":[],"categories":[1],"tags":[],"_links":{"self":[{"href":"https:\/\/www.betriebundgewerkschaft-bw.de\/index.php?rest_route=\/wp\/v2\/posts\/1802"}],"collection":[{"href":"https:\/\/www.betriebundgewerkschaft-bw.de\/index.php?rest_route=\/wp\/v2\/posts"}],"about":[{"href":"https:\/\/www.betriebundgewerkschaft-bw.de\/index.php?rest_route=\/wp\/v2\/types\/post"}],"author":[{"embeddable":true,"href":"https:\/\/www.betriebundgewerkschaft-bw.de\/index.php?rest_route=\/wp\/v2\/users\/13"}],"replies":[{"embeddable":true,"href":"https:\/\/www.betriebundgewerkschaft-bw.de\/index.php?rest_route=%2Fwp%2Fv2%2Fcomments&post=1802"}],"version-history":[{"count":6,"href":"https:\/\/www.betriebundgewerkschaft-bw.de\/index.php?rest_route=\/wp\/v2\/posts\/1802\/revisions"}],"predecessor-version":[{"id":1866,"href":"https:\/\/www.betriebundgewerkschaft-bw.de\/index.php?rest_route=\/wp\/v2\/posts\/1802\/revisions\/1866"}],"wp:attachment":[{"href":"https:\/\/www.betriebundgewerkschaft-bw.de\/index.php?rest_route=%2Fwp%2Fv2%2Fmedia&parent=1802"}],"wp:term":[{"taxonomy":"category","embeddable":true,"href":"https:\/\/www.betriebundgewerkschaft-bw.de\/index.php?rest_route=%2Fwp%2Fv2%2Fcategories&post=1802"},{"taxonomy":"post_tag","embeddable":true,"href":"https:\/\/www.betriebundgewerkschaft-bw.de\/index.php?rest_route=%2Fwp%2Fv2%2Ftags&post=1802"}],"curies":[{"name":"wp","href":"https:\/\/api.w.org\/{rel}","templated":true}]}}