{"id":1561,"date":"2018-12-07T12:07:51","date_gmt":"2018-12-07T10:07:51","guid":{"rendered":"https:\/\/www.betriebundgewerkschaft-bw.de\/?p=1561"},"modified":"2019-08-13T11:19:38","modified_gmt":"2019-08-13T09:19:38","slug":"verteilen-der-schoki-karten-in-ludwigsburg-foto-strecke","status":"publish","type":"post","link":"https:\/\/www.betriebundgewerkschaft-bw.de\/?p=1561","title":{"rendered":"Verteilen der Schoki-Karten in Ludwigsburg (Foto-Strecke)"},"content":{"rendered":"<p>Auch im KV Ludwigsburg gab es Aktionen. Z.B. in Marbach, im Bottwartal sowie in Bietigheim-Bissingen und Besigheim. Bei Pflegekr\u00e4ften am Krankenhaus, Einzelhandelskunden und nat\u00fcrlich den Einzelhandelsbesch\u00e4ftigten gab es sehr gro\u00dfen Zuspruch.<br \/>\nGru\u00df<br \/>\nWalter<\/p>\n<p><img loading=\"lazy\" class=\"alignnone size-large wp-image-1563\" src=\"https:\/\/www.betriebundgewerkschaft-bw.de\/wp-content\/uploads\/2018\/12\/image2-565x377.jpeg\" alt=\"\" width=\"565\" height=\"377\" srcset=\"https:\/\/www.betriebundgewerkschaft-bw.de\/wp-content\/uploads\/2018\/12\/image2-565x377.jpeg 565w, https:\/\/www.betriebundgewerkschaft-bw.de\/wp-content\/uploads\/2018\/12\/image2-250x167.jpeg 250w, https:\/\/www.betriebundgewerkschaft-bw.de\/wp-content\/uploads\/2018\/12\/image2-768x512.jpeg 768w, https:\/\/www.betriebundgewerkschaft-bw.de\/wp-content\/uploads\/2018\/12\/image2.jpeg 1280w\" sizes=\"(max-width: 565px) 100vw, 565px\" \/> <img loading=\"lazy\" class=\"alignnone size-large wp-image-1565\" src=\"https:\/\/www.betriebundgewerkschaft-bw.de\/wp-content\/uploads\/2018\/12\/image4-565x377.jpeg\" alt=\"\" width=\"565\" height=\"377\" srcset=\"https:\/\/www.betriebundgewerkschaft-bw.de\/wp-content\/uploads\/2018\/12\/image4-565x377.jpeg 565w, https:\/\/www.betriebundgewerkschaft-bw.de\/wp-content\/uploads\/2018\/12\/image4-250x167.jpeg 250w, https:\/\/www.betriebundgewerkschaft-bw.de\/wp-content\/uploads\/2018\/12\/image4-768x512.jpeg 768w, https:\/\/www.betriebundgewerkschaft-bw.de\/wp-content\/uploads\/2018\/12\/image4.jpeg 1280w\" sizes=\"(max-width: 565px) 100vw, 565px\" \/> <img loading=\"lazy\" class=\"alignnone size-full wp-image-1564\" src=\"https:\/\/www.betriebundgewerkschaft-bw.de\/wp-content\/uploads\/2018\/12\/image3.jpeg\" alt=\"\" width=\"405\" height=\"270\" srcset=\"https:\/\/www.betriebundgewerkschaft-bw.de\/wp-content\/uploads\/2018\/12\/image3.jpeg 405w, https:\/\/www.betriebundgewerkschaft-bw.de\/wp-content\/uploads\/2018\/12\/image3-250x167.jpeg 250w\" sizes=\"(max-width: 405px) 100vw, 405px\" \/> <img loading=\"lazy\" class=\"alignnone size-large wp-image-1562\" src=\"https:\/\/www.betriebundgewerkschaft-bw.de\/wp-content\/uploads\/2018\/12\/image1-565x377.jpeg\" alt=\"\" width=\"565\" height=\"377\" srcset=\"https:\/\/www.betriebundgewerkschaft-bw.de\/wp-content\/uploads\/2018\/12\/image1-565x377.jpeg 565w, https:\/\/www.betriebundgewerkschaft-bw.de\/wp-content\/uploads\/2018\/12\/image1-250x167.jpeg 250w, https:\/\/www.betriebundgewerkschaft-bw.de\/wp-content\/uploads\/2018\/12\/image1-768x512.jpeg 768w, https:\/\/www.betriebundgewerkschaft-bw.de\/wp-content\/uploads\/2018\/12\/image1.jpeg 1280w\" sizes=\"(max-width: 565px) 100vw, 565px\" \/><\/p>\n<div class=\"pdfprnt-buttons pdfprnt-buttons-post pdfprnt-bottom-right\"><a href=\"https:\/\/www.betriebundgewerkschaft-bw.de\/index.php?rest_route=wpv2posts1561&print=pdf\" class=\"pdfprnt-button pdfprnt-button-pdf\" target=\"_blank\"><img src=\"https:\/\/www.betriebundgewerkschaft-bw.de\/wp-content\/plugins\/pdf-print\/images\/pdf.png\" alt=\"image_pdf\" title=\"PDF anzeigen\" \/><\/a><a href=\"https:\/\/www.betriebundgewerkschaft-bw.de\/index.php?rest_route=wpv2posts1561&print=print\" class=\"pdfprnt-button pdfprnt-button-print\" target=\"_blank\"><img src=\"https:\/\/www.betriebundgewerkschaft-bw.de\/wp-content\/plugins\/pdf-print\/images\/print.png\" alt=\"image_print\" title=\"Inhalt drucken\" \/><\/a><\/div>","protected":false},"excerpt":{"rendered":"<p>Auch im KV Ludwigsburg gab es Aktionen. Z.B. in Marbach, im Bottwartal sowie in Bietigheim-Bissingen und Besigheim. Bei Pflegekr\u00e4ften am Krankenhaus, Einzelhandelskunden und nat\u00fcrlich den Einzelhandelsbesch\u00e4ftigten gab es sehr gro\u00dfen Zuspruch. Gru\u00df Walter<\/p>\n","protected":false},"author":13,"featured_media":0,"comment_status":"open","ping_status":"open","sticky":false,"template":"","format":"standard","meta":[],"categories":[107,1],"tags":[],"_links":{"self":[{"href":"https:\/\/www.betriebundgewerkschaft-bw.de\/index.php?rest_route=\/wp\/v2\/posts\/1561"}],"collection":[{"href":"https:\/\/www.betriebundgewerkschaft-bw.de\/index.php?rest_route=\/wp\/v2\/posts"}],"about":[{"href":"https:\/\/www.betriebundgewerkschaft-bw.de\/index.php?rest_route=\/wp\/v2\/types\/post"}],"author":[{"embeddable":true,"href":"https:\/\/www.betriebundgewerkschaft-bw.de\/index.php?rest_route=\/wp\/v2\/users\/13"}],"replies":[{"embeddable":true,"href":"https:\/\/www.betriebundgewerkschaft-bw.de\/index.php?rest_route=%2Fwp%2Fv2%2Fcomments&post=1561"}],"version-history":[{"count":2,"href":"https:\/\/www.betriebundgewerkschaft-bw.de\/index.php?rest_route=\/wp\/v2\/posts\/1561\/revisions"}],"predecessor-version":[{"id":1567,"href":"https:\/\/www.betriebundgewerkschaft-bw.de\/index.php?rest_route=\/wp\/v2\/posts\/1561\/revisions\/1567"}],"wp:attachment":[{"href":"https:\/\/www.betriebundgewerkschaft-bw.de\/index.php?rest_route=%2Fwp%2Fv2%2Fmedia&parent=1561"}],"wp:term":[{"taxonomy":"category","embeddable":true,"href":"https:\/\/www.betriebundgewerkschaft-bw.de\/index.php?rest_route=%2Fwp%2Fv2%2Fcategories&post=1561"},{"taxonomy":"post_tag","embeddable":true,"href":"https:\/\/www.betriebundgewerkschaft-bw.de\/index.php?rest_route=%2Fwp%2Fv2%2Ftags&post=1561"}],"curies":[{"name":"wp","href":"https:\/\/api.w.org\/{rel}","templated":true}]}}