{"id":1546,"date":"2018-12-07T13:00:33","date_gmt":"2018-12-07T11:00:33","guid":{"rendered":"https:\/\/www.betriebundgewerkschaft-bw.de\/?p=1546"},"modified":"2019-08-13T11:18:12","modified_gmt":"2019-08-13T09:18:12","slug":"stuttgarter-zeitung-verdi-fordert-fuer-verkaeufer-mehr-ruecksicht-6-dezember-2018","status":"publish","type":"post","link":"https:\/\/www.betriebundgewerkschaft-bw.de\/?p=1546","title":{"rendered":"Stuttgarter Zeitung: Verdi fordert f\u00fcr Verk\u00e4ufer mehr R\u00fccksicht (6. Dezember 2018)"},"content":{"rendered":"<p><strong>Aktion<\/strong><\/p>\n<p><em><strong>Gewerkschaft und Linke verweisen auf hohen Stress im Handel in der Weihnachtszeit.<\/strong><\/em><\/p>\n<p>Sowohl die Gewerkschaft Verdi als auch die Linkspartei in Baden-W\u00fcrttemberg weisen unabh\u00e4ngig voneinander auf die hohen Belastungen des Verkaufs- und Pflegepersonals in der Weihnachtszeit hin. Bei einer Solidarit\u00e4tsaktion will die Linkspartei &#8211; die im S\u00fcdwesten bei der letzten Bundestagswahl auf 6,4 Prozent kam &#8211; rund 9000 Schokoladentafeln sowie Infomaterial an Besch\u00e4ftigte verteilen.<\/p>\n<div id=\"attachment_1565\" style=\"width: 575px\" class=\"wp-caption alignnone\"><img aria-describedby=\"caption-attachment-1565\" loading=\"lazy\" class=\"wp-image-1565 size-large\" src=\"https:\/\/www.betriebundgewerkschaft-bw.de\/wp-content\/uploads\/2018\/12\/image4-565x377.jpeg\" alt=\"\" width=\"565\" height=\"377\" srcset=\"https:\/\/www.betriebundgewerkschaft-bw.de\/wp-content\/uploads\/2018\/12\/image4-565x377.jpeg 565w, https:\/\/www.betriebundgewerkschaft-bw.de\/wp-content\/uploads\/2018\/12\/image4-250x167.jpeg 250w, https:\/\/www.betriebundgewerkschaft-bw.de\/wp-content\/uploads\/2018\/12\/image4-768x512.jpeg 768w, https:\/\/www.betriebundgewerkschaft-bw.de\/wp-content\/uploads\/2018\/12\/image4.jpeg 1280w\" sizes=\"(max-width: 565px) 100vw, 565px\" \/><p id=\"caption-attachment-1565\" class=\"wp-caption-text\">Foto: DIE LINKE. Ludwigsburg<\/p><\/div>\n<p>\u201eW\u00e4hrend sich alle auf eine besinnliche Adventszeit freuen, haben Verk\u00e4uferinnen alle H\u00e4nde voll zu tun&#8220;, sagte Sahra Mirow, Landessprecherin der Linken. Ihr Einsatz spiegele sich auf dem Gehaltszettel nicht wider, \u00fcberdies werde im Einzelhandel oft mit unsicheren Vertr\u00e4gen gearbeitet.<\/p>\n<p>\u201eArbeit auf Abruf&#8220; geh\u00f6re sicher in die schlimmste Kategorie, da dort Arbeit je nach Arbeitsanfall vom Besch\u00e4ftigten abgerufen wird. Hier k\u00f6nnten die Besch\u00e4ftigten nur hoffen, dass sie am Ende des Monats genug Stunden zusammen haben, um die Miete zahlen zu k\u00f6nnen. Laut einer DGB-Studie von 2016 entf\u00e4llt zw\u00f6lf Prozent der Arbeit auf Abruf auf den Einzelhandel, auf den Gesundheits- und Sozialbereich entfallen sieben Prozent. Auch in der Pflege sei Stress ein Dauerthema.<\/p>\n<p>Bei Verdi wird betont, dass die Aktion mit der Gewerkschaft nicht abgesprochen sei, es sich aber um \u201eeine nette Geste&#8220; handele, wie Bernhard Franke, Landesfachbereichsleiter Handel bei Verdi, sagt. Ob es Arbeit auf Abruf gebe, sei bei jedem einzelnen Unternehmen gesondert zu betrachten.<\/p>\n<p>*************************<br \/>\n<em><strong>Kommentar: Eine nette Geste.<\/strong><\/em><br \/>\n<em>Ja, genau das planten wir: Eine nette Geste. Nicht weniger, aber auch nicht mehr. DIE LINKE ist keine Ersatzgewerkschaft und versteht sich auch nicht so. Aber als Partei ist es auch unsere Aufgabe, Gesetze einzubringen, die Arbeitsbedingungen besser machen oder die Ausgangssituationen f\u00fcr gewerkschaftliche K\u00e4mpfe verbessern. Und dementsprechend gilt, dass wir dagegenstimmen und skandalisieren, wenn sich das verschlechtert. Dabei sollte es nicht verboten sein, den direkt davon Betroffenen in eben jener &#8222;netten Geste&#8220; davon zu berichten. Das Motto &#8222;Tue Gutes und rede dar\u00fcber&#8220; ist auch f\u00fcr die Linke nicht verboten.<br \/>\n<\/em>Stefan Dreher <em>(Mitglied im Landessprecher*innenrat der AG Betrieb und Gewerkschaft)<br \/>\nBilder von der Herstellung der Schoki-Karten <a href=\"https:\/\/www.betriebundgewerkschaft-bw.de\/von-der-herstellung-der-schoki-karten-foto-strecke\/\">KLICK<\/a><br \/>\nBilder von Verteileaktionen in Ludwigsburg <a href=\"https:\/\/www.betriebundgewerkschaft-bw.de\/verteilen-der-schoki-karten-in-ludwigsburg-foto-strecke\/\">KLICK<\/a><br \/>\n<\/em>*************************<\/p>\n<p><!--more-->Tatsache sei die H\u00e4ufigkeit von Teilzeitbesch\u00e4ftigung, befristeten Arbeitsvertr\u00e4gen und die Kontingentierung von Arbeitsstunden im Einzelhandel. \u201eDie L\u00f6hne sind knapp bemessen und die Besch\u00e4ftigten in der Regel froh, wenn sie h\u00f6here Stundenkontingente einplanen k\u00f6nnen.&#8220;<\/p>\n<p>Bei Teilzeitarbeit sei die Planbarkeit f\u00fcr die Besch\u00e4ftigten gering. F\u00fcrs Weihnachtsgesch\u00e4ft, das f\u00fcr manche Unternehmen ein Viertel bis ein Drittel des Jahresumsatzes ausmache, werden oft auch Aushilfen eingestellt, etwa Rentner oder Hausfrauen. \u201eIn der Weihnachtszeit ist die Belastung f\u00fcrs Personal hoch. Von ihm wird Freundlichkeit erwartet, gleichzeitig werben wir um Verst\u00e4ndnis f\u00fcr die Besch\u00e4ftigten und bitten die Kunden, ihnen freundlich zu begegnen&#8220;, sagt Franke. Eine Verk\u00e4uferin (sechstes Berufsjahr) verdiene laut Tarif in Vollzeit 2579 Euro brutto. Aber wegen fehlender Tarifbindung l\u00e4gen viele der 300 000 im Verkauf t\u00e4tigen Personen im S\u00fcdwesten unter diesem Satz.<\/p>\n<p>******************************<\/p>\n<p>&nbsp;<\/p>\n<div class=\"pdfprnt-buttons pdfprnt-buttons-post pdfprnt-bottom-right\"><a href=\"https:\/\/www.betriebundgewerkschaft-bw.de\/index.php?rest_route=wpv2posts1546&print=pdf\" class=\"pdfprnt-button pdfprnt-button-pdf\" target=\"_blank\"><img src=\"https:\/\/www.betriebundgewerkschaft-bw.de\/wp-content\/plugins\/pdf-print\/images\/pdf.png\" alt=\"image_pdf\" title=\"PDF anzeigen\" \/><\/a><a href=\"https:\/\/www.betriebundgewerkschaft-bw.de\/index.php?rest_route=wpv2posts1546&print=print\" class=\"pdfprnt-button pdfprnt-button-print\" target=\"_blank\"><img src=\"https:\/\/www.betriebundgewerkschaft-bw.de\/wp-content\/plugins\/pdf-print\/images\/print.png\" alt=\"image_print\" title=\"Inhalt drucken\" \/><\/a><\/div>","protected":false},"excerpt":{"rendered":"<p>Aktion Gewerkschaft und Linke verweisen auf hohen Stress im Handel in der Weihnachtszeit. Sowohl die Gewerkschaft Verdi als auch die Linkspartei in Baden-W\u00fcrttemberg weisen unabh\u00e4ngig voneinander auf die hohen Belastungen des Verkaufs- und Pflegepersonals in der Weihnachtszeit hin. Bei einer Solidarit\u00e4tsaktion will die Linkspartei &#8211; die im S\u00fcdwesten bei der letzten Bundestagswahl auf 6,4 Prozent [&hellip;]<\/p>\n","protected":false},"author":13,"featured_media":0,"comment_status":"open","ping_status":"open","sticky":false,"template":"","format":"standard","meta":[],"categories":[107,1],"tags":[],"_links":{"self":[{"href":"https:\/\/www.betriebundgewerkschaft-bw.de\/index.php?rest_route=\/wp\/v2\/posts\/1546"}],"collection":[{"href":"https:\/\/www.betriebundgewerkschaft-bw.de\/index.php?rest_route=\/wp\/v2\/posts"}],"about":[{"href":"https:\/\/www.betriebundgewerkschaft-bw.de\/index.php?rest_route=\/wp\/v2\/types\/post"}],"author":[{"embeddable":true,"href":"https:\/\/www.betriebundgewerkschaft-bw.de\/index.php?rest_route=\/wp\/v2\/users\/13"}],"replies":[{"embeddable":true,"href":"https:\/\/www.betriebundgewerkschaft-bw.de\/index.php?rest_route=%2Fwp%2Fv2%2Fcomments&post=1546"}],"version-history":[{"count":4,"href":"https:\/\/www.betriebundgewerkschaft-bw.de\/index.php?rest_route=\/wp\/v2\/posts\/1546\/revisions"}],"predecessor-version":[{"id":1568,"href":"https:\/\/www.betriebundgewerkschaft-bw.de\/index.php?rest_route=\/wp\/v2\/posts\/1546\/revisions\/1568"}],"wp:attachment":[{"href":"https:\/\/www.betriebundgewerkschaft-bw.de\/index.php?rest_route=%2Fwp%2Fv2%2Fmedia&parent=1546"}],"wp:term":[{"taxonomy":"category","embeddable":true,"href":"https:\/\/www.betriebundgewerkschaft-bw.de\/index.php?rest_route=%2Fwp%2Fv2%2Fcategories&post=1546"},{"taxonomy":"post_tag","embeddable":true,"href":"https:\/\/www.betriebundgewerkschaft-bw.de\/index.php?rest_route=%2Fwp%2Fv2%2Ftags&post=1546"}],"curies":[{"name":"wp","href":"https:\/\/api.w.org\/{rel}","templated":true}]}}