{"id":1522,"date":"2018-07-18T12:09:35","date_gmt":"2018-07-18T10:09:35","guid":{"rendered":"https:\/\/www.betriebundgewerkschaft-bw.de\/?p=1522"},"modified":"2019-08-13T11:22:40","modified_gmt":"2019-08-13T09:22:40","slug":"arbeitgeber-wollen-tarifvertraege-in-der-pflege-verhindern","status":"publish","type":"post","link":"https:\/\/www.betriebundgewerkschaft-bw.de\/?p=1522","title":{"rendered":"Arbeitgeber wollen Tarifvertr\u00e4ge in der Pflege verhindern"},"content":{"rendered":"<p><strong>Pressemitteilung von Pia Zimmermann und Jutta Krellmann<a href=\"https:\/\/www.linksfraktion.de\/fileadmin\/user_upload\/Pressefotos\/pressefoto-jutta-krellmann.jpg\"><img loading=\"lazy\" class=\"alignleft\" src=\"https:\/\/www.linksfraktion.de\/fileadmin\/user_upload\/Pressefotos\/pressefoto-jutta-krellmann.jpg\" alt=\"\" width=\"150\" height=\"186\" \/><\/a><\/strong><\/p>\n<p>\u201eDer Vorsto\u00df von bpa-Cheflobbyist Br\u00fcderle ist eine Frechheit. Die private Pflegebranche treibt ein falsches Spiel. Anstatt die Arbeitsbedingungen ihrer Besch\u00e4ftigten zu verbessern, wird nur an die eigenen Profite gedacht. Das ist inakzeptabel. Die Bundesregierung darf nicht vor der Lobby einknicken. Wir brauchen endlich fl\u00e4chendeckend Tarifvertr\u00e4ge in der Pflege. DIE LINKE fordert schon lange: Gute Arbeit und gute L\u00f6hne in der Altenpflege m\u00fcssen Standard werden\u201c, erkl\u00e4rt Jutta Krellmann, Sprecherin f\u00fcr Mitbestimmung und Arbeit der Fraktion DIE LINKE. Die private Pflegelobby will fl\u00e4chendeckende Tarifl\u00f6hne verhindern. Damit stellt sie sich dem Gesundheitsminister entgegen, der sich heute f\u00fcr deutliche Gehaltssteigerungen in der Pflege ausgesprochen hat. Der Bundesverband privater Anbieter sozialer Dienste (bpa) hat den ehemalige Wirtschaftsminister Rainer Br\u00fcderle (FDP) als Cheflobbyisten ins Rennen geschickt. Dieser wirbt in einem Brief an die Bundestagsabgeordneten f\u00fcr sogenannte Arbeitszeitrichtlinien f\u00fcr die Besch\u00e4ftigten von ca. 10.000 Pflegeeinrichtungen, die der Verband vertritt. \u201eEs handelt sich um eine Mogelpackung, denn dem bpa geht es nicht ernsthaft darum, die Arbeitsbedingungen in der Pflege zu verbessern.\u201c<\/p>\n<p><img loading=\"lazy\" class=\"alignleft\" src=\"https:\/\/www.bundestag.de\/image\/524796\/3x4\/284\/379\/a36517310debe71958ce70feeb0a05f0\/ib\/zimmermann_pia_gross.jpg\" alt=\"\" width=\"150\" height=\"198\" \/>Pia Zimmermann, Sprecherin f\u00fcr Pflegepolitik der Fraktion DIE LINKE, erg\u00e4nzt: \u201eAngesichts des Pflegenotstands in Deutschland ist dieses Vorgehen v\u00f6llig unverst\u00e4ndlich. So findet man keine neuen Pflegekr\u00e4fte, so vergrault man die letzten, die noch da sind. Pflegekr\u00e4fte verlassen massenweise ihren Beruf und sollen hier mit Mindestlohn und Mindesturlaub abgespeist werden. Wir fordern ganz entschieden, dass die Arbeitsbedingungen und Geh\u00e4lter in der Altenpflege anst\u00e4ndig verbessert werden. Denn nur so kann der Pflegenotstand gestoppt werden.\u201c<\/p>\n<div class=\"pdfprnt-buttons pdfprnt-buttons-post pdfprnt-bottom-right\"><a href=\"https:\/\/www.betriebundgewerkschaft-bw.de\/index.php?rest_route=wpv2posts1522&print=pdf\" class=\"pdfprnt-button pdfprnt-button-pdf\" target=\"_blank\"><img src=\"https:\/\/www.betriebundgewerkschaft-bw.de\/wp-content\/plugins\/pdf-print\/images\/pdf.png\" alt=\"image_pdf\" title=\"PDF anzeigen\" \/><\/a><a href=\"https:\/\/www.betriebundgewerkschaft-bw.de\/index.php?rest_route=wpv2posts1522&print=print\" class=\"pdfprnt-button pdfprnt-button-print\" target=\"_blank\"><img src=\"https:\/\/www.betriebundgewerkschaft-bw.de\/wp-content\/plugins\/pdf-print\/images\/print.png\" alt=\"image_print\" title=\"Inhalt drucken\" \/><\/a><\/div>","protected":false},"excerpt":{"rendered":"<p>Pressemitteilung von Pia Zimmermann und Jutta Krellmann \u201eDer Vorsto\u00df von bpa-Cheflobbyist Br\u00fcderle ist eine Frechheit. Die private Pflegebranche treibt ein falsches Spiel. Anstatt die Arbeitsbedingungen ihrer Besch\u00e4ftigten zu verbessern, wird nur an die eigenen Profite gedacht. Das ist inakzeptabel. Die Bundesregierung darf nicht vor der Lobby einknicken. Wir brauchen endlich fl\u00e4chendeckend Tarifvertr\u00e4ge in der Pflege. [&hellip;]<\/p>\n","protected":false},"author":1,"featured_media":0,"comment_status":"open","ping_status":"open","sticky":false,"template":"","format":"standard","meta":[],"categories":[1],"tags":[],"_links":{"self":[{"href":"https:\/\/www.betriebundgewerkschaft-bw.de\/index.php?rest_route=\/wp\/v2\/posts\/1522"}],"collection":[{"href":"https:\/\/www.betriebundgewerkschaft-bw.de\/index.php?rest_route=\/wp\/v2\/posts"}],"about":[{"href":"https:\/\/www.betriebundgewerkschaft-bw.de\/index.php?rest_route=\/wp\/v2\/types\/post"}],"author":[{"embeddable":true,"href":"https:\/\/www.betriebundgewerkschaft-bw.de\/index.php?rest_route=\/wp\/v2\/users\/1"}],"replies":[{"embeddable":true,"href":"https:\/\/www.betriebundgewerkschaft-bw.de\/index.php?rest_route=%2Fwp%2Fv2%2Fcomments&post=1522"}],"version-history":[{"count":3,"href":"https:\/\/www.betriebundgewerkschaft-bw.de\/index.php?rest_route=\/wp\/v2\/posts\/1522\/revisions"}],"predecessor-version":[{"id":1525,"href":"https:\/\/www.betriebundgewerkschaft-bw.de\/index.php?rest_route=\/wp\/v2\/posts\/1522\/revisions\/1525"}],"wp:attachment":[{"href":"https:\/\/www.betriebundgewerkschaft-bw.de\/index.php?rest_route=%2Fwp%2Fv2%2Fmedia&parent=1522"}],"wp:term":[{"taxonomy":"category","embeddable":true,"href":"https:\/\/www.betriebundgewerkschaft-bw.de\/index.php?rest_route=%2Fwp%2Fv2%2Fcategories&post=1522"},{"taxonomy":"post_tag","embeddable":true,"href":"https:\/\/www.betriebundgewerkschaft-bw.de\/index.php?rest_route=%2Fwp%2Fv2%2Ftags&post=1522"}],"curies":[{"name":"wp","href":"https:\/\/api.w.org\/{rel}","templated":true}]}}