{"id":1517,"date":"2018-07-17T15:52:16","date_gmt":"2018-07-17T13:52:16","guid":{"rendered":"https:\/\/www.betriebundgewerkschaft-bw.de\/?p=1517"},"modified":"2019-08-13T11:27:44","modified_gmt":"2019-08-13T09:27:44","slug":"genug-gespahnt-email-aus-dem-karl-liebknecht-haus","status":"publish","type":"post","link":"https:\/\/www.betriebundgewerkschaft-bw.de\/?p=1517","title":{"rendered":"Genug Gespahnt! (eMail aus dem Karl-Liebknecht-Haus)"},"content":{"rendered":"<table>\n<tbody>\n<tr>\n<td>\n<table width=\"680\">\n<tbody>\n<tr>\n<td width=\"416\"><img loading=\"lazy\" class=\"alignnone size-large wp-image-1518\" src=\"https:\/\/www.betriebundgewerkschaft-bw.de\/wp-content\/uploads\/2018\/07\/Kampagnenmotiv-Mailing-565x113.png\" alt=\"\" width=\"565\" height=\"113\" srcset=\"https:\/\/www.betriebundgewerkschaft-bw.de\/wp-content\/uploads\/2018\/07\/Kampagnenmotiv-Mailing-565x113.png 565w, https:\/\/www.betriebundgewerkschaft-bw.de\/wp-content\/uploads\/2018\/07\/Kampagnenmotiv-Mailing-250x50.png 250w, https:\/\/www.betriebundgewerkschaft-bw.de\/wp-content\/uploads\/2018\/07\/Kampagnenmotiv-Mailing-768x154.png 768w, https:\/\/www.betriebundgewerkschaft-bw.de\/wp-content\/uploads\/2018\/07\/Kampagnenmotiv-Mailing.png 1593w\" sizes=\"(max-width: 565px) 100vw, 565px\" \/><\/td>\n<\/tr>\n<\/tbody>\n<\/table>\n<\/td>\n<\/tr>\n<\/tbody>\n<\/table>\n<p>&nbsp;<\/p>\n<p>Liebe Genossinnen und Genossen,<\/p>\n<p>gemeinsam haben wir den notwendigen politischen Druck auf Spahn &amp; Co. aufgebaut. Sie k\u00f6nnen den Pflegenotstand nicht mehr leugnen und reagieren nach einem Jahrzehnt der Ignoranz zum ersten Mal mit ersten Schritten in die richtige Richtung. Das ist ein Erfolg unseres breiten B\u00fcndnisses von Pflegerinnen und Pflegern, Aktivistinnen und Aktivisten und Gewerkschaften mit unserer Kampagne gegen den Pflegenotstand.<\/p>\n<p>Der Entwurf des sogenannten \u201ePflegepersonalst\u00e4rkungsgesetzes\u201c sieht Folgendes positives vor:<\/p>\n<ul>\n<li>Ab n\u00e4chstem Jahr sollen Krankenh\u00e4user zus\u00e4tzlich Geld bekommen, um dringend ben\u00f6tigte zus\u00e4tzliche Stellen zu finanzieren.<\/li>\n<li>Pflegepersonalkosten werden erstmalig wieder aus den Fallpauschalen (DRGs) herausgenommen und zu Selbstkosten finanziert. Ein erster richtiger Schritt weg von der Profitlogik.<\/li>\n<\/ul>\n<p><strong>Ohne den Druck auf Merkel und Spahn von links und der Besch\u00e4ftigten, die \u00fcberall im Land streiken und protestieren, w\u00e4re das nicht m\u00f6glich gewesen.<\/strong> <!--more-->Die T\u00fcr ist ein Spaltbreit ge\u00f6ffnet, lasst sie uns ganz aufsto\u00dfen! Spahn und Co. haben trotzdem nicht verstanden, was zur Bek\u00e4mpfung des Pflegenotstands n\u00f6tig ist. Wir finden deshalb Folgendes absolut unzureichend:<\/p>\n<ul>\n<li>Eine bedarfsgerechte Pflegepersonalbemessung ist im Gesetzesentwurf nicht vorgesehen.<\/li>\n<li>Der Personalschl\u00fcssel darf sich nicht an den am schlechtesten ausgestatteten Stationen orientieren.<\/li>\n<li>Die St\u00e4rkung qualifizierter Ausbildung im Pflegebereich findet nur ungen\u00fcgend statt.<\/li>\n<li>Die St\u00e4rkung der Altenpflege findet wenig Beachtung.<\/li>\n<\/ul>\n<p>Damit sich nicht wieder die Ignoranz der Politik vor den gesellschaftlichen Problemen durchsetzt: Jetzt nicht nachlassen!<\/p>\n<p>Daf\u00fcr haben wir ein <strong>Onlineaktionspaket <\/strong>f\u00fcr Dich vorbereitet, mit der Du unsere gemeinsamen Forderungen in den Sozialen Medien, aber auch auf der Stra\u00dfe verbreiten kannst.<\/p>\n<p>Hier findest Du eine<strong> <a href=\"https:\/\/archiv2017.die-linke.de\/index.php?id=19659&amp;rid=t_1447346&amp;mid=3654&amp;aC=2026f6c5&amp;jumpurl=1\">neue Kopiervorlage zur aktuellen Situation<\/a><\/strong> und die dazugeh\u00f6rige <strong><a href=\"https:\/\/archiv2017.die-linke.de\/index.php?id=19659&amp;rid=t_1447346&amp;mid=3654&amp;aC=2026f6c5&amp;jumpurl=2\">Druckvorlage<\/a><\/strong>, ein <strong><a href=\"https:\/\/archiv2017.die-linke.de\/index.php?id=19659&amp;rid=t_1447346&amp;mid=3654&amp;aC=2026f6c5&amp;jumpurl=3\">Share-Pic<\/a><\/strong> zum Teilen bei Facebook und Instagram, eine <strong><a href=\"https:\/\/archiv2017.die-linke.de\/index.php?id=19659&amp;rid=t_1447346&amp;mid=3654&amp;aC=2026f6c5&amp;jumpurl=4\">Muster-Pressemitteilung<\/a><\/strong> und hier noch mal<strong> <a href=\"https:\/\/archiv2017.die-linke.de\/index.php?id=19659&amp;rid=t_1447346&amp;mid=3654&amp;aC=2026f6c5&amp;jumpurl=5\">alles gesammelt im Download-Portal<\/a><\/strong>.<\/p>\n<p>Solidarische Gr\u00fc\u00dfe<\/p>\n<p>Malte und Christoph<br \/>\n(f\u00fcr das Kampagnenteam)<\/p>\n<p><strong>F\u00fcr Aktionen zum sogenannten &#8222;Pflegepersonalst\u00e4rkungsgesetz&#8220; <\/strong>stellen wir Dir zur Verf\u00fcgung:<\/p>\n<p>1) <strong>eine Text f\u00fcr \u00d6ffentlichkeitsarbeit <\/strong>als<strong> <a href=\"https:\/\/archiv2017.die-linke.de\/index.php?id=19659&amp;rid=t_1447346&amp;mid=3654&amp;aC=2026f6c5&amp;jumpurl=2\">Druckvorlage<\/a> <\/strong>und als <strong><a href=\"https:\/\/archiv2017.die-linke.de\/index.php?id=19659&amp;rid=t_1447346&amp;mid=3654&amp;aC=2026f6c5&amp;jumpurl=1\">Kopiervorlage<\/a> <\/strong><\/p>\n<p>2) eine <a href=\"https:\/\/archiv2017.die-linke.de\/index.php?id=19659&amp;rid=t_1447346&amp;mid=3654&amp;aC=2026f6c5&amp;jumpurl=4\"><strong>Muster-Pressemitteilung<\/strong><\/a> f\u00fcr begleitende Pressearbeit vor Ort<\/p>\n<p>3) ein <a href=\"https:\/\/archiv2017.die-linke.de\/index.php?id=19659&amp;rid=t_1447346&amp;mid=3654&amp;aC=2026f6c5&amp;jumpurl=3\"><strong>Share-Pic<\/strong><\/a> f\u00fcr Social-Media<\/p>\n<p>Alle Kampagnenmaterialien stehen Dir <a href=\"https:\/\/archiv2017.die-linke.de\/index.php?id=19659&amp;rid=t_1447346&amp;mid=3654&amp;aC=2026f6c5&amp;jumpurl=6\"><strong>gesammelt im Download-Portal<\/strong><\/a> zur Verf\u00fcgung.<\/p>\n<p>Aktionsblog jetzt online:<\/p>\n<p>auf unsere Kampagnenwebseite <a href=\"https:\/\/archiv2017.die-linke.de\/index.php?id=19659&amp;rid=t_1447346&amp;mid=3654&amp;aC=2026f6c5&amp;jumpurl=7\"><strong>www.pflegenotstand-stoppen.de<\/strong><\/a> findest Du ab sofort den Bereich <a href=\"https:\/\/archiv2017.die-linke.de\/index.php?id=19659&amp;rid=t_1447346&amp;mid=3654&amp;aC=2026f6c5&amp;jumpurl=8\"><strong>Aktionen<\/strong><\/a>. Dort berichten Aktivistinnen und Aktivisten \u00fcber ihre Erlebnisse und Erfahrungen, die sie mit der Kampagnenarbeit gemacht haben. Wir k\u00f6nnen alle viel voneinander lernen! Erfahrungsberichte \u00fcber Erfolge, aber auch Misserfolge sind f\u00fcr uns alle wertvolles Wissen. Wenn Du auch einen Beitrag hast, schreib uns eine Mail an: <a href=\"mailto:aktion@pflegenotstand-stoppen.de\"><strong>aktion@pflegenotstand-stoppen.de<\/strong><\/a><strong>&nbsp;<\/strong><\/p>\n<div class=\"pdfprnt-buttons pdfprnt-buttons-post pdfprnt-bottom-right\"><a href=\"https:\/\/www.betriebundgewerkschaft-bw.de\/index.php?rest_route=wpv2posts1517&print=pdf\" class=\"pdfprnt-button pdfprnt-button-pdf\" target=\"_blank\"><img src=\"https:\/\/www.betriebundgewerkschaft-bw.de\/wp-content\/plugins\/pdf-print\/images\/pdf.png\" alt=\"image_pdf\" title=\"PDF anzeigen\" \/><\/a><a href=\"https:\/\/www.betriebundgewerkschaft-bw.de\/index.php?rest_route=wpv2posts1517&print=print\" class=\"pdfprnt-button pdfprnt-button-print\" target=\"_blank\"><img src=\"https:\/\/www.betriebundgewerkschaft-bw.de\/wp-content\/plugins\/pdf-print\/images\/print.png\" alt=\"image_print\" title=\"Inhalt drucken\" \/><\/a><\/div>","protected":false},"excerpt":{"rendered":"<p>&nbsp; Liebe Genossinnen und Genossen, gemeinsam haben wir den notwendigen politischen Druck auf Spahn &amp; Co. aufgebaut. Sie k\u00f6nnen den Pflegenotstand nicht mehr leugnen und reagieren nach einem Jahrzehnt der Ignoranz zum ersten Mal mit ersten Schritten in die richtige Richtung. Das ist ein Erfolg unseres breiten B\u00fcndnisses von Pflegerinnen und Pflegern, Aktivistinnen und Aktivisten [&hellip;]<\/p>\n","protected":false},"author":1,"featured_media":0,"comment_status":"open","ping_status":"open","sticky":false,"template":"","format":"standard","meta":[],"categories":[107,1],"tags":[],"_links":{"self":[{"href":"https:\/\/www.betriebundgewerkschaft-bw.de\/index.php?rest_route=\/wp\/v2\/posts\/1517"}],"collection":[{"href":"https:\/\/www.betriebundgewerkschaft-bw.de\/index.php?rest_route=\/wp\/v2\/posts"}],"about":[{"href":"https:\/\/www.betriebundgewerkschaft-bw.de\/index.php?rest_route=\/wp\/v2\/types\/post"}],"author":[{"embeddable":true,"href":"https:\/\/www.betriebundgewerkschaft-bw.de\/index.php?rest_route=\/wp\/v2\/users\/1"}],"replies":[{"embeddable":true,"href":"https:\/\/www.betriebundgewerkschaft-bw.de\/index.php?rest_route=%2Fwp%2Fv2%2Fcomments&post=1517"}],"version-history":[{"count":2,"href":"https:\/\/www.betriebundgewerkschaft-bw.de\/index.php?rest_route=\/wp\/v2\/posts\/1517\/revisions"}],"predecessor-version":[{"id":1778,"href":"https:\/\/www.betriebundgewerkschaft-bw.de\/index.php?rest_route=\/wp\/v2\/posts\/1517\/revisions\/1778"}],"wp:attachment":[{"href":"https:\/\/www.betriebundgewerkschaft-bw.de\/index.php?rest_route=%2Fwp%2Fv2%2Fmedia&parent=1517"}],"wp:term":[{"taxonomy":"category","embeddable":true,"href":"https:\/\/www.betriebundgewerkschaft-bw.de\/index.php?rest_route=%2Fwp%2Fv2%2Fcategories&post=1517"},{"taxonomy":"post_tag","embeddable":true,"href":"https:\/\/www.betriebundgewerkschaft-bw.de\/index.php?rest_route=%2Fwp%2Fv2%2Ftags&post=1517"}],"curies":[{"name":"wp","href":"https:\/\/api.w.org\/{rel}","templated":true}]}}