{"id":1459,"date":"2018-07-03T11:47:54","date_gmt":"2018-07-03T09:47:54","guid":{"rendered":"https:\/\/www.betriebundgewerkschaft-bw.de\/?p=1459"},"modified":"2018-07-18T11:10:04","modified_gmt":"2018-07-18T09:10:04","slug":"jobvernichtung-bei-caro-kaffee-trotz-mega-gewinnen-bei-nestle","status":"publish","type":"post","link":"https:\/\/www.betriebundgewerkschaft-bw.de\/?p=1459","title":{"rendered":"Jobvernichtung bei Caro-Kaffee trotz Mega-Gewinnen bei Nestl\u00e9"},"content":{"rendered":"<p><img loading=\"lazy\" class=\"alignright size-large wp-image-1367\" src=\"https:\/\/www.betriebundgewerkschaft-bw.de\/wp-content\/uploads\/2017\/11\/Bernd_Riexinger-262x400.png\" alt=\"\" width=\"262\" height=\"400\" srcset=\"https:\/\/www.betriebundgewerkschaft-bw.de\/wp-content\/uploads\/2017\/11\/Bernd_Riexinger-262x400.png 262w, https:\/\/www.betriebundgewerkschaft-bw.de\/wp-content\/uploads\/2017\/11\/Bernd_Riexinger-197x300.png 197w, https:\/\/www.betriebundgewerkschaft-bw.de\/wp-content\/uploads\/2017\/11\/Bernd_Riexinger.png 594w\" sizes=\"(max-width: 262px) 100vw, 262px\" \/><\/p>\n<p>Der Nestl\u00e9-Konzern hat einen massiven Stellenabbau in Deutschland angek\u00fcndigt. Auch Caro-Kaffee in Ludwigsburg ger\u00e4t unter die R\u00e4der der Profitinteressen des Megakonzerns Nestl\u00e9 und soll als Standort komplett nach Portugal verlagert werden. Die Folge ist die Vernichtung von 100 Arbeitspl\u00e4tzen in Ludwigsburg. DIE LINKE. Baden-W\u00fcrttemberg erkl\u00e4rt sich solidarisch mit den Besch\u00e4ftigten in Ludwigsburg.<\/p>\n<p>Dazu erkl\u00e4rt\u00a0<b>Bernd Riexinger, Parteivorsitzender und MdB aus Stuttgart<\/b>:<\/p>\n<p><i>\u201eEs macht mich w\u00fctend, dass der Konzern Nestl\u00e9, der im letzten Jahr 6,2 Milliarden Euro Gewinn machte, jetzt hunderte Arbeitspl\u00e4tze platt machen will. Weil Hedgefonds-Manager eine Rendite von mehr als 18 Prozent abkassieren wollen, m\u00fcssen die Besch\u00e4<\/i><i>ftigten und ihre Familien um ihre Zukunft bangen.\u00a0<\/i><\/p>\n<p><i>Zu Recht wehren sich die Besch\u00e4ftigten von Caro-Kaffee in Ludwigsburg und die Gewerkschaft NGG gegen den angek\u00fcndigten Jobkahlschlag. Da hilft es auch nicht, dass die Vorstandsvorsitzende von Nestl\u00e9 Deutschland gestern bei einer Betriebsversammlung anwesend war und von \u201eschweren Herzen\u201c bei Nestl\u00e9 \u00fcber die Schlie\u00dfung von Caro-Kaffee gesprochen hat. In Wahrheit vollf\u00fchrt Nestl\u00e9 weltweit einen Raubtierkapitalismus f\u00fcr die Profitinteressen Einzelner auf Kosten von Besch\u00e4ftigten und Umwelt. Ich bin mit den Kolleg_innen in Ludwigsburg solidarisch und w\u00fcnsche ihnen in ihrem Kampf viel Erfolg.\u201c<\/i><\/p>\n<div class=\"pdfprnt-buttons pdfprnt-buttons-post pdfprnt-bottom-right\"><a href=\"https:\/\/www.betriebundgewerkschaft-bw.de\/index.php?rest_route=wpv2posts1459&print=pdf\" class=\"pdfprnt-button pdfprnt-button-pdf\" target=\"_blank\"><img src=\"https:\/\/www.betriebundgewerkschaft-bw.de\/wp-content\/plugins\/pdf-print\/images\/pdf.png\" alt=\"image_pdf\" title=\"PDF anzeigen\" \/><\/a><a href=\"https:\/\/www.betriebundgewerkschaft-bw.de\/index.php?rest_route=wpv2posts1459&print=print\" class=\"pdfprnt-button pdfprnt-button-print\" target=\"_blank\"><img src=\"https:\/\/www.betriebundgewerkschaft-bw.de\/wp-content\/plugins\/pdf-print\/images\/print.png\" alt=\"image_print\" title=\"Inhalt drucken\" \/><\/a><\/div>","protected":false},"excerpt":{"rendered":"<p>Der Nestl\u00e9-Konzern hat einen massiven Stellenabbau in Deutschland angek\u00fcndigt. Auch Caro-Kaffee in Ludwigsburg ger\u00e4t unter die R\u00e4der der Profitinteressen des Megakonzerns Nestl\u00e9 und soll als Standort komplett nach Portugal verlagert werden. Die Folge ist die Vernichtung von 100 Arbeitspl\u00e4tzen in Ludwigsburg. DIE LINKE. Baden-W\u00fcrttemberg erkl\u00e4rt sich solidarisch mit den Besch\u00e4ftigten in Ludwigsburg. Dazu erkl\u00e4rt\u00a0Bernd Riexinger, [&hellip;]<\/p>\n","protected":false},"author":1,"featured_media":0,"comment_status":"open","ping_status":"open","sticky":false,"template":"","format":"standard","meta":[],"categories":[1],"tags":[],"_links":{"self":[{"href":"https:\/\/www.betriebundgewerkschaft-bw.de\/index.php?rest_route=\/wp\/v2\/posts\/1459"}],"collection":[{"href":"https:\/\/www.betriebundgewerkschaft-bw.de\/index.php?rest_route=\/wp\/v2\/posts"}],"about":[{"href":"https:\/\/www.betriebundgewerkschaft-bw.de\/index.php?rest_route=\/wp\/v2\/types\/post"}],"author":[{"embeddable":true,"href":"https:\/\/www.betriebundgewerkschaft-bw.de\/index.php?rest_route=\/wp\/v2\/users\/1"}],"replies":[{"embeddable":true,"href":"https:\/\/www.betriebundgewerkschaft-bw.de\/index.php?rest_route=%2Fwp%2Fv2%2Fcomments&post=1459"}],"version-history":[{"count":1,"href":"https:\/\/www.betriebundgewerkschaft-bw.de\/index.php?rest_route=\/wp\/v2\/posts\/1459\/revisions"}],"predecessor-version":[{"id":1460,"href":"https:\/\/www.betriebundgewerkschaft-bw.de\/index.php?rest_route=\/wp\/v2\/posts\/1459\/revisions\/1460"}],"wp:attachment":[{"href":"https:\/\/www.betriebundgewerkschaft-bw.de\/index.php?rest_route=%2Fwp%2Fv2%2Fmedia&parent=1459"}],"wp:term":[{"taxonomy":"category","embeddable":true,"href":"https:\/\/www.betriebundgewerkschaft-bw.de\/index.php?rest_route=%2Fwp%2Fv2%2Fcategories&post=1459"},{"taxonomy":"post_tag","embeddable":true,"href":"https:\/\/www.betriebundgewerkschaft-bw.de\/index.php?rest_route=%2Fwp%2Fv2%2Ftags&post=1459"}],"curies":[{"name":"wp","href":"https:\/\/api.w.org\/{rel}","templated":true}]}}