{"id":1428,"date":"2018-01-16T11:55:49","date_gmt":"2018-01-16T09:55:49","guid":{"rendered":"https:\/\/www.betriebundgewerkschaft-bw.de\/?p=1428"},"modified":"2018-01-16T11:55:49","modified_gmt":"2018-01-16T09:55:49","slug":"ig-metall-bekraeftigt-streikbereitschaft","status":"publish","type":"post","link":"https:\/\/www.betriebundgewerkschaft-bw.de\/?p=1428","title":{"rendered":"IG Metall bekr\u00e4ftigt Streikbereitschaft"},"content":{"rendered":"<p>IG Metall-Chef J\u00f6rg Hofmann droht in der laufenden Tarifauseinandersetzung der Metall- und Elektroindustrie mit Streiks. Dazu erkl\u00e4rt Bernd Riexinger, Vorsitzender der Partei DIE LINKE:<\/p>\n<p>Ich begr\u00fc\u00dfe es sehr, wenn Deutschlands gr\u00f6\u00dfte Einzelgewerkschaft den Arbeitgebern Druck macht und sich neben einer \u00fcberf\u00e4lligen Lohnerh\u00f6hung auch f\u00fcr Arbeitszeitmodelle einsetzt, die es den Besch\u00e4ftigten erm\u00f6glichen, Leben und Arbeit in Einklang zu bringen.<\/p>\n<p>Die Auftragsb\u00fccher sind voll, die Unternehmen fahren gl\u00e4nzende Gewinne ein. Trotzdem schalten die Arbeitgeber auf stur und dr\u00fccken sich vor ihrer gesellschaftlichen Verantwortung. Wer sich die Taschen vollmacht und die Bed\u00fcrfnisse seiner Besch\u00e4ftigten ignoriert, darf sich nicht wundern, wenn er morgen vor verschlossen Werkstoren steht. Wer nicht h\u00f6ren will, muss f\u00fchlen. Ich kann nur hoffen, dass die Streiks die Arbeitgeber schnell zur Vernunft bringen werden.<\/p>\n<p>Mit der Forderung nach einer befristeten Arbeitszeitverk\u00fcrzung auf 28 Stunden setzt sich die IG Metall nicht nur f\u00fcr die Interessen der Besch\u00e4ftigten ein, die sich das wegen Schichtarbeit, Pflege oder Erziehung w\u00fcnschen, sondern stellt sich gleichzeitig den gro\u00dfen gesellschaftlichen Herausforderungen der Zukunft.<\/p>\n<p>DIE LINKE unterst\u00fctzt die Besch\u00e4ftigten und die IG Metall bei ihrem Kampf f\u00fcr gute Arbeitsbedingungen Metall- und Elektroindustrie. Im 21. Jahrhundert brauchen wir eine flexiblere und k\u00fcrzere Normalarbeitszeit, eine kurze Vollzeit, die um die 30-Stunden-Woche kreist. DIE LINKE k\u00e4mpft f\u00fcr Arbeitszeitverk\u00fcrzung bei vollem Lohn- und notwendigem Personalausgleich.<\/p>\n<div class=\"pdfprnt-buttons pdfprnt-buttons-post pdfprnt-bottom-right\"><a href=\"https:\/\/www.betriebundgewerkschaft-bw.de\/index.php?rest_route=wpv2posts1428&print=pdf\" class=\"pdfprnt-button pdfprnt-button-pdf\" target=\"_blank\"><img src=\"https:\/\/www.betriebundgewerkschaft-bw.de\/wp-content\/plugins\/pdf-print\/images\/pdf.png\" alt=\"image_pdf\" title=\"PDF anzeigen\" \/><\/a><a href=\"https:\/\/www.betriebundgewerkschaft-bw.de\/index.php?rest_route=wpv2posts1428&print=print\" class=\"pdfprnt-button pdfprnt-button-print\" target=\"_blank\"><img src=\"https:\/\/www.betriebundgewerkschaft-bw.de\/wp-content\/plugins\/pdf-print\/images\/print.png\" alt=\"image_print\" title=\"Inhalt drucken\" \/><\/a><\/div>","protected":false},"excerpt":{"rendered":"<p>IG Metall-Chef J\u00f6rg Hofmann droht in der laufenden Tarifauseinandersetzung der Metall- und Elektroindustrie mit Streiks. Dazu erkl\u00e4rt Bernd Riexinger, Vorsitzender der Partei DIE LINKE: Ich begr\u00fc\u00dfe es sehr, wenn Deutschlands gr\u00f6\u00dfte Einzelgewerkschaft den Arbeitgebern Druck macht und sich neben einer \u00fcberf\u00e4lligen Lohnerh\u00f6hung auch f\u00fcr Arbeitszeitmodelle einsetzt, die es den Besch\u00e4ftigten erm\u00f6glichen, Leben und Arbeit in [&hellip;]<\/p>\n","protected":false},"author":1,"featured_media":0,"comment_status":"open","ping_status":"open","sticky":false,"template":"","format":"standard","meta":[],"categories":[1],"tags":[],"_links":{"self":[{"href":"https:\/\/www.betriebundgewerkschaft-bw.de\/index.php?rest_route=\/wp\/v2\/posts\/1428"}],"collection":[{"href":"https:\/\/www.betriebundgewerkschaft-bw.de\/index.php?rest_route=\/wp\/v2\/posts"}],"about":[{"href":"https:\/\/www.betriebundgewerkschaft-bw.de\/index.php?rest_route=\/wp\/v2\/types\/post"}],"author":[{"embeddable":true,"href":"https:\/\/www.betriebundgewerkschaft-bw.de\/index.php?rest_route=\/wp\/v2\/users\/1"}],"replies":[{"embeddable":true,"href":"https:\/\/www.betriebundgewerkschaft-bw.de\/index.php?rest_route=%2Fwp%2Fv2%2Fcomments&post=1428"}],"version-history":[{"count":1,"href":"https:\/\/www.betriebundgewerkschaft-bw.de\/index.php?rest_route=\/wp\/v2\/posts\/1428\/revisions"}],"predecessor-version":[{"id":1429,"href":"https:\/\/www.betriebundgewerkschaft-bw.de\/index.php?rest_route=\/wp\/v2\/posts\/1428\/revisions\/1429"}],"wp:attachment":[{"href":"https:\/\/www.betriebundgewerkschaft-bw.de\/index.php?rest_route=%2Fwp%2Fv2%2Fmedia&parent=1428"}],"wp:term":[{"taxonomy":"category","embeddable":true,"href":"https:\/\/www.betriebundgewerkschaft-bw.de\/index.php?rest_route=%2Fwp%2Fv2%2Fcategories&post=1428"},{"taxonomy":"post_tag","embeddable":true,"href":"https:\/\/www.betriebundgewerkschaft-bw.de\/index.php?rest_route=%2Fwp%2Fv2%2Ftags&post=1428"}],"curies":[{"name":"wp","href":"https:\/\/api.w.org\/{rel}","templated":true}]}}