{"id":1413,"date":"2017-12-10T10:17:10","date_gmt":"2017-12-10T08:17:10","guid":{"rendered":"https:\/\/www.betriebundgewerkschaft-bw.de\/?p=1413"},"modified":"2017-12-10T10:17:26","modified_gmt":"2017-12-10T08:17:26","slug":"goekay-akbulut-general-electric-verantwortung-statt-profitmaximierung","status":"publish","type":"post","link":"https:\/\/www.betriebundgewerkschaft-bw.de\/?p=1413","title":{"rendered":"G\u00f6kay Akbulut: General Electric \u2013 Verantwortung statt Profitmaximierung"},"content":{"rendered":"<p><a href=\"https:\/\/i0.wp.com\/goekay-akbulut.com\/wp-content\/uploads\/2017\/12\/ge.png?w=1200\"><img loading=\"lazy\" class=\"alignleft \" src=\"https:\/\/i0.wp.com\/goekay-akbulut.com\/wp-content\/uploads\/2017\/12\/ge.png?w=1200\" width=\"239\" height=\"180\" \/><\/a>\u201eSchon wieder will General Electric Stellen in Mannheim streichen, und das, obwohl der Vorstandsvorsitzende Wulf noch im Fr\u00fchjahr weitere Streichungen ausgeschlossen hat. Das ist ein Schlag ins Gesicht der Besch\u00e4ftigten!\u201c, kommentiert G\u00f6kay Akbulut die heutige Ank\u00fcndigung von General Electric, erneut massiv Arbeitspl\u00e4tze am Mannheimer Standort abzubauen. Insgesamt will der Konzern 1.600 Arbeitspl\u00e4tze in Deutschland streichen. Mehrere Standorte sollen geschlossen werden. Dar\u00fcber hinaus ist die Auslagerung von bundesweit 350 Stellen, davon rund 90 aus Mannheim geplant.<\/p>\n<p>Die Mannheimer Abgeordnete weiter:<br \/>\n\u201eDamit gehen erneut viele wichtige Arbeitspl\u00e4tze in Mannheim und in der Region verloren. Die Stellenstreichungen bei General Electric sind zudem leider Ausdruck einer gr\u00f6\u00dferen Entwicklung, n\u00e4mlich der allm\u00e4hlichen Deindustrialisierung in der Region. <!--more-->Das hat nat\u00fcrlich konkrete Auswirkungen f\u00fcr die Menschen vor Ort. In Zeiten zunehmender sozialer Spaltung und Prekarisierung sendet die de-facto Betriebsschlie\u00dfung in Mannheim ein fatales Signal an die B\u00fcrgerinnen und B\u00fcrger. Ich fordere von General Electric deswegen den Erhalt des Standortes Mannheim und der Besch\u00e4ftigten. Es kann nicht sein, dass ein Unternehmen mit Milliardengewinnen hunderte von Besch\u00e4ftigten und ihre Familien einfach so vor das Nichts stellt. Und wof\u00fcr? Um die kurzfristigen Profitmargen zu erh\u00f6hen. Als LINKE Abgeordnete sage ich ganz klar, wir m\u00fcssen die Menschen endlich wieder vor die Profite stellen! Den Besch\u00e4ftigten, ihren Betriebsr\u00e4ten und der IG Metall Mannheim gilt meine vollste Unterst\u00fctzung und Solidarit\u00e4t in diesen schweren Stunden.\u201c<\/p>\n<div class=\"pdfprnt-buttons pdfprnt-buttons-post pdfprnt-bottom-right\"><a href=\"https:\/\/www.betriebundgewerkschaft-bw.de\/index.php?rest_route=wpv2posts1413&print=pdf\" class=\"pdfprnt-button pdfprnt-button-pdf\" target=\"_blank\"><img src=\"https:\/\/www.betriebundgewerkschaft-bw.de\/wp-content\/plugins\/pdf-print\/images\/pdf.png\" alt=\"image_pdf\" title=\"PDF anzeigen\" \/><\/a><a href=\"https:\/\/www.betriebundgewerkschaft-bw.de\/index.php?rest_route=wpv2posts1413&print=print\" class=\"pdfprnt-button pdfprnt-button-print\" target=\"_blank\"><img src=\"https:\/\/www.betriebundgewerkschaft-bw.de\/wp-content\/plugins\/pdf-print\/images\/print.png\" alt=\"image_print\" title=\"Inhalt drucken\" \/><\/a><\/div>","protected":false},"excerpt":{"rendered":"<p>\u201eSchon wieder will General Electric Stellen in Mannheim streichen, und das, obwohl der Vorstandsvorsitzende Wulf noch im Fr\u00fchjahr weitere Streichungen ausgeschlossen hat. Das ist ein Schlag ins Gesicht der Besch\u00e4ftigten!\u201c, kommentiert G\u00f6kay Akbulut die heutige Ank\u00fcndigung von General Electric, erneut massiv Arbeitspl\u00e4tze am Mannheimer Standort abzubauen. Insgesamt will der Konzern 1.600 Arbeitspl\u00e4tze in Deutschland streichen. [&hellip;]<\/p>\n","protected":false},"author":1,"featured_media":0,"comment_status":"open","ping_status":"open","sticky":false,"template":"","format":"standard","meta":[],"categories":[1],"tags":[],"_links":{"self":[{"href":"https:\/\/www.betriebundgewerkschaft-bw.de\/index.php?rest_route=\/wp\/v2\/posts\/1413"}],"collection":[{"href":"https:\/\/www.betriebundgewerkschaft-bw.de\/index.php?rest_route=\/wp\/v2\/posts"}],"about":[{"href":"https:\/\/www.betriebundgewerkschaft-bw.de\/index.php?rest_route=\/wp\/v2\/types\/post"}],"author":[{"embeddable":true,"href":"https:\/\/www.betriebundgewerkschaft-bw.de\/index.php?rest_route=\/wp\/v2\/users\/1"}],"replies":[{"embeddable":true,"href":"https:\/\/www.betriebundgewerkschaft-bw.de\/index.php?rest_route=%2Fwp%2Fv2%2Fcomments&post=1413"}],"version-history":[{"count":2,"href":"https:\/\/www.betriebundgewerkschaft-bw.de\/index.php?rest_route=\/wp\/v2\/posts\/1413\/revisions"}],"predecessor-version":[{"id":1415,"href":"https:\/\/www.betriebundgewerkschaft-bw.de\/index.php?rest_route=\/wp\/v2\/posts\/1413\/revisions\/1415"}],"wp:attachment":[{"href":"https:\/\/www.betriebundgewerkschaft-bw.de\/index.php?rest_route=%2Fwp%2Fv2%2Fmedia&parent=1413"}],"wp:term":[{"taxonomy":"category","embeddable":true,"href":"https:\/\/www.betriebundgewerkschaft-bw.de\/index.php?rest_route=%2Fwp%2Fv2%2Fcategories&post=1413"},{"taxonomy":"post_tag","embeddable":true,"href":"https:\/\/www.betriebundgewerkschaft-bw.de\/index.php?rest_route=%2Fwp%2Fv2%2Ftags&post=1413"}],"curies":[{"name":"wp","href":"https:\/\/api.w.org\/{rel}","templated":true}]}}