{"id":1406,"date":"2017-11-30T15:06:10","date_gmt":"2017-11-30T13:06:10","guid":{"rendered":"https:\/\/www.betriebundgewerkschaft-bw.de\/?p=1406"},"modified":"2017-11-30T15:06:10","modified_gmt":"2017-11-30T13:06:10","slug":"arbeitsmarkt-jubelmeldungen-sind-nicht-angebracht-von-sabine-zimmermann","status":"publish","type":"post","link":"https:\/\/www.betriebundgewerkschaft-bw.de\/?p=1406","title":{"rendered":"Arbeitsmarkt &#8211; Jubelmeldungen sind nicht angebracht (von Sabine Zimmermann)"},"content":{"rendered":"<div style=\"width: 168px\" class=\"wp-caption alignright\"><img loading=\"lazy\" src=\"https:\/\/www.linksfraktion.de\/fileadmin\/user_upload\/Pressefotos\/pressefoto-sabine-zimmermann.jpg\" alt=\"\" width=\"158\" height=\"197\" \/><p class=\"wp-caption-text\">Sabine Zimmermann, Arbeitsmarktexpertin der Fraktion DIE LINKE im Deutschen Bundestag<\/p><\/div>\n<p><strong>\u201eJubelmeldungen sind nicht angebracht. Deutlich mehr als zwei Millionen Menschen sind noch immer offiziell als erwerbslos registriert. Dazu kommen noch einmal rund eine Million Menschen, die aus der Statistik herausgerechnet werden, etwa weil sie in Ma\u00dfnahmen oder kurzfristig arbeitsunf\u00e4hig sind. Hunderttausende Langzeiterwerbslose, \u00c4ltere und Menschen mit Behinderungen haben kaum Jobperspektiven. Die scheidende und jetzt gesch\u00e4ftsf\u00fchrende Bundesregierung hat eindeutig versagt. Ihre Arbeitsmarktpolitik war und ist von Stillstand gepr\u00e4gt. Es muss endlich einen Kurswechsel geben. Dazu geh\u00f6rt der l\u00e4ngst \u00fcberf\u00e4llige Aufbau eines \u00f6ffentlich gef\u00f6rderten Besch\u00e4ftigungssektors mit existenzsichernden L\u00f6hnen und guten Arbeitsbedingungen\u201c, erkl\u00e4rt Sabine Zimmermann, stellvertretende Vorsitzende und Arbeitsmarktexpertin der Fraktion DIE LINKE, zum aktuellen Arbeitsmarktbericht der Bundesagentur f\u00fcr Arbeit. Zimmermann weiter:<\/strong><\/p>\n<p>\u201eDie Unt\u00e4tigkeit der Bundesregierung hat auch Auswirkungen auf die, die in Arbeit sind. 1,2 Millionen Erwerbst\u00e4tige m\u00fcssen ihr Einkommen mit erg\u00e4nzendem Hartz IV aufstocken. Mehr als jeder f\u00fcnfte Vollzeitbesch\u00e4ftigte arbeitet zu einem Niedriglohn. Unfreiwillige Teilzeit und Befristungen sind an der Tagesordnung. Es m\u00fcssen endlich die Rahmenbedingungen f\u00fcr gute Arbeit geschaffen werden. Der Mindestlohn muss auf zw\u00f6lf Euro erh\u00f6ht und Leiharbeit verboten werden. Ein R\u00fcckkehrrecht in Vollzeit muss endlich eingef\u00fchrt werden und sachgrundlose Befristungen d\u00fcrfen nicht l\u00e4nger m\u00f6glich sein.\u201c<\/p>\n<div class=\"pdfprnt-buttons pdfprnt-buttons-post pdfprnt-bottom-right\"><a href=\"https:\/\/www.betriebundgewerkschaft-bw.de\/index.php?rest_route=wpv2posts1406&print=pdf\" class=\"pdfprnt-button pdfprnt-button-pdf\" target=\"_blank\"><img src=\"https:\/\/www.betriebundgewerkschaft-bw.de\/wp-content\/plugins\/pdf-print\/images\/pdf.png\" alt=\"image_pdf\" title=\"PDF anzeigen\" \/><\/a><a href=\"https:\/\/www.betriebundgewerkschaft-bw.de\/index.php?rest_route=wpv2posts1406&print=print\" class=\"pdfprnt-button pdfprnt-button-print\" target=\"_blank\"><img src=\"https:\/\/www.betriebundgewerkschaft-bw.de\/wp-content\/plugins\/pdf-print\/images\/print.png\" alt=\"image_print\" title=\"Inhalt drucken\" \/><\/a><\/div>","protected":false},"excerpt":{"rendered":"<p>\u201eJubelmeldungen sind nicht angebracht. Deutlich mehr als zwei Millionen Menschen sind noch immer offiziell als erwerbslos registriert. Dazu kommen noch einmal rund eine Million Menschen, die aus der Statistik herausgerechnet werden, etwa weil sie in Ma\u00dfnahmen oder kurzfristig arbeitsunf\u00e4hig sind. Hunderttausende Langzeiterwerbslose, \u00c4ltere und Menschen mit Behinderungen haben kaum Jobperspektiven. Die scheidende und jetzt gesch\u00e4ftsf\u00fchrende [&hellip;]<\/p>\n","protected":false},"author":1,"featured_media":0,"comment_status":"open","ping_status":"open","sticky":false,"template":"","format":"standard","meta":[],"categories":[1],"tags":[],"_links":{"self":[{"href":"https:\/\/www.betriebundgewerkschaft-bw.de\/index.php?rest_route=\/wp\/v2\/posts\/1406"}],"collection":[{"href":"https:\/\/www.betriebundgewerkschaft-bw.de\/index.php?rest_route=\/wp\/v2\/posts"}],"about":[{"href":"https:\/\/www.betriebundgewerkschaft-bw.de\/index.php?rest_route=\/wp\/v2\/types\/post"}],"author":[{"embeddable":true,"href":"https:\/\/www.betriebundgewerkschaft-bw.de\/index.php?rest_route=\/wp\/v2\/users\/1"}],"replies":[{"embeddable":true,"href":"https:\/\/www.betriebundgewerkschaft-bw.de\/index.php?rest_route=%2Fwp%2Fv2%2Fcomments&post=1406"}],"version-history":[{"count":1,"href":"https:\/\/www.betriebundgewerkschaft-bw.de\/index.php?rest_route=\/wp\/v2\/posts\/1406\/revisions"}],"predecessor-version":[{"id":1409,"href":"https:\/\/www.betriebundgewerkschaft-bw.de\/index.php?rest_route=\/wp\/v2\/posts\/1406\/revisions\/1409"}],"wp:attachment":[{"href":"https:\/\/www.betriebundgewerkschaft-bw.de\/index.php?rest_route=%2Fwp%2Fv2%2Fmedia&parent=1406"}],"wp:term":[{"taxonomy":"category","embeddable":true,"href":"https:\/\/www.betriebundgewerkschaft-bw.de\/index.php?rest_route=%2Fwp%2Fv2%2Fcategories&post=1406"},{"taxonomy":"post_tag","embeddable":true,"href":"https:\/\/www.betriebundgewerkschaft-bw.de\/index.php?rest_route=%2Fwp%2Fv2%2Ftags&post=1406"}],"curies":[{"name":"wp","href":"https:\/\/api.w.org\/{rel}","templated":true}]}}