{"id":126,"date":"2011-05-27T11:11:14","date_gmt":"2011-05-27T09:11:14","guid":{"rendered":"https:\/\/www.betriebundgewerkschaft-bw.de\/?p=126"},"modified":"2011-08-15T11:03:47","modified_gmt":"2011-08-15T09:03:47","slug":"tarifeinheit-keine-mehrheit-fur-gesetzliche-regelung-der-friedenspflicht","status":"publish","type":"post","link":"https:\/\/www.betriebundgewerkschaft-bw.de\/?p=126","title":{"rendered":"Tarifeinheit &#8211; Keine Mehrheit f\u00fcr gesetzliche Regelung der Friedenspflicht"},"content":{"rendered":"<p>25.05.2011<br \/>\n<strong>Der Gewerkschaftsrat der Vereinten Dienstleistungsgewerkschaft (ver.di) hat in seiner Sitzung am Mittwoch beschlossen, die gemeinsame Tarifeinheitsinitiative von DGB und BDA nicht l\u00e4nger mitzutragen und zu unterst\u00fctzen.<\/strong><br \/>\n<!--more--><br \/>\nDer Gewerkschaftsrat hatte im September 2010 beschlossen, dass die gemeinsame DGB\/BDA-Initiative bei sorgf\u00e4ltiger Abw\u00e4gung der Vor- und Nachteile zum Gegenstand einer breiten Diskussion in ver.di gemacht werden sollte. Mittlerweile liegen die im Vorfeld des ver.di-Bundeskongresses erfolgten Beschlussfassungen der Landesbezirks-,der Fachbereichs- und der Personengruppenkonferenzen vor. Danach lehnt eine Mehrheit der Delegierten erkennbar jede gesetzliche Regelung der Friedenspflicht &#8211; und zwar auch eine, die in F\u00e4llen sich \u00fcberschneidender Tarifvertr\u00e4ge verschiedener Gewerkschaften die Tarifeinheit auf dem Boden des Mehrheitsprinzips herstellen w\u00fcrde &#8211; grunds\u00e4tzlich ab.<\/p>\n<p>Der Gewerkschaftsrat bekr\u00e4ftigte zugleich, dass der Grundsatz der Tarifeinheit f\u00fcr ver.di seinen hohen Stellenwert f\u00fcr die Gew\u00e4hrleistung einer solidarischen und einheitlichen Interessenvertretung aller Besch\u00e4ftigten in den Betrieben und Dienststellen beh\u00e4lt. Tarifeinheit begrenzt die Konkurrenz, sichert die Durchsetzungsf\u00e4higkeit der Belegschaften und f\u00f6rdert die gesellschaftliche Akzeptanz der<br \/>\nTarifautonomie. &#8222;Eine fortschreitende tarifliche Zersplitterung w\u00e4re fatal, weil den Schw\u00e4cheren die Solidarit\u00e4t der St\u00e4rkeren verweigert w\u00fcrde. Grundsatz der Tarifpolitik muss die einheitliche Vertretung aller Besch\u00e4ftigten im Betrieb sein&#8220;, betonte der ver.di-Vorsitzende Frank Bsirske.<\/p>\n<p>Wie vom Gewerkschaftsrat beschlossen, werde daher die Diskussion fortgef\u00fchrt, welche organisations-, betriebs- und tarifpolitischen Handlungsoptionen zu einer Herstellung beziehungsweise Sicherung der Tarifeinheit in den Branchen und Betrieben bestehen, in denen konkurrierende Berufsgruppen-<br \/>\ngewerkschaften eigenst\u00e4ndige Tarifvertr\u00e4ge abschlie\u00dfn beziehungsweise in denen eine entsprechende Entwicklung zuk\u00fcnftig droht.<\/p>\n<p>ver.di wird nun f\u00fcr die n\u00e4chste DGB-Bundesvorstandssitzung einen entsprechenden Antrag einbringen, mit dem der DGB-Bundesvorstand aufgefordert wird, ebenfalls eine gesetzliche Regelung der Tarifeinheit nicht mehr anzustreben.<\/p>\n<p>Herausgeber:<\/p>\n<p>Christoph Schmitz<br \/>\nver.di-Bundesvorstand<br \/>\nPaula-Thiede-Ufer 10<br \/>\n10179 Berlin<br \/>\nTel.: 030\/6956-1011 bzw. -1012<br \/>\nFax: 030\/6956-3001<br \/>\nE-Mail: <a href=\"mailto:pressestelle@verdi.de\">pressestelle@verdi.de<\/a><\/p>\n<p><a href=\"https:\/\/presse.verdi.de\/pressemitteilungen\/showNews?id=be0ff2f4-86b4-11e0-6aba-001ec9b03e44\">https:\/\/presse.verdi.de\/pressemitteilungen\/showNews?id=be0ff2f4-86b4-11e0-6aba-001ec9b03e44<\/a><\/p>\n<div class=\"pdfprnt-buttons pdfprnt-buttons-post pdfprnt-bottom-right\"><a href=\"https:\/\/www.betriebundgewerkschaft-bw.de\/index.php?rest_route=wpv2posts126&print=pdf\" class=\"pdfprnt-button pdfprnt-button-pdf\" target=\"_blank\"><img src=\"https:\/\/www.betriebundgewerkschaft-bw.de\/wp-content\/plugins\/pdf-print\/images\/pdf.png\" alt=\"image_pdf\" title=\"PDF anzeigen\" \/><\/a><a href=\"https:\/\/www.betriebundgewerkschaft-bw.de\/index.php?rest_route=wpv2posts126&print=print\" class=\"pdfprnt-button pdfprnt-button-print\" target=\"_blank\"><img src=\"https:\/\/www.betriebundgewerkschaft-bw.de\/wp-content\/plugins\/pdf-print\/images\/print.png\" alt=\"image_print\" title=\"Inhalt drucken\" \/><\/a><\/div>","protected":false},"excerpt":{"rendered":"<p>25.05.2011 Der Gewerkschaftsrat der Vereinten Dienstleistungsgewerkschaft (ver.di) hat in seiner Sitzung am Mittwoch beschlossen, die gemeinsame Tarifeinheitsinitiative von DGB und BDA nicht l\u00e4nger mitzutragen und zu unterst\u00fctzen.<\/p>\n","protected":false},"author":1,"featured_media":0,"comment_status":"open","ping_status":"open","sticky":false,"template":"","format":"standard","meta":[],"categories":[1],"tags":[],"_links":{"self":[{"href":"https:\/\/www.betriebundgewerkschaft-bw.de\/index.php?rest_route=\/wp\/v2\/posts\/126"}],"collection":[{"href":"https:\/\/www.betriebundgewerkschaft-bw.de\/index.php?rest_route=\/wp\/v2\/posts"}],"about":[{"href":"https:\/\/www.betriebundgewerkschaft-bw.de\/index.php?rest_route=\/wp\/v2\/types\/post"}],"author":[{"embeddable":true,"href":"https:\/\/www.betriebundgewerkschaft-bw.de\/index.php?rest_route=\/wp\/v2\/users\/1"}],"replies":[{"embeddable":true,"href":"https:\/\/www.betriebundgewerkschaft-bw.de\/index.php?rest_route=%2Fwp%2Fv2%2Fcomments&post=126"}],"version-history":[{"count":6,"href":"https:\/\/www.betriebundgewerkschaft-bw.de\/index.php?rest_route=\/wp\/v2\/posts\/126\/revisions"}],"predecessor-version":[{"id":128,"href":"https:\/\/www.betriebundgewerkschaft-bw.de\/index.php?rest_route=\/wp\/v2\/posts\/126\/revisions\/128"}],"wp:attachment":[{"href":"https:\/\/www.betriebundgewerkschaft-bw.de\/index.php?rest_route=%2Fwp%2Fv2%2Fmedia&parent=126"}],"wp:term":[{"taxonomy":"category","embeddable":true,"href":"https:\/\/www.betriebundgewerkschaft-bw.de\/index.php?rest_route=%2Fwp%2Fv2%2Fcategories&post=126"},{"taxonomy":"post_tag","embeddable":true,"href":"https:\/\/www.betriebundgewerkschaft-bw.de\/index.php?rest_route=%2Fwp%2Fv2%2Ftags&post=126"}],"curies":[{"name":"wp","href":"https:\/\/api.w.org\/{rel}","templated":true}]}}